{"id":110710,"date":"2022-07-10T13:39:03","date_gmt":"2022-07-10T16:39:03","guid":{"rendered":"https:\/\/grandepremio.com\/br\/noticias\/fernando-alonso-reclama10o-austria-apos-6o-lugar-perdido-mais-8-pontos-lixo\/"},"modified":"2022-07-10T14:09:17","modified_gmt":"2022-07-10T17:09:17","slug":"fernando-alonso-reclama10o-austria-apos-6o-lugar-perdido-mais-8-pontos-lixo","status":"publish","type":"post","link":"https:\/\/grandepremio.com\/br\/f1\/fernando-alonso-reclama10o-austria-apos-6o-lugar-perdido-mais-8-pontos-lixo\/","title":{"rendered":"Alonso reclama de 10\u00ba na \u00c1ustria ap\u00f3s &#8220;6\u00ba lugar perdido&#8221;: &#8220;Mais 8 pontos no lixo&#8221;"},"content":{"rendered":"\n<figure class=\"wp-block-embed is-type-video is-provider-youtube wp-block-embed-youtube wp-embed-aspect-16-9 wp-has-aspect-ratio\"><div class=\"wp-block-embed__wrapper\">\n<iframe loading=\"lazy\" title=\"F1 2022: LECLERC VENCE GP DA \u00c1USTRIA COM 3 ULTRAPASSAGENS SOBRE VERSTAPPEN  | Briefing\" width=\"500\" height=\"281\" src=\"https:\/\/www.youtube.com\/embed\/YbUDNhY9XF0?feature=oembed\" frameborder=\"0\" allow=\"accelerometer; autoplay; clipboard-write; encrypted-media; gyroscope; picture-in-picture; web-share\" referrerpolicy=\"strict-origin-when-cross-origin\" allowfullscreen><\/iframe>\n<\/div><\/figure>\n\n\n\n<p class=\"wp-block-paragraph\">Nem a sexta corrida seguida nos pontos \u2014 exceto a sprint race que definiu o grid de largada <a href=\"https:\/\/www.grandepremio.com\/br\/f1\/noticias\/charles-leclerc-pede-musica-tres-ultrapassagens-max-verstappen-vence-austria-formula-1\/\" class=\"ek-link\">para o GP da \u00c1ustria deste domingo (10)<\/a>, em que teve uma s\u00e9rie de problemas desde a largada e ficou com o 19\u00ba lugar \u2014 deixou Fernando Alonso satisfeito. O piloto da Alpine cruzou a linha de chegada em d\u00e9cimo, mas saiu do Red Bull Ring bastante contrariado com os problemas com os pneus que o fizeram, em suas palavras, jogar &#8220;oito pontos no lixo&#8221;.<\/p>\n\n\n\n<p class=\"wp-block-paragraph\">Alonso teve uma boa performance empurrado pelo desempenho forte da Alpine e n\u00e3o teve dificuldades para escalar o pelot\u00e3o. Na volta 17, ele j\u00e1 aparecia entre os dez, mostrando que a corrida austr\u00edaca seria mais uma \u00f3tima oportunidade de pontuar. Nas voltas finais, ele chegou a estar entre os seis primeiros.<\/p>\n\n\n\n<p class=\"wp-block-paragraph\"><strong><strong>\u25b6\ufe0f\u00a0Inscreva-se nos dois canais do GRANDE PR\u00caMIO no YouTube:\u00a0<a href=\"https:\/\/www.youtube.com\/channel\/UC9OlHEgxoaY6QY6nWPoiqQg?sub_confirmation=1\" target=\"_blank\" rel=\"noreferrer noopener\">GP<\/a>\u00a0|\u00a0<a href=\"https:\/\/www.youtube.com\/channel\/UC9csiS6q_C3C0FYhyr1rnFA?sub_confirmation=1\" target=\"_blank\" rel=\"noreferrer noopener\">GP2<\/a><\/strong><br><strong>\u25b6\ufe0f\u00a0<a href=\"https:\/\/www.twitch.tv\/grandepremio\" target=\"_blank\" rel=\"noreferrer noopener\">Conhe\u00e7a o canal do GRANDE PR\u00caMIO na Twitch clicando aqui!<\/a><\/strong><\/strong><\/p>\n\n\n\n<figure class=\"wp-block-image size-full\"><img decoding=\"async\" src=\"https:\/\/www.grandepremio.com\/br\/wp-content\/uploads\/2022\/07\/alpine-fernandoalonso-01-6.jpg\" alt=\"\" class=\"wp-image-594774\"\/><figcaption>Fernando Alonso n\u00e3o gostou de ter somado apenas um ponto na \u00c1ustria (Foto: Alpine)<\/figcaption><\/figure>\n\n\n\n<p class=\"wp-block-paragraph\">&#8220;Eu estava em sexto. Precisei parar duas vezes no fim. De sexto, ca\u00ed para d\u00e9cimo. Mais oito pontos no lixo&#8221;, lamentou um frustrado Alonso. &#8220;Acho que foi a roda atr\u00e1s, mas eu tive uma vibra\u00e7\u00e3o enorme com aquele set de pneus. Tivemos de ver o que acontecia, ent\u00e3o precisei parar novamente&#8221;, explicou.<\/p>\n\n\n\n<p class=\"wp-block-paragraph\">&#8220;Eu estava em 14\u00ba e, em vez de terminar em oitavo, termino em d\u00e9cimo \u2014 com chances de ser sexto. Os pontos ainda nos evitam, mas ao menos foi divertido&#8221;, completou Alonso, que apesar dos contratempos, somou mais um ponto e chegou a 29. Ele \u00e9 o d\u00e9cimo colocado na classifica\u00e7\u00e3o.<\/p>\n","protected":false},"excerpt":{"rendered":"<p>Fernando Alonso chegou a estar em sexto, mas precisou parar nos boxes nas voltas finais do GP da \u00c1ustria e cruzou a linha de chegada apenas em d\u00e9cimo, somando um ponto<\/p>\n","protected":false},"author":0,"featured_media":1000594373,"comment_status":"closed","ping_status":"closed","sticky":false,"template":"","format":"standard","meta":{"42wp_featured_image_caption":"","42wp_featured_image_credits":"","42wp_featured_video":"","42wp_featured_image_hidden":false,"42wp_authors_list":[],"footnotes":""},"categories":[2],"tags":[20491,1357,176,24837,24888,2646,30986],"42wp_author":[47147],"class_list":["post-110710","post","type-post","status-publish","format-standard","has-post-thumbnail","hentry","category-f1","tag-alpine","tag-f1-2022","tag-fernando-alonso","tag-formula-1-2","tag-gp-da-austria-2","tag-pontos","tag-temporada-2022-f1","42wp_author-luana-marino"],"_links":{"self":[{"href":"https:\/\/grandepremio.com\/br\/wp-json\/wp\/v2\/posts\/110710","targetHints":{"allow":["GET"]}}],"collection":[{"href":"https:\/\/grandepremio.com\/br\/wp-json\/wp\/v2\/posts"}],"about":[{"href":"https:\/\/grandepremio.com\/br\/wp-json\/wp\/v2\/types\/post"}],"replies":[{"embeddable":true,"href":"https:\/\/grandepremio.com\/br\/wp-json\/wp\/v2\/comments?post=110710"}],"version-history":[{"count":0,"href":"https:\/\/grandepremio.com\/br\/wp-json\/wp\/v2\/posts\/110710\/revisions"}],"wp:featuredmedia":[{"embeddable":true,"href":"https:\/\/grandepremio.com\/br\/wp-json\/wp\/v2\/media\/1000594373"}],"wp:attachment":[{"href":"https:\/\/grandepremio.com\/br\/wp-json\/wp\/v2\/media?parent=110710"}],"wp:term":[{"taxonomy":"category","embeddable":true,"href":"https:\/\/grandepremio.com\/br\/wp-json\/wp\/v2\/categories?post=110710"},{"taxonomy":"post_tag","embeddable":true,"href":"https:\/\/grandepremio.com\/br\/wp-json\/wp\/v2\/tags?post=110710"},{"taxonomy":"42wp_author","embeddable":true,"href":"https:\/\/grandepremio.com\/br\/wp-json\/wp\/v2\/42wp_author?post=110710"}],"curies":[{"name":"wp","href":"https:\/\/api.w.org\/{rel}","templated":true}]}}