{"id":110740,"date":"2022-07-09T15:35:19","date_gmt":"2022-07-09T18:35:19","guid":{"rendered":"https:\/\/grandepremio.com\/br\/noticias\/sebastian-vettel-ve-alexander-albon-otimista-batida-custou-sprint-race-austria\/"},"modified":"2022-07-09T15:37:13","modified_gmt":"2022-07-09T18:37:13","slug":"sebastian-vettel-ve-alexander-albon-otimista-batida-custou-sprint-race-austria","status":"publish","type":"post","link":"https:\/\/grandepremio.com\/br\/f1\/sebastian-vettel-ve-alexander-albon-otimista-batida-custou-sprint-race-austria\/","title":{"rendered":"Vettel v\u00ea Albon &#8220;um pouco otimista&#8221; em batida que custou sprint race na \u00c1ustria"},"content":{"rendered":"\n<figure class=\"wp-block-embed is-type-video is-provider-youtube wp-block-embed-youtube wp-embed-aspect-16-9 wp-has-aspect-ratio\"><div class=\"wp-block-embed__wrapper\">\n<iframe loading=\"lazy\" title=\"F1 2022: VERSTAPPEN VENCE CORRIDA SPRINT NA \u00c1USTRIA. LECLERC \u00c9 2\u00ba | Briefing\" width=\"500\" height=\"281\" src=\"https:\/\/www.youtube.com\/embed\/cCRJIKYEFE8?feature=oembed\" frameborder=\"0\" allow=\"accelerometer; autoplay; clipboard-write; encrypted-media; gyroscope; picture-in-picture; web-share\" referrerpolicy=\"strict-origin-when-cross-origin\" allowfullscreen><\/iframe>\n<\/div><\/figure>\n\n\n\n<p class=\"wp-block-paragraph\">Sebastian Vettel saiu de \u00faltimo no grid da sprint race da \u00c1ustria para chegar pr\u00f3ximo \u00e0 zona de pontos, mas saiu praticamente de m\u00e3os abanando deste s\u00e1bado (9). Al\u00e9m de n\u00e3o pontuar, o alem\u00e3o ainda vai largar praticamente do mesmo lugar na corrida principal de domingo. \u00c9 que Vettel tomou um toque de Alexander Albon e recolheu com o carro danificado.<\/p>\n\n\n\n<p class=\"wp-block-paragraph\">Seb s\u00f3 n\u00e3o ser\u00e1 o \u00faltimo no grid porque Fernando Alonso sequer largou na sprint race, com problemas, e Valtteri Bottas parte do fim da fila por ter trocado o motor. Vettel, ent\u00e3o, ser\u00e1 18\u00ba. E o alem\u00e3o entende que Albon tem boa parcela de culpa nisso.<\/p>\n\n\n\n<p class=\"wp-block-paragraph\">&#8220;Acho que o Albon foi um pouco otimista naquela nossa briga na curva 6 e acabou me batendo, o que me custou uma chance de largar em boa posi\u00e7\u00e3o amanh\u00e3. At\u00e9 consegui sair da brita, mas o carro tinha danos. Ou seja, amanh\u00e3 eu largo quase de onde larguei hoje&#8221;, disse.<\/p>\n\n\n\n<figure class=\"wp-block-image size-large\"><img decoding=\"async\" src=\"https:\/\/www.grandepremio.com\/br\/wp-content\/uploads\/2022\/07\/astonmartin-sebastianvettel-01-8-1024x683.jpg\" alt=\"\" class=\"wp-image-594421\"\/><figcaption>Sebastian Vettel vai sofrendo na \u00c1ustria (Foto: Aston Martin)<\/figcaption><\/figure>\n\n\n\n<p class=\"wp-block-paragraph\">Vettel lamentou que as chances na \u00c1ustria ficaram bem reduzidas com o toque, principalmente porque vinha em uma boa crescente na prova de s\u00e1bado.<\/p>\n\n\n\n<p class=\"wp-block-paragraph\">&#8220;\u00c9 uma pena porque n\u00f3s progredimos bem nas primeiras voltas e acho que largar de macios era a chamada certa hoje. Ainda temos uma corrida longa pela frente, vamos tentar a recupera\u00e7\u00e3o&#8221;, completou.<\/p>\n\n\n\n<p class=\"wp-block-paragraph\">Vettel vem em 13\u00ba no Mundial de Pilotos, com 15 pontos anotadoa at\u00e9 aqui. Lance Stroll, companheiro de Aston Martin, tem s\u00f3 3.<\/p>\n\n\n\n<p class=\"wp-block-paragraph\"><strong>+\u00a0<a href=\"https:\/\/www.grandepremio.com\/br\/f1\/classificacao\/\">A CLASSIFICA\u00c7\u00c3O DOS MUNDIAIS DE PILOTOS E DE CONSTRUTORES AP\u00d3S A CORRIDA SPRINT DO GP DA \u00c1USTRIA<\/a><\/strong><\/p>\n\n\n\n<p class=\"wp-block-paragraph\"><strong><strong>\u25b6\ufe0f\u00a0Inscreva-se nos dois canais do GRANDE PR\u00caMIO no YouTube:\u00a0<a href=\"https:\/\/www.youtube.com\/channel\/UC9OlHEgxoaY6QY6nWPoiqQg?sub_confirmation=1\" target=\"_blank\" rel=\"noreferrer noopener\">GP<\/a>\u00a0|\u00a0<a href=\"https:\/\/www.youtube.com\/channel\/UC9csiS6q_C3C0FYhyr1rnFA?sub_confirmation=1\" target=\"_blank\" rel=\"noreferrer noopener\">GP2<\/a><\/strong><br><strong>\u25b6\ufe0f\u00a0<a href=\"https:\/\/www.twitch.tv\/grandepremio\" target=\"_blank\" rel=\"noreferrer noopener\">Conhe\u00e7a o canal do GRANDE PR\u00caMIO na Twitch clicando aqui!<\/a><\/strong><\/strong><\/p>\n\n\n\n<figure class=\"wp-block-embed is-type-video is-provider-youtube wp-block-embed-youtube wp-embed-aspect-16-9 wp-has-aspect-ratio\"><div class=\"wp-block-embed__wrapper\">\n<iframe loading=\"lazy\" title=\"O QUE CAOS DO GP DA INGLATERRA PODE SIGNIFICAR PARA A F1 2022? | Paddockast #155\" width=\"500\" height=\"281\" src=\"https:\/\/www.youtube.com\/embed\/CxJz_TNA91Q?feature=oembed\" frameborder=\"0\" allow=\"accelerometer; autoplay; clipboard-write; encrypted-media; gyroscope; picture-in-picture; web-share\" referrerpolicy=\"strict-origin-when-cross-origin\" allowfullscreen><\/iframe>\n<\/div><\/figure>\n","protected":false},"excerpt":{"rendered":"<p>Sebastian Vettel fazia \u00f3tima prova de recupera\u00e7\u00e3o na sprint race da \u00c1ustria, mas, quando se aproximava do top-10, viu tudo ruir quando levou um toque de Alexander Albon<\/p>\n","protected":false},"author":0,"featured_media":1000594522,"comment_status":"closed","ping_status":"closed","sticky":false,"template":"","format":"standard","meta":{"42wp_featured_image_caption":"","42wp_featured_image_credits":"","42wp_featured_video":"","42wp_featured_image_hidden":false,"42wp_authors_list":[],"footnotes":""},"categories":[2],"tags":[654,309,147,1357,24837,31064,24888,485,210],"42wp_author":[47117],"class_list":["post-110740","post","type-post","status-publish","format-standard","has-post-thumbnail","hentry","category-f1","tag-alexander-albon","tag-aston-martin","tag-f1","tag-f1-2022","tag-formula-1-2","tag-formula-1-2022-3","tag-gp-da-austria-2","tag-lance-stroll","tag-sebastian-vettel","42wp_author-gabriel-curty"],"_links":{"self":[{"href":"https:\/\/grandepremio.com\/br\/wp-json\/wp\/v2\/posts\/110740","targetHints":{"allow":["GET"]}}],"collection":[{"href":"https:\/\/grandepremio.com\/br\/wp-json\/wp\/v2\/posts"}],"about":[{"href":"https:\/\/grandepremio.com\/br\/wp-json\/wp\/v2\/types\/post"}],"replies":[{"embeddable":true,"href":"https:\/\/grandepremio.com\/br\/wp-json\/wp\/v2\/comments?post=110740"}],"version-history":[{"count":0,"href":"https:\/\/grandepremio.com\/br\/wp-json\/wp\/v2\/posts\/110740\/revisions"}],"wp:featuredmedia":[{"embeddable":true,"href":"https:\/\/grandepremio.com\/br\/wp-json\/wp\/v2\/media\/1000594522"}],"wp:attachment":[{"href":"https:\/\/grandepremio.com\/br\/wp-json\/wp\/v2\/media?parent=110740"}],"wp:term":[{"taxonomy":"category","embeddable":true,"href":"https:\/\/grandepremio.com\/br\/wp-json\/wp\/v2\/categories?post=110740"},{"taxonomy":"post_tag","embeddable":true,"href":"https:\/\/grandepremio.com\/br\/wp-json\/wp\/v2\/tags?post=110740"},{"taxonomy":"42wp_author","embeddable":true,"href":"https:\/\/grandepremio.com\/br\/wp-json\/wp\/v2\/42wp_author?post=110740"}],"curies":[{"name":"wp","href":"https:\/\/api.w.org\/{rel}","templated":true}]}}