{"id":110763,"date":"2022-07-09T07:15:40","date_gmt":"2022-07-09T10:15:40","guid":{"rendered":"https:\/\/grandepremio.com\/br\/noticias\/jak-crawford-ultrapassa-caio-collet-vence-corrida-sprint-formula-3-austria\/"},"modified":"2022-07-09T07:31:56","modified_gmt":"2022-07-09T10:31:56","slug":"jak-crawford-ultrapassa-caio-collet-vence-corrida-sprint-formula-3-austria","status":"publish","type":"post","link":"https:\/\/grandepremio.com\/br\/f3\/jak-crawford-ultrapassa-caio-collet-vence-corrida-sprint-formula-3-austria\/","title":{"rendered":"Crawford ultrapassa Collet e vence corrida sprint da F\u00f3rmula 3 na \u00c1ustria"},"content":{"rendered":"\n<figure class=\"wp-block-embed is-type-video is-provider-youtube wp-block-embed-youtube wp-embed-aspect-16-9 wp-has-aspect-ratio\"><div class=\"wp-block-embed__wrapper\">\n<iframe loading=\"lazy\" title=\"F1 2022: VERSTAPPEN \u00c9 POLE, HAMILTON E RUSSELL BATEM NA \u00c1USTRIA | Briefing\" width=\"500\" height=\"281\" src=\"https:\/\/www.youtube.com\/embed\/zLL3PJIhvh0?feature=oembed\" frameborder=\"0\" allow=\"accelerometer; autoplay; clipboard-write; encrypted-media; gyroscope; picture-in-picture; web-share\" referrerpolicy=\"strict-origin-when-cross-origin\" allowfullscreen><\/iframe>\n<\/div><figcaption>TUDO SOBRE A CLASSIFICA\u00c7\u00c3O DO GP DA \u00c1USTRIA DE F\u00d3RMULA 1 | Briefing<\/figcaption><\/figure>\n\n\n\n<p class=\"wp-block-paragraph\">Foi o dia de Jak Crawford na F\u00f3rmula 3! A corrida sprint do fim de semana da categoria foi realizada na manh\u00e3 deste s\u00e1bado (9) e deu a partida num dia que ainda tem corridas da F\u00f3rmula 1 e da F\u00f3rmula 2. O piloto estadunidense da Academia da Red Bull comemorou a primeira vit\u00f3ria dele na F3 com uma recupera\u00e7\u00e3o firme ap\u00f3s estar no quarto lugar.<\/p>\n\n\n\n<p class=\"wp-block-paragraph\"><strong>\u25b6\ufe0f\u00a0Inscreva-se nos dois canais do GRANDE PR\u00caMIO no YouTube:\u00a0<a href=\"https:\/\/www.youtube.com\/channel\/UC9OlHEgxoaY6QY6nWPoiqQg?sub_confirmation=1\" target=\"_blank\" rel=\"noreferrer noopener\">GP<\/a>\u00a0|\u00a0<a href=\"https:\/\/www.youtube.com\/channel\/UC9csiS6q_C3C0FYhyr1rnFA?sub_confirmation=1\" target=\"_blank\" rel=\"noreferrer noopener\">GP2<\/a><\/strong><br><strong>\u25b6\ufe0f\u00a0<a href=\"https:\/\/www.twitch.tv\/grandepremio\" target=\"_blank\" rel=\"noreferrer noopener\" class=\"ek-link\">Conhe\u00e7a o canal do GRANDE PR\u00caMIO na Twitch clicando aqui!<\/a><\/strong><\/p>\n\n\n\n<p class=\"wp-block-paragraph\">Crawford largou em terceiro, mas caiu para o quarto lugar ap\u00f3s o bom come\u00e7o de Franco Colapinto. Caio Collet era o pole e manteve a dianteira frente a Juan Manuel Correa na largada. Contudo, Correa tomaria a dianteira na quarta volta, na relargada ap\u00f3s uma interven\u00e7\u00e3o do safety-car seguindo um toque entre Roman Stan\u011bk e Zane Maloney.<\/p>\n\n\n\n<p class=\"wp-block-paragraph\">Correa parecia no caminho para vencer a corrida e come\u00e7ava a se distanciar at\u00e9 que, logo na sexta volta, teve problemas mec\u00e2nicos na reta dos boxes e perdeu pot\u00eancia, ficando para tr\u00e1s do pelot\u00e3o e, eventualmente, abandonando. Era a chance da primeira vit\u00f3ria na categoria de Correa, que ficou mais de um ano e meio longe do esporte ap\u00f3s se envolver no acidente fatal de Anthoine Hubert, na F2, em 2019, e sofrer les\u00f5es s\u00e9rias.<\/p>\n\n\n\n<p class=\"wp-block-paragraph\">Sem Correa, Collet assumia a lideran\u00e7a novamente. Enquanto isso, Crawford apertada o passo e j\u00e1 dava o troco em Colapinto pelo que era, agora, a segunda coloca\u00e7\u00e3o. Os dois foram aproximados por um novo safety-car: na volta 11 de 21, Maloney novamente e Ollie Bearman se tocaram ap\u00f3s passaram fora da curva cinco numa briga tripla com Arthur Leclerc.<\/p>\n\n\n\n<figure class=\"wp-block-image size-large\"><img decoding=\"async\" src=\"https:\/\/www.grandepremio.com\/br\/wp-content\/uploads\/2022\/07\/GPF2-5-1024x576.jpeg\" alt=\"\" class=\"wp-image-594323\"\/><figcaption>A chegada de Jak Crawford na corrida sprint da F3 na \u00c1ustria (Foto: Reprodu\u00e7\u00e3o)<\/figcaption><\/figure>\n\n\n\n<figure class=\"wp-block-embed is-type-rich is-provider-spotify wp-block-embed-spotify wp-embed-aspect-21-9 wp-has-aspect-ratio\"><div class=\"wp-block-embed__wrapper\">\n<iframe title=\"Spotify Embed: Paddockast #155: O que caos do GP da Inglaterra pode significar para F1 2022?\" style=\"border-radius: 12px\" width=\"100%\" height=\"152\" frameborder=\"0\" allowfullscreen allow=\"autoplay; clipboard-write; encrypted-media; fullscreen; picture-in-picture\" loading=\"lazy\" src=\"https:\/\/open.spotify.com\/embed\/episode\/6NilEDWehH2l0PXd642ylh?utm_source=oembed\"><\/iframe>\n<\/div><figcaption>Paddockast #155: O que caos do GP da Inglaterra pode significar para F1 2022?<\/figcaption><\/figure>\n\n\n\n<p class=\"wp-block-paragraph\">A\u00ed, pouco depois da relargada, foi inevit\u00e1vel: Crawford voava na pista e efetuou a ultrapassagem em Collet ap\u00f3s duas boas disputas entre os dois.<\/p>\n\n\n\n<p class=\"wp-block-paragraph\">Enquanto Crawford se distanciava e se aproximava da vit\u00f3ria com Collet em segundo, Leclerc chegava em Colapinto, mas o argentino se segurou e conseguiu garantir o \u00faltimo lugar do p\u00f3dio.<\/p>\n\n\n\n<p class=\"wp-block-paragraph\">O quinto lugar foi Stan\u011bk, ap\u00f3s boa batalha com Jonny Edgar, que terminou caindo para s\u00e9timo, ainda atr\u00e1s de Kaylen Frederick. Victor Martins garantiu os \u00faltimos pontos, em oitavo. Alexander Smolyar e Isack Hadjar &#8211; pole da corrida principal &#8211; completaram o top-10.<\/p>\n\n\n\n<p class=\"wp-block-paragraph\">Ap\u00f3s a corrida, que colocou o campeonato oficialmente na metade, Martins ainda lidera: tem 80 pontos contra 79 de Leclerc. Crawford tem 70 e \u00e9 o terceiro. Com 39 pontos, Collet est\u00e1 na s\u00e9tima coloca\u00e7\u00e3o.<\/p>\n\n\n\n<p class=\"wp-block-paragraph\">O\u00a0<strong>GRANDE PR\u00caMIO<\/strong>\u00a0acompanha\u00a0<a href=\"https:\/\/www.grandepremio.com\/br\/f1\/ao-vivo\"><strong>AO VIVO<\/strong>\u00a0e\u00a0<strong>EM\u00a0<\/strong><\/a><strong><a href=\"https:\/\/www.grandepremio.com\/br\/ao-vivo\/\" target=\"_blank\" rel=\"noreferrer noopener\"><\/a><a href=\"https:\/\/www.grandepremio.com\/br\/ao-vivo\/\" target=\"_blank\" rel=\"noreferrer noopener\">TEMPO REAL<\/a><\/strong>\u00a0todas as atividades do fim de semana do\u00a0<a href=\"https:\/\/www.grandepremio.com\/br\/etapa\/f1\/gp-da-austria-formula-1-2022\/\" target=\"_blank\" rel=\"noreferrer noopener\" class=\"ek-link\"><strong>GP da \u00c1ustria<\/strong><\/a> de F\u00f3rmula 1. No domingo, a corrida principal da F3 est\u00e1 marcada para as 3h35 (de Bras\u00edlia).<\/p>\n\n\n\n<figure class=\"wp-block-embed is-type-video is-provider-youtube wp-block-embed-youtube wp-embed-aspect-16-9 wp-has-aspect-ratio\"><div class=\"wp-block-embed__wrapper\">\n<iframe loading=\"lazy\" title=\"FERRARI TIROU \u00daLTIMAS CHANCES DE LECLERC SER CAMPE\u00c3O DA F\u00d3RMULA 1 2022\" width=\"500\" height=\"281\" src=\"https:\/\/www.youtube.com\/embed\/VM3M6hlePn4?feature=oembed\" frameborder=\"0\" allow=\"accelerometer; autoplay; clipboard-write; encrypted-media; gyroscope; picture-in-picture; web-share\" referrerpolicy=\"strict-origin-when-cross-origin\" allowfullscreen><\/iframe>\n<\/div><figcaption>FERRARI TIROU \u00daLTIMAS CHANCES DE LECLERC SER CAMPE\u00c3O DA F\u00d3RMULA 1 2022<\/figcaption><\/figure>\n","protected":false},"excerpt":{"rendered":"<p>Jak Crawford entrou na briga pela vit\u00f3ria ap\u00f3s o abandono repentino de Juan Manuel Correa e buscou o primeiro triunfo na categoria<\/p>\n","protected":false},"author":0,"featured_media":1000594322,"comment_status":"closed","ping_status":"closed","sticky":false,"template":"","format":"standard","meta":{"42wp_featured_image_caption":"","42wp_featured_image_credits":"","42wp_featured_video":"","42wp_featured_image_hidden":false,"42wp_authors_list":[],"footnotes":""},"categories":[10],"tags":[31960,448,29657,29653,25440,24888,24836,28285,598,107,31959],"42wp_author":[47120],"class_list":["post-110763","post","type-post","status-publish","format-standard","has-post-thumbnail","hentry","category-f3","tag-austria-f3","tag-caio-collet","tag-f3-2022","tag-formula-3-2022","tag-franco-colapinto","tag-gp-da-austria-2","tag-grande-premio-2","tag-grandepremio","tag-jak-crawford","tag-juan-manuel-correa","tag-red-bull-ring-f3","42wp_author-pedro-henrique-marum"],"_links":{"self":[{"href":"https:\/\/grandepremio.com\/br\/wp-json\/wp\/v2\/posts\/110763","targetHints":{"allow":["GET"]}}],"collection":[{"href":"https:\/\/grandepremio.com\/br\/wp-json\/wp\/v2\/posts"}],"about":[{"href":"https:\/\/grandepremio.com\/br\/wp-json\/wp\/v2\/types\/post"}],"replies":[{"embeddable":true,"href":"https:\/\/grandepremio.com\/br\/wp-json\/wp\/v2\/comments?post=110763"}],"version-history":[{"count":0,"href":"https:\/\/grandepremio.com\/br\/wp-json\/wp\/v2\/posts\/110763\/revisions"}],"wp:featuredmedia":[{"embeddable":true,"href":"https:\/\/grandepremio.com\/br\/wp-json\/wp\/v2\/media\/1000594322"}],"wp:attachment":[{"href":"https:\/\/grandepremio.com\/br\/wp-json\/wp\/v2\/media?parent=110763"}],"wp:term":[{"taxonomy":"category","embeddable":true,"href":"https:\/\/grandepremio.com\/br\/wp-json\/wp\/v2\/categories?post=110763"},{"taxonomy":"post_tag","embeddable":true,"href":"https:\/\/grandepremio.com\/br\/wp-json\/wp\/v2\/tags?post=110763"},{"taxonomy":"42wp_author","embeddable":true,"href":"https:\/\/grandepremio.com\/br\/wp-json\/wp\/v2\/42wp_author?post=110763"}],"curies":[{"name":"wp","href":"https:\/\/api.w.org\/{rel}","templated":true}]}}