{"id":110767,"date":"2022-07-08T18:35:07","date_gmt":"2022-07-08T21:35:07","guid":{"rendered":"https:\/\/grandepremio.com\/br\/noticias\/sergio-perez-lamenta-punicao-grid-austria-admite-nao-consegui-entrar-ritmo\/"},"modified":"2022-07-08T18:37:20","modified_gmt":"2022-07-08T21:37:20","slug":"sergio-perez-lamenta-punicao-grid-austria-admite-nao-consegui-entrar-ritmo","status":"publish","type":"post","link":"https:\/\/grandepremio.com\/br\/f1\/sergio-perez-lamenta-punicao-grid-austria-admite-nao-consegui-entrar-ritmo\/","title":{"rendered":"P\u00e9rez lamenta puni\u00e7\u00e3o no grid da \u00c1ustria, mas admite: &#8220;N\u00e3o consegui entrar no ritmo&#8221;"},"content":{"rendered":"\n<figure class=\"wp-block-embed is-type-video is-provider-youtube wp-block-embed-youtube wp-embed-aspect-16-9 wp-has-aspect-ratio\"><div class=\"wp-block-embed__wrapper\">\n<iframe loading=\"lazy\" title=\"F1 2022: VERSTAPPEN \u00c9 POLE, HAMILTON E RUSSELL BATEM NA \u00c1USTRIA | Briefing\" width=\"500\" height=\"281\" src=\"https:\/\/www.youtube.com\/embed\/zLL3PJIhvh0?feature=oembed\" frameborder=\"0\" allow=\"accelerometer; autoplay; clipboard-write; encrypted-media; gyroscope; picture-in-picture; web-share\" referrerpolicy=\"strict-origin-when-cross-origin\" allowfullscreen><\/iframe>\n<\/div><\/figure>\n\n\n\n<p class=\"wp-block-paragraph\">Sergio P\u00e9rez vai largar de uma modest\u00edssima 13\u00aa coloca\u00e7\u00e3o na sprint race do GP da \u00c1ustria. Nesta sexta-feira (8), o mexicano foi piv\u00f4 de mais uma decis\u00e3o pol\u00eamica da dire\u00e7\u00e3o de prova da F1. Depois de ter escapado dos limites da pista em sua volta mais r\u00e1pida no Q2, Checo n\u00e3o foi investigado na hora pelos comiss\u00e1rios, que deixaram para tomar uma decis\u00e3o horas depois do fim da classifica\u00e7\u00e3o. E, assim, P\u00e9rez caiu de quarto para 13\u00ba.<\/p>\n\n\n\n<p class=\"wp-block-paragraph\">O mexicano come\u00e7ou explicando que simplesmente n\u00e3o conseguiu se adaptar bem ao carro no Red Bull Ring. E que o dia todo foi de altos e baixos na performance.<\/p>\n\n\n\n<p class=\"wp-block-paragraph\">&#8220;Foi um dia complicado, as coisas n\u00e3o pareciam bem no TL1 e nem na classifica\u00e7\u00e3o, precisamos entender o que havia de errado, esperamos nos recuperar para amanh\u00e3. N\u00e3o fui capaz de entrar no ritmo em momento algum, meu carro estava mudando de comportamento muito rapidamente, o tempo todo&#8221;, disse.<\/p>\n\n\n\n<figure class=\"wp-block-image size-large\"><img decoding=\"async\" src=\"https:\/\/www.grandepremio.com\/br\/wp-content\/uploads\/2022\/07\/SI202207080169_hires_jpeg_24bit_rgb-1024x683.jpg\" alt=\"\" class=\"wp-image-593960\"\/><figcaption> Sergio P\u00e9rez foi punido e sai de 13\u00ba na sprint race da \u00c1ustria (Foto: Red Bull Content Pool)<\/figcaption><\/figure>\n\n\n\n<p class=\"wp-block-paragraph\">Decepcionado com a puni\u00e7\u00e3o, P\u00e9rez aproveitou para criticar a dire\u00e7\u00e3o de prova por n\u00e3o ter deletado sua volta na hora, permitindo que ao menos tentasse melhorar seu giro antes do fim do Q2.<\/p>\n\n\n\n<p class=\"wp-block-paragraph\">&#8220;\u00c9 frustrante perder o quarto lugar, os limites de pista est\u00e3o muito rigorosos aqui, mas \u00e9 mais frustrante que meu time n\u00e3o tenha sido informado que iam deletar minha volta durante o Q2. Temos a sprint race amanh\u00e3 para ganhar terreno e a\u00ed uma corrida longa no domingo, \u00e9 manter a calma e evoluir para estarmos em boa posi\u00e7\u00e3o no domingo&#8221;, completou.<\/p>\n\n\n\n<p class=\"wp-block-paragraph\">P\u00e9rez vem na vice-lideran\u00e7a do campeonato com 147 pontos, 34 a menos que o companheiro Max Verstappen, que sai na pole neste s\u00e1bado.<\/p>\n\n\n\n<p class=\"wp-block-paragraph\">O\u00a0<strong>GRANDE PR\u00caMIO<\/strong>\u00a0acompanha\u00a0<a href=\"https:\/\/www.grandepremio.com\/br\/f1\/ao-vivo\"><strong>AO VIVO<\/strong>\u00a0e\u00a0<strong>EM\u00a0<\/strong><\/a><strong><a href=\"https:\/\/www.grandepremio.com\/br\/ao-vivo\/\" target=\"_blank\" rel=\"noreferrer noopener\">TEMPO REAL<\/a><\/strong>\u00a0todas as atividades do fim de semana do\u00a0<a href=\"https:\/\/www.grandepremio.com\/br\/etapa\/f1\/gp-da-austria-formula-1-2022\/\" target=\"_blank\" rel=\"noreferrer noopener\"><\/a><a href=\"https:\/\/www.grandepremio.com\/br\/etapa\/f1\/gp-da-austria-formula-1-2022\/\" target=\"_blank\" rel=\"noreferrer noopener\"><\/a><a href=\"https:\/\/www.grandepremio.com\/br\/etapa\/f1\/gp-da-austria-formula-1-2022\/\" target=\"_blank\" rel=\"noreferrer noopener\"><\/a><a href=\"https:\/\/www.grandepremio.com\/br\/etapa\/f1\/gp-da-austria-formula-1-2022\/\" target=\"_blank\" rel=\"noreferrer noopener\">GP da \u00c1ustria<\/a>. A sprint race est\u00e1 marcada para 11h30 (de Bras\u00edlia, GMT-3) deste s\u00e1bado.<\/p>\n\n\n\n<p class=\"wp-block-paragraph\"><strong>\u25b6\ufe0f\u00a0Inscreva-se nos dois canais do GRANDE PR\u00caMIO no YouTube:\u00a0<a href=\"https:\/\/www.youtube.com\/channel\/UC9OlHEgxoaY6QY6nWPoiqQg?sub_confirmation=1\" target=\"_blank\" rel=\"noreferrer noopener\">GP<\/a>\u00a0|\u00a0<a href=\"https:\/\/www.youtube.com\/channel\/UC9csiS6q_C3C0FYhyr1rnFA?sub_confirmation=1\" target=\"_blank\" rel=\"noreferrer noopener\">GP2<\/a><\/strong><br><strong>\u25b6\ufe0f\u00a0<a href=\"https:\/\/www.twitch.tv\/grandepremio\" target=\"_blank\" rel=\"noreferrer noopener\">Conhe\u00e7a o canal do GRANDE PR\u00caMIO na Twitch clicando aqui!<\/a><\/strong><\/p>\n\n\n\n<figure class=\"wp-block-embed is-type-video is-provider-youtube wp-block-embed-youtube wp-embed-aspect-16-9 wp-has-aspect-ratio\"><div class=\"wp-block-embed__wrapper\">\n<iframe loading=\"lazy\" title=\"O QUE CAOS DO GP DA INGLATERRA PODE SIGNIFICAR PARA A F1 2022? | Paddockast #155\" width=\"500\" height=\"281\" src=\"https:\/\/www.youtube.com\/embed\/CxJz_TNA91Q?feature=oembed\" frameborder=\"0\" allow=\"accelerometer; autoplay; clipboard-write; encrypted-media; gyroscope; picture-in-picture; web-share\" referrerpolicy=\"strict-origin-when-cross-origin\" allowfullscreen><\/iframe>\n<\/div><\/figure>\n","protected":false},"excerpt":{"rendered":"<p>Sergio P\u00e9rez mostrou frustra\u00e7\u00e3o por cair de quarto para 13\u00ba no grid da sprint race da \u00c1ustria pela puni\u00e7\u00e3o de limites de pista, mas reconheceu que n\u00e3o foi o \u00fanico problema do dia. O mexicano n\u00e3o se achou ainda com o carro no Red Bull Ring<\/p>\n","protected":false},"author":0,"featured_media":1000593962,"comment_status":"closed","ping_status":"closed","sticky":false,"template":"","format":"standard","meta":{"42wp_featured_image_caption":"","42wp_featured_image_credits":"","42wp_featured_video":"","42wp_featured_image_hidden":false,"42wp_authors_list":[],"footnotes":""},"categories":[2],"tags":[147,1357,24837,31064,24888,203,204,30309],"42wp_author":[47117],"class_list":["post-110767","post","type-post","status-publish","format-standard","has-post-thumbnail","hentry","category-f1","tag-f1","tag-f1-2022","tag-formula-1-2","tag-formula-1-2022-3","tag-gp-da-austria-2","tag-max-verstappen","tag-red-bull","tag-sergio-perez-4","42wp_author-gabriel-curty"],"_links":{"self":[{"href":"https:\/\/grandepremio.com\/br\/wp-json\/wp\/v2\/posts\/110767","targetHints":{"allow":["GET"]}}],"collection":[{"href":"https:\/\/grandepremio.com\/br\/wp-json\/wp\/v2\/posts"}],"about":[{"href":"https:\/\/grandepremio.com\/br\/wp-json\/wp\/v2\/types\/post"}],"replies":[{"embeddable":true,"href":"https:\/\/grandepremio.com\/br\/wp-json\/wp\/v2\/comments?post=110767"}],"version-history":[{"count":0,"href":"https:\/\/grandepremio.com\/br\/wp-json\/wp\/v2\/posts\/110767\/revisions"}],"wp:featuredmedia":[{"embeddable":true,"href":"https:\/\/grandepremio.com\/br\/wp-json\/wp\/v2\/media\/1000593962"}],"wp:attachment":[{"href":"https:\/\/grandepremio.com\/br\/wp-json\/wp\/v2\/media?parent=110767"}],"wp:term":[{"taxonomy":"category","embeddable":true,"href":"https:\/\/grandepremio.com\/br\/wp-json\/wp\/v2\/categories?post=110767"},{"taxonomy":"post_tag","embeddable":true,"href":"https:\/\/grandepremio.com\/br\/wp-json\/wp\/v2\/tags?post=110767"},{"taxonomy":"42wp_author","embeddable":true,"href":"https:\/\/grandepremio.com\/br\/wp-json\/wp\/v2\/42wp_author?post=110767"}],"curies":[{"name":"wp","href":"https:\/\/api.w.org\/{rel}","templated":true}]}}