{"id":110768,"date":"2022-07-08T18:30:00","date_gmt":"2022-07-08T21:30:00","guid":{"rendered":"https:\/\/grandepremio.com\/br\/noticias\/classificacao-na-austria-iguala-forcas-e-promete-duelo-quente-entre-red-bull-e-ferrari\/"},"modified":"2022-07-08T19:16:43","modified_gmt":"2022-07-08T22:16:43","slug":"classificacao-na-austria-iguala-forcas-e-promete-duelo-quente-entre-red-bull-e-ferrari","status":"publish","type":"post","link":"https:\/\/grandepremio.com\/br\/f1\/classificacao-na-austria-iguala-forcas-e-promete-duelo-quente-entre-red-bull-e-ferrari\/","title":{"rendered":"Classifica\u00e7\u00e3o na \u00c1ustria iguala for\u00e7as e promete duelo quente entre Red Bull e Ferrari"},"content":{"rendered":"\n<figure class=\"wp-block-video\"><video class=\"video-js vjs-big-play-centered\" data-gp-vjs=\"1\" controls src=\"https:\/\/www.grandepremio.com\/br\/wp-content\/uploads\/2022\/07\/Hamilton-acidente-Austria-onboard.mp4\"><\/video><figcaption>Lewis Hamilton perdeu o controle no miolo do circuito Red Bull Ring e provocou acidente no Q3 da classifica\u00e7\u00e3o do GP da \u00c1ustria (V\u00eddeo: F1)<\/figcaption><\/figure>\n\n\n\n<p class=\"wp-block-paragraph\">A primeira parte do epis\u00f3dio &#8216;\u00c1ustria&#8217; da temporada 2022 da F1 foi marcada por um grato equil\u00edbrio entre as duas principais for\u00e7as do grid. Ainda que a Ferrari detenha o posto de &#8216;classificadora&#8217; do campeonato, a Red Bull soube bem dar o bote no fim. Na verdade, foi m\u00e9rito exclusivo de Max Verstappen \u2013 que <a href=\"https:\/\/www.grandepremio.com\/br\/f1\/noticias\/max-verstappen-confirma-favoritismo-conquista-pole-caseira-red-bull-austria-formula-1\/\" class=\"ek-link\">acertou o terceiro setor para tirar a pole-position das m\u00e3os<\/a> de Charles Leclerc. A reles diferen\u00e7a de 0s029 traduz bem o cen\u00e1rio para a sprint deste s\u00e1bado (9) \u2013 importante acrescentar aqui que Carlos Sainz ficou a s\u00f3 0s082 do holand\u00eas. Ent\u00e3o, \u00e9 poss\u00edvel afirmar que, neste momento, n\u00e3o h\u00e1 favoritos \u00e0 vit\u00f3ria na prova curta que vai definir a ordem de largada do GP da \u00c1ustria. <\/p>\n\n\n\n<p class=\"wp-block-paragraph\">E essa percep\u00e7\u00e3o \u00e9 corroborada por alguns elementos. O primeiro deles tem a ver com a natureza do circuito que leva o nome da empresa de energ\u00e9ticos da F1. O caso \u00e9 que o tra\u00e7ado atende aos pontos fortes de ambas as equipes. A velocidade de reta, bem como as curvas de baixa s\u00e3o ao gosto do RB18, enquanto curvas de alta e a demanda por um cuidado maior dos pneus ca\u00edram como uma luva para a F1-75. Ainda, \u00e9 essencial mencionar que a diferen\u00e7a de velocidade final entre taurinos e italianos \u00e9 de apenas 1 km\/h (319 a 318). Portanto, a corrida de 24 voltas tende a ser um enorme teste sobre quem saber usar melhor aquilo que tem nas garagens.<\/p>\n\n\n\n<p class=\"wp-block-paragraph\"><strong>\u25b6\ufe0f&nbsp;Inscreva-se nos dois canais do GRANDE PR\u00caMIO no YouTube:&nbsp;<a href=\"https:\/\/www.youtube.com\/channel\/UC9OlHEgxoaY6QY6nWPoiqQg?sub_confirmation=1\" target=\"_blank\" rel=\"noreferrer noopener\">GP<\/a>&nbsp;|&nbsp;<a href=\"https:\/\/www.youtube.com\/channel\/UC9csiS6q_C3C0FYhyr1rnFA?sub_confirmation=1\" target=\"_blank\" rel=\"noreferrer noopener\">GP2<\/a><\/strong><br><strong>\u25b6\ufe0f&nbsp;<a href=\"https:\/\/www.twitch.tv\/grandepremio\" target=\"_blank\" rel=\"noreferrer noopener\" class=\"ek-link\">Conhe\u00e7a o canal do GRANDE PR\u00caMIO na Twitch clicando aqui!<\/a><\/strong><\/p>\n\n\n\n<figure class=\"wp-block-embed is-type-video is-provider-youtube wp-block-embed-youtube wp-embed-aspect-16-9 wp-has-aspect-ratio\"><div class=\"wp-block-embed__wrapper\">\n<iframe loading=\"lazy\" title=\"F1 2022: VERSTAPPEN \u00c9 POLE, HAMILTON E RUSSELL BATEM NA \u00c1USTRIA | Briefing\" width=\"500\" height=\"281\" src=\"https:\/\/www.youtube.com\/embed\/zLL3PJIhvh0?feature=oembed\" frameborder=\"0\" allow=\"accelerometer; autoplay; clipboard-write; encrypted-media; gyroscope; picture-in-picture; web-share\" referrerpolicy=\"strict-origin-when-cross-origin\" allowfullscreen><\/iframe>\n<\/div><\/figure>\n\n\n\n<p class=\"wp-block-paragraph\">Diante de arquibancadas lotadas, Verstappen criou uma vantagem importante para si, embora entenda que, para que tudo funcione ao final da sprint, \u00e9 preciso ter uma largada livre de drama. &#8220;Foi uma classifica\u00e7\u00e3o acirrada no final, essa pista \u00e9 muito desafiadora. N\u00e3o h\u00e1 tantas curvas, mas as que se tem s\u00e3o bastante complicadas e suscet\u00edveis a erros&#8221;, afirmou o campe\u00e3o do mundo, que precisou lan\u00e7ar m\u00e3o de uma condu\u00e7\u00e3o cir\u00fargica no trecho final de sua volta derradeira para derrotar Leclerc, que ocupava a primeira coloca\u00e7\u00e3o com parciais particularmente impec\u00e1veis. <\/p>\n\n\n\n<p class=\"wp-block-paragraph\">&#8220;Normalmente, a classifica\u00e7\u00e3o n\u00e3o \u00e9 o nosso ponto mais forte, ent\u00e3o espero fazer uma primeira curva limpa e ir bem da\u00ed em diante. Tudo pode acontecer, mas estou confiante no carro que temos&#8221;, completou.<\/p>\n\n\n\n<p class=\"wp-block-paragraph\">A Ferrari, por sua vez, ratificou a impress\u00e3o geral de equil\u00edbrio e entende que o ponto dissonante est\u00e1 nos detalhes. &#8220;O principal aspecto deste fim de semana \u00e9 que ele \u00e9 muito longo. Efetivamente, \u00e9 uma corrida de 400 quil\u00f4metros, dividida em duas partes. Vimos que nosso potencial existe e come\u00e7amos com o p\u00e9 direito. Agora, n\u00f3s aqui na pista e nossos colegas em Maranello podem esperar por um desafio realmente interessante&#8221;, explicou Laurent Mekies, diretor-esportivo da escuderia italiana. &nbsp;<\/p>\n\n\n\n<p class=\"wp-block-paragraph\">&#8220;A diferen\u00e7a para nossos rivais \u00e9 m\u00ednima, ent\u00e3o se quisermos reverter o resultado de hoje, o menor detalhe pode fazer a diferen\u00e7a. Faremos o nosso melhor para garantir que nossos pilotos tenham tudo que eles precisam para extrair ainda mais performance de seus carros&#8221;, completou.<\/p>\n\n\n\n<figure class=\"wp-block-image size-large\"><img decoding=\"async\" src=\"https:\/\/www.grandepremio.com\/br\/wp-content\/uploads\/2022\/07\/ferrari-charlesleclerc-02-2-1024x683.jpg\" alt=\"\" class=\"wp-image-594089\"\/><figcaption>Charles Leclerc vai dividir a primeira fila com Max Verstappen (Foto: Ferrari)<\/figcaption><\/figure>\n\n\n\n<p class=\"wp-block-paragraph\">E Leclerc fez apenas um adendo \u00e0 vis\u00e3o de sua empregadora: \u00e9 fundamental ter um fim de semana sem problemas. &#8220;J\u00e1 s\u00e3o cinco corridas em que tive o desastre ao meu lado. O que espero agora \u00e9 uma corrida limpa para que possamos, finalmente, marcar os pontos que merecemos&#8221;, destacou o monegasco.<\/p>\n\n\n\n<p class=\"wp-block-paragraph\">H\u00e1 tamb\u00e9m um terceiro elemento que n\u00e3o pode ser descartado. Pela primeira vez, a Mercedes mostrou um ritmo de classifica\u00e7\u00e3o mais pr\u00f3ximo ao das duas primeiras equipes da tabela. \u00c9 bem verdade que a sess\u00e3o desta sexta-feira <a href=\"https:\/\/www.grandepremio.com\/br\/f1\/noticias\/mercedes-toto-wolff-surpresa-ritmo-classificacao-austria-devagar-tudo-encaixa\/\" class=\"ek-link\">acabou de forma amarga para octacampe\u00e3<\/a>, mas \u00e9 certo dizer que nem tudo est\u00e1 perdido. Os carros prateados apresentaram boa velocidade de reta e, se a pista n\u00e3o tem curvas longas, os trechos de m\u00e9dia e alta fizeram bem ao manhoso W13. As atualiza\u00e7\u00f5es da esquadra alem\u00e3 seguem rendendo e agora parece existir uma chance real de avan\u00e7ar ao longo do fim de semana.<\/p>\n\n\n\n<p class=\"wp-block-paragraph\">Ainda que Lewis Hamilton e George Russell tenham danificado seus carros nos acidentes durante o Q3, h\u00e1 uma onda de otimismo dentro das garagens da Mercedes. Os sinais s\u00e3o promissores, mesmo em um circuito que n\u00e3o atende t\u00e3o bem a todas as exig\u00eancias do projeto.<\/p>\n\n\n\n<figure class=\"wp-block-embed is-type-rich is-provider-spotify wp-block-embed-spotify wp-embed-aspect-21-9 wp-has-aspect-ratio\"><div class=\"wp-block-embed__wrapper\">\n<iframe title=\"Spotify Embed: Paddockast #155: O que caos do GP da Inglaterra pode significar para F1 2022?\" style=\"border-radius: 12px\" width=\"100%\" height=\"152\" frameborder=\"0\" allowfullscreen allow=\"autoplay; clipboard-write; encrypted-media; fullscreen; picture-in-picture\" loading=\"lazy\" src=\"https:\/\/open.spotify.com\/embed\/episode\/6NilEDWehH2l0PXd642ylh?si=jak5Z3nKSyC-JBPeFnVNeA&amp;utm_source=oembed\"><\/iframe>\n<\/div><\/figure>\n\n\n\n<p class=\"wp-block-paragraph\">&#8220;N\u00e3o esper\u00e1vamos ficar t\u00e3o pr\u00f3ximos como foi hoje. Isso \u00e9 um grande sinal positivo da equipe, mas estou muito longe, ent\u00e3o n\u00e3o sei o que \u00e9 poss\u00edvel a partir da\u00ed, mas tamb\u00e9m temos uma corrida curta e r\u00e1pida pela frente, ent\u00e3o espero poder recuperar algum tempo perdido&#8221;, disse o heptacampe\u00e3o, que larga da nona coloca\u00e7\u00e3o.<\/p>\n\n\n\n<p class=\"wp-block-paragraph\">A sprint da F1 ter\u00e1 24 voltas, ent\u00e3o a escolha de pneus tende a esclarecer um pouco mais sobre o ritmo de corrida de cada equipe para o domingo. Entende-se que o pneu m\u00e9dio possa ser a escolha dos protagonistas, mas h\u00e1 outro caminho tentador. &#8220;Hoje vimos apenas um leve desgaste no composto macio, o que pode torn\u00e1-lo uma op\u00e7\u00e3o para a corrida de amanh\u00e3, em que os carros n\u00e3o devem fazer pit-stops e nem andar com carga total de combust\u00edvel, o que reduz o estresse nos pneus&#8221;, explicou Mario Isola, o chef\u00e3o da Pirelli, ap\u00f3s a classifica\u00e7\u00e3o.<\/p>\n\n\n\n<p class=\"wp-block-paragraph\">O&nbsp;<strong>GRANDE PR\u00caMIO<\/strong>&nbsp;acompanha&nbsp;<a href=\"https:\/\/www.grandepremio.com\/br\/f1\/ao-vivo\"><strong>AO VIVO<\/strong>&nbsp;e&nbsp;<strong>EM&nbsp;<\/strong><\/a><strong><a href=\"https:\/\/www.grandepremio.com\/br\/ao-vivo\/\" target=\"_blank\" rel=\"noreferrer noopener\"><\/a><a href=\"https:\/\/www.grandepremio.com\/br\/ao-vivo\/\" target=\"_blank\" rel=\"noreferrer noopener\">TEMPO REAL<\/a><\/strong>&nbsp;todas as atividades do fim de semana do&nbsp;<a href=\"https:\/\/www.grandepremio.com\/br\/etapa\/f1\/gp-da-austria-formula-1-2022\/\" target=\"_blank\" rel=\"noreferrer noopener\">GP da \u00c1ustria<\/a>&nbsp;de F1. No s\u00e1bado, o segundo treino livre abre o dia \u00e0s 7h30 (de Bras\u00edlia, GMT-3). A corrida sprint larga \u00e0s 11h30.<\/p>\n\n\n\n<figure class=\"wp-block-video\"><video class=\"video-js vjs-big-play-centered\" data-gp-vjs=\"1\" controls src=\"https:\/\/www.grandepremio.com\/br\/wp-content\/uploads\/2022\/07\/Russell-acidente-Austria.mp4\"><\/video><figcaption>Minutos ap\u00f3s Lewis Hamilton, George Russell tamb\u00e9m sofreu acidente no Q3 da classifica\u00e7\u00e3o do GP da \u00c1ustria (V\u00eddeo: F1)<\/figcaption><\/figure>\n","protected":false},"excerpt":{"rendered":"<p>A classifica\u00e7\u00e3o para a sprint da F1 na \u00c1ustria viu uma interessante mistura de for\u00e7as entre a Red Bull e a Ferrari. Apenas 0s082 separam o top-3 do grid em uma pista que tamb\u00e9m divide os pontos fortes das duas ponteiras. Al\u00e9m disso, a disputa deve ganhar eventualmente um outro elemento: a Mercedes pela primeira vez teve ritmo de classifica\u00e7\u00e3o suficiente para encarar as rivais<\/p>\n","protected":false},"author":0,"featured_media":1000594284,"comment_status":"closed","ping_status":"closed","sticky":false,"template":"","format":"standard","meta":{"42wp_featured_image_caption":"","42wp_featured_image_credits":"","42wp_featured_video":"","42wp_featured_image_hidden":false,"42wp_authors_list":[],"footnotes":""},"categories":[2],"tags":[25066,546,209,147,1357,207,24837,800,24888,915,25081,87,203,2632,204,1763],"42wp_author":[47115],"class_list":["post-110768","post","type-post","status-publish","format-standard","has-post-thumbnail","hentry","category-f1","tag-calendario-da-f1","tag-carlos-sainz","tag-charles-leclerc","tag-f1","tag-f1-2022","tag-ferrari","tag-formula-1-2","tag-george-russell","tag-gp-da-austria-2","tag-grid","tag-horarios-da-f1-2","tag-lewis-hamilton","tag-max-verstappen","tag-q3","tag-red-bull","tag-red-bull-ring","42wp_author-evelyn-guimaraes"],"_links":{"self":[{"href":"https:\/\/grandepremio.com\/br\/wp-json\/wp\/v2\/posts\/110768","targetHints":{"allow":["GET"]}}],"collection":[{"href":"https:\/\/grandepremio.com\/br\/wp-json\/wp\/v2\/posts"}],"about":[{"href":"https:\/\/grandepremio.com\/br\/wp-json\/wp\/v2\/types\/post"}],"replies":[{"embeddable":true,"href":"https:\/\/grandepremio.com\/br\/wp-json\/wp\/v2\/comments?post=110768"}],"version-history":[{"count":0,"href":"https:\/\/grandepremio.com\/br\/wp-json\/wp\/v2\/posts\/110768\/revisions"}],"wp:featuredmedia":[{"embeddable":true,"href":"https:\/\/grandepremio.com\/br\/wp-json\/wp\/v2\/media\/1000594284"}],"wp:attachment":[{"href":"https:\/\/grandepremio.com\/br\/wp-json\/wp\/v2\/media?parent=110768"}],"wp:term":[{"taxonomy":"category","embeddable":true,"href":"https:\/\/grandepremio.com\/br\/wp-json\/wp\/v2\/categories?post=110768"},{"taxonomy":"post_tag","embeddable":true,"href":"https:\/\/grandepremio.com\/br\/wp-json\/wp\/v2\/tags?post=110768"},{"taxonomy":"42wp_author","embeddable":true,"href":"https:\/\/grandepremio.com\/br\/wp-json\/wp\/v2\/42wp_author?post=110768"}],"curies":[{"name":"wp","href":"https:\/\/api.w.org\/{rel}","templated":true}]}}