{"id":110793,"date":"2022-07-08T11:08:14","date_gmt":"2022-07-08T14:08:14","guid":{"rendered":"https:\/\/grandepremio.com\/br\/noticias\/formula-1-fia-anunciam-aumento-teto-gastos-preservar-integridade-financeira\/"},"modified":"2022-07-08T11:09:32","modified_gmt":"2022-07-08T14:09:32","slug":"formula-1-fia-anunciam-aumento-teto-gastos-preservar-integridade-financeira","status":"publish","type":"post","link":"https:\/\/grandepremio.com\/br\/f1\/formula-1-fia-anunciam-aumento-teto-gastos-preservar-integridade-financeira\/","title":{"rendered":"F1 e FIA anunciam aumento do teto de gastos: &#8220;Preservar integridade financeira&#8221;"},"content":{"rendered":"\n<figure class=\"wp-block-embed is-type-video is-provider-youtube wp-block-embed-youtube wp-embed-aspect-16-9 wp-has-aspect-ratio\"><div class=\"wp-block-embed__wrapper\">\n<iframe loading=\"lazy\" title=\"MERCEDES ENTRA NA BRIGA DA F1 2022 NA \u00c1USTRIA? OS RELATOS DO ACIDENTE DE SILVERSTONE | WGP\" width=\"500\" height=\"281\" src=\"https:\/\/www.youtube.com\/embed\/J62YQVvyy1Y?feature=oembed\" frameborder=\"0\" allow=\"accelerometer; autoplay; clipboard-write; encrypted-media; gyroscope; picture-in-picture; web-share\" referrerpolicy=\"strict-origin-when-cross-origin\" allowfullscreen><\/iframe>\n<\/div><figcaption>MERCEDES ENTRA NA BRIGA DA F1 2022 NA \u00c1USTRIA? OS RELATOS DO ACIDENTE DE SILVERSTONE | WGP<\/figcaption><\/figure>\n\n\n\n<p class=\"wp-block-paragraph\">As equipes do pelot\u00e3o da frente pediram e, enfim, foram atendidas. Ap\u00f3s a reuni\u00e3o da Comiss\u00e3o da F1, realizada nesta sexta-feira (8) antes do in\u00edcio das a\u00e7\u00f5es da categoria na \u00c1ustria, a FIA (Federa\u00e7\u00e3o Internacional de Automobilismo) anunciou um reajuste de 3.1% do limite or\u00e7ament\u00e1rio para corre\u00e7\u00e3o inflacion\u00e1ria &#8211; v\u00e1lido j\u00e1 para a temporada de 2022.<\/p>\n\n\n\n<p class=\"wp-block-paragraph\">Como parte do novo regulamento t\u00e9cnico da\u00a0F\u00f3rmula 1, a categoria havia colocado em vigor um novo teto de gastos para 2022: reduzido \u00e0 quantia de US$ 140 milh\u00f5es (aproximadamente R$ 743 milh\u00f5es, na cota\u00e7\u00e3o atual), cerca de US$ 5 milh\u00f5es (pr\u00f3ximo dos R$ 26 milh\u00f5es) a menos em compara\u00e7\u00e3o a 2021. <\/p>\n\n\n\n<p class=\"wp-block-paragraph\"><strong>\u25b6\ufe0f\u00a0Inscreva-se nos dois canais do GRANDE PR\u00caMIO no YouTube:\u00a0<a href=\"https:\/\/www.youtube.com\/channel\/UC9OlHEgxoaY6QY6nWPoiqQg?sub_confirmation=1\" target=\"_blank\" rel=\"noreferrer noopener\">GP<\/a>\u00a0|\u00a0<a href=\"https:\/\/www.youtube.com\/channel\/UC9csiS6q_C3C0FYhyr1rnFA?sub_confirmation=1\" target=\"_blank\" rel=\"noreferrer noopener\">GP2<\/a><\/strong><\/p>\n\n\n\n<figure class=\"wp-block-image size-large\"><img decoding=\"async\" src=\"https:\/\/www.grandepremio.com\/br\/wp-content\/uploads\/2022\/05\/SI202205220276_hires_jpeg_24bit_rgb-1024x674.jpg\" alt=\"\" class=\"wp-image-574197\"\/><figcaption>Equipes pressionaram e FIA cedeu (Foto: Red Bull Content Pool)<\/figcaption><\/figure>\n\n\n\n<p class=\"wp-block-paragraph\">&#8220;O r\u00e1pido aumento das taxas de infla\u00e7\u00e3o desde o final de 2021 afetou as equipes de F\u00f3rmula 1, e \u00e9 opini\u00e3o da FIA e da F\u00f3rmula 1 que isso cria um risco de descumprimento do regulamento financeiro se as a\u00e7\u00f5es n\u00e3o forem tomadas&#8221;, disse o comunicado emitido pela categoria e o \u00f3rg\u00e3o regulador.<\/p>\n\n\n\n<p class=\"wp-block-paragraph\">&#8220;Ap\u00f3s consulta ao Comit\u00ea Consultivo Financeiro nas \u00faltimas semanas, a FIA apresentou uma proposta \u00e0 Comiss\u00e3o &#8211; que foi aprovada pela maioria necess\u00e1ria, com o apoio da FIA, F\u00f3rmula 1 e nove das 10 equipes. A proposta reconhece o aumento inesperado dos custos incorridos pelas equipes em 2022, permitindo a indexa\u00e7\u00e3o a uma taxa limitada de 3.1% (que leva em considera\u00e7\u00e3o o limite original de infla\u00e7\u00e3o de 3% j\u00e1 estabelecido no regulamento) e permitindo, tamb\u00e9m, a composi\u00e7\u00e3o dessa taxa a partir de 2023. Isso preservar\u00e1 a integridade a longo prazo do regulamento financeiro&#8221;, completou a nota.<\/p>\n\n\n\n<p class=\"wp-block-paragraph\">A decis\u00e3o acontece ap\u00f3s uma s\u00e9rie de pedidos das equipes do topo. Em meio \u00e0 situa\u00e7\u00e3o financeira incerta em todo o mundo, ap\u00f3s a invas\u00e3o da Ucr\u00e2nia pela R\u00fassia em fevereiro, altos n\u00edveis de infla\u00e7\u00e3o e custos crescentes de frete, os times da F1 fizeram press\u00e3o nos \u00faltimos meses &#8211; por meio de declara\u00e7\u00f5es p\u00fablicas &#8211; por um ajuste no teto or\u00e7ament\u00e1rio.<\/p>\n\n\n\n<figure class=\"wp-block-embed is-type-rich is-provider-spotify wp-block-embed-spotify wp-embed-aspect-21-9 wp-has-aspect-ratio\"><div class=\"wp-block-embed__wrapper\">\n<iframe title=\"Spotify Embed: Paddockast #155: O que caos do GP da Inglaterra pode significar para F1 2022?\" style=\"border-radius: 12px\" width=\"100%\" height=\"152\" frameborder=\"0\" allowfullscreen allow=\"autoplay; clipboard-write; encrypted-media; fullscreen; picture-in-picture\" loading=\"lazy\" src=\"https:\/\/open.spotify.com\/embed\/episode\/6NilEDWehH2l0PXd642ylh?utm_source=oembed\"><\/iframe>\n<\/div><\/figure>\n\n\n\n<p class=\"wp-block-paragraph\">Presentes na reuni\u00e3o da Comiss\u00e3o da F1 estiveram, al\u00e9m dos 10 chefes de equipes, o chef\u00e3o da F1 Stefano Domenicali; o presidente da FIA Mohammed Ben Sulayem; e, por fim, o diretor-t\u00e9cnico da categoria Ross Brawn.<\/p>\n\n\n\n<p class=\"wp-block-paragraph\">Com a determina\u00e7\u00e3o, o reajuste original planejado para 2023 fica, portanto, antecipado para entrar em vigor ainda neste ano. <\/p>\n\n\n\n<p class=\"wp-block-paragraph\">O\u00a0<strong>GRANDE PR\u00caMIO<\/strong>\u00a0acompanha\u00a0<a href=\"https:\/\/www.grandepremio.com\/br\/f1\/ao-vivo\"><strong>AO VIVO<\/strong>\u00a0e\u00a0<strong>EM\u00a0<\/strong><\/a><strong><a href=\"https:\/\/www.grandepremio.com\/br\/ao-vivo\/\" target=\"_blank\" rel=\"noreferrer noopener\"><\/a><a href=\"https:\/\/www.grandepremio.com\/br\/ao-vivo\/\" target=\"_blank\" rel=\"noreferrer noopener\">TEMPO REAL<\/a><\/strong>\u00a0todas as atividades do fim de semana do\u00a0GP da \u00c1ustria. A classifica\u00e7\u00e3o est\u00e1 marcada para \u00e0s 12h (de Bras\u00edlia, GMT-3) desta sexta-feira.<\/p>\n\n\n\n<figure class=\"wp-block-embed is-type-video is-provider-youtube wp-block-embed-youtube wp-embed-aspect-16-9 wp-has-aspect-ratio\"><div class=\"wp-block-embed__wrapper\">\nhttps:\/\/www.youtube.com\/watch?v=OpFCGY-_Fes&#038;ab_channel=GrandePr%C3%AAmio\n<\/div><figcaption>CLASSIFICA\u00c7\u00c3O GP DA \u00c1USTRIA DE F1 2022 | Briefing<\/figcaption><\/figure>\n","protected":false},"excerpt":{"rendered":"<p>Em reuni\u00e3o da Comiss\u00e3o da F1 realizada nesta sexta-feira (8), ficou determinado que o limite or\u00e7ament\u00e1rio de US$ 140 milh\u00f5es (aproximadamente R$ 743 milh\u00f5es, na cota\u00e7\u00e3o atual) ter\u00e1 acr\u00e9scimo de 3.1% j\u00e1 para esta temporada, com o objetivo de corre\u00e7\u00e3o inflacion\u00e1ria<\/p>\n","protected":false},"author":0,"featured_media":1000594027,"comment_status":"closed","ping_status":"closed","sticky":false,"template":"","format":"standard","meta":{"42wp_featured_image_caption":"","42wp_featured_image_credits":"","42wp_featured_video":"","42wp_featured_image_hidden":false,"42wp_authors_list":[],"footnotes":""},"categories":[2],"tags":[147,1357,103,24837,31064,24836,28285,31596,1287],"42wp_author":[47143],"class_list":["post-110793","post","type-post","status-publish","format-standard","has-post-thumbnail","hentry","category-f1","tag-f1","tag-f1-2022","tag-fia","tag-formula-1-2","tag-formula-1-2022-3","tag-grande-premio-2","tag-grandepremio","tag-limite-orcamentario","tag-teto-de-gastos","42wp_author-felipe-leite"],"_links":{"self":[{"href":"https:\/\/grandepremio.com\/br\/wp-json\/wp\/v2\/posts\/110793","targetHints":{"allow":["GET"]}}],"collection":[{"href":"https:\/\/grandepremio.com\/br\/wp-json\/wp\/v2\/posts"}],"about":[{"href":"https:\/\/grandepremio.com\/br\/wp-json\/wp\/v2\/types\/post"}],"replies":[{"embeddable":true,"href":"https:\/\/grandepremio.com\/br\/wp-json\/wp\/v2\/comments?post=110793"}],"version-history":[{"count":0,"href":"https:\/\/grandepremio.com\/br\/wp-json\/wp\/v2\/posts\/110793\/revisions"}],"wp:featuredmedia":[{"embeddable":true,"href":"https:\/\/grandepremio.com\/br\/wp-json\/wp\/v2\/media\/1000594027"}],"wp:attachment":[{"href":"https:\/\/grandepremio.com\/br\/wp-json\/wp\/v2\/media?parent=110793"}],"wp:term":[{"taxonomy":"category","embeddable":true,"href":"https:\/\/grandepremio.com\/br\/wp-json\/wp\/v2\/categories?post=110793"},{"taxonomy":"post_tag","embeddable":true,"href":"https:\/\/grandepremio.com\/br\/wp-json\/wp\/v2\/tags?post=110793"},{"taxonomy":"42wp_author","embeddable":true,"href":"https:\/\/grandepremio.com\/br\/wp-json\/wp\/v2\/42wp_author?post=110793"}],"curies":[{"name":"wp","href":"https:\/\/api.w.org\/{rel}","templated":true}]}}