{"id":110837,"date":"2022-07-06T12:00:56","date_gmt":"2022-07-06T15:00:56","guid":{"rendered":"https:\/\/grandepremio.com\/br\/noticias\/nissan-conversa-norman-nato-sacha-fenestraz-vaga-sebastien-buemi-formula-e-2023\/"},"modified":"2022-07-06T12:19:15","modified_gmt":"2022-07-06T15:19:15","slug":"nissan-conversa-norman-nato-sacha-fenestraz-vaga-sebastien-buemi-formula-e-2023","status":"publish","type":"post","link":"https:\/\/grandepremio.com\/br\/formula-e\/nissan-conversa-norman-nato-sacha-fenestraz-vaga-sebastien-buemi-formula-e-2023\/","title":{"rendered":"Nissan conversa com Nato e Fenestraz para vaga de Buemi na F\u00f3rmula E em 2023"},"content":{"rendered":"\n<figure class=\"wp-block-embed is-type-video is-provider-youtube wp-block-embed-youtube wp-embed-aspect-16-9 wp-has-aspect-ratio\"><div class=\"wp-block-embed__wrapper\">\n<iframe loading=\"lazy\" title=\"COMO FUNCIONAM OS TESTES DO NOVO CARRO GEN3 DA F\u00d3RMULA E?\" width=\"500\" height=\"281\" src=\"https:\/\/www.youtube.com\/embed\/jnEfis31VdQ?start=2&amp;feature=oembed\" frameborder=\"0\" allow=\"accelerometer; autoplay; clipboard-write; encrypted-media; gyroscope; picture-in-picture; web-share\" referrerpolicy=\"strict-origin-when-cross-origin\" allowfullscreen><\/iframe>\n<\/div><figcaption>COMO FUNCIONAM OS TESTES DO NOVO CARRO GEN3 DA F\u00d3RMULA E?<\/figcaption><\/figure>\n\n\n\n<p class=\"wp-block-paragraph\">A Nissan j\u00e1 sabe que vai perder S\u00e9bastien Buemi <a href=\"https:\/\/www.grandepremio.com\/br\/formula-e\/noticias\/sebastien-buemi-acordo-deixar-nissan-substituir-robin-frijns-envision-2023\/\" target=\"_blank\" aria-label=\"ap\u00f3s o encerramento da temporada atual (opens in a new tab)\" rel=\"noreferrer noopener\" class=\"ek-link\">ap\u00f3s o encerramento da temporada atual<\/a> da F\u00f3rmula E \u2014 o su\u00ed\u00e7o vai se mudar para a Envision, substituindo Robin Frijns como parceiro de Nick Cassidy \u2014 e segue trabalhando para garantir a dupla de Maximilian G\u00fcnther na estreia dos carros Gen3, no ano que vem. E de acordo com informa\u00e7\u00f5es do portal ingl\u00eas The Race, Sacha Fenestraz e Norman Nato s\u00e3o os principais candidatos.<\/p>\n\n\n\n<p class=\"wp-block-paragraph\">No entanto, a equipe ainda n\u00e3o fechou nenhum acordo para garantir algum piloto, o que mant\u00e9m o rol de op\u00e7\u00f5es em aberto at\u00e9 que a Nissan decida quem ser\u00e1 o parceiro de G\u00fcnther. Al\u00e9m de Fenestraz e Nato, Jann Mardenborough e Stephane Sarrazin ainda possuem v\u00ednculo com o time japon\u00eas \u2014 inclusive, fizeram as testagens do novo carro Gen3 \u2014 e n\u00e3o est\u00e3o descartados.<\/p>\n\n\n\n<p class=\"wp-block-paragraph\">O franco-argentino Fenestraz, que tem os mesmos gestores de carreira de Jake Dennis, da Andretti, tamb\u00e9m j\u00e1 participou de testes na categoria \u2014 mas com o carro da Jaguar. Al\u00e9m disso, Sacha experimentou o carro da categoria nos testes ap\u00f3s o eP de Marrakech de 2020, o que faz com que seu trabalho seja bem reconhecido pela equipe de engenharia.<\/p>\n\n\n\n<p class=\"wp-block-paragraph\"><strong>\u25b6\ufe0f\u00a0<a href=\"https:\/\/www.twitch.tv\/grandepremio\" target=\"_blank\" rel=\"noreferrer noopener\">Conhe\u00e7a o canal do GRANDE PR\u00caMIO na Twitch clicando aqui!<\/a><\/strong><\/p>\n\n\n\n<figure class=\"wp-block-image size-large\"><img decoding=\"async\" src=\"https:\/\/www.grandepremio.com\/br\/wp-content\/uploads\/2022\/07\/Fenestraz-1024x684.jpg\" alt=\"\" class=\"wp-image-593623\"\/><figcaption>Fenestraz \u00e9 uma das op\u00e7\u00f5es para a Nissan em 2023 (Foto: Twitter\/Sacha Fenestraz)<\/figcaption><\/figure>\n\n\n\n<p class=\"wp-block-paragraph\">A situa\u00e7\u00e3o de Fenestraz \u00e9 inclusive mais simples do que a de Nato, pois o franco-argentino disputa apenas a Super F\u00f3rmula e a Super GT em 2022, sem nenhuma conex\u00e3o com outra equipe \u2014 como Nyck de Vries, por exemplo, que visa participar do WEC 2023 pela Toyota, da qual \u00e9 piloto reserva. Assim, teria um caminho mais livre para participar da F\u00f3rmula E sem correr o risco de chocar datas com alguma outra competi\u00e7\u00e3o.<\/p>\n\n\n\n<p class=\"wp-block-paragraph\">Norman Nato, que se despediu da F\u00f3rmula E conquistando sua primeira e \u00fanica vit\u00f3ria na categoria, na corrida 2 do eP de Berlim de 2020\/2021, tem uma situa\u00e7\u00e3o um pouco mais complicada. Piloto reserva da Jaguar na atual temporada, o franc\u00eas cogita seriamente uma vaga de titular na Nissan para o ano que vem \u2014 precisa, no entanto, equilibrar sua participa\u00e7\u00e3o na categoria com os outros compromissos da carreira.<\/p>\n\n\n\n<p class=\"wp-block-paragraph\">O piloto disputa o Mundial de Endurance em 2021 pela WRT e competiu tamb\u00e9m nas 24 Horas de Le Mans, quando ficou na 15\u00aa posi\u00e7\u00e3o entre os carros da classe LMP2 junto a Rui Andrade e Ferdinand Habsburg. Mesmo com a inten\u00e7\u00e3o de competir na F\u00f3rmula E, Nato admite que o interesse no endurance \u00e9 forte.<\/p>\n\n\n\n<figure class=\"wp-block-image size-large\"><img decoding=\"async\" src=\"https:\/\/www.grandepremio.com\/br\/wp-content\/uploads\/2021\/08\/venturi-normannato-02-1024x683.jpg\" alt=\"\" class=\"wp-image-500240\"\/><figcaption>Norman Nato se despediu da F\u00f3rmula E com vit\u00f3ria e pode voltar em 2023 (Foto: FIA F\u00f3rmula E)<\/figcaption><\/figure>\n\n\n\n<p class=\"wp-block-paragraph\"><strong>\u25b6\ufe0f&nbsp;Inscreva-se nos dois canais do GRANDE PR\u00caMIO no YouTube:&nbsp;<a href=\"https:\/\/www.youtube.com\/channel\/UC9OlHEgxoaY6QY6nWPoiqQg?sub_confirmation=1\" target=\"_blank\" rel=\"noreferrer noopener\">GP<\/a>&nbsp;|&nbsp;<a href=\"https:\/\/www.youtube.com\/channel\/UC9csiS6q_C3C0FYhyr1rnFA?sub_confirmation=1\" target=\"_blank\" rel=\"noreferrer noopener\">GP2<\/a><\/strong><\/p>\n\n\n\n<p class=\"wp-block-paragraph\">&#8220;Definitivamente, estou olhando e em conversas com algumas equipes, como tamb\u00e9m estou fazendo no WEC e no IMSA&#8221;, admitiu Nato ao The Race em Marrakech. &#8220;Ainda tenho que ver o que tenho na mesa e o que \u00e9 melhor para meu futuro, porque \u00e9 \u00f3timo passar tempo com a Jaguar, mas \u00e9 frustrante n\u00e3o estar pilotando. Discuti com ambas [F\u00f3rmula E e WEC], e diria que vou precisar tomar uma decis\u00e3o no pr\u00f3ximo m\u00eas&#8221;, disse o franc\u00eas.<\/p>\n\n\n\n<p class=\"wp-block-paragraph\">Na contram\u00e3o de alguns pilotos que disputam a F\u00f3rmula E e se dividem com o endurance, como Ant\u00f3nio F\u00e9lix da Costa \u2014 l\u00edder da LMP2 em Le Mans \u2014, Nyck de Vries, S\u00e9bastien Buemi, Robin Frijns, entre outros, Nato prefere optar por uma categoria e seguir apenas com ela, devido \u00e0 grande possibilidade de que algumas datas se choquem e o piloto precise optar por uma corrida ou outra.<\/p>\n\n\n\n<p class=\"wp-block-paragraph\">&#8220;\u00c9 uma decis\u00e3o dif\u00edcil, porque acho que fazer as duas coisas \u00e9 um erro&#8221;, opinou. &#8220;Sei que alguns pilotos fariam, mas cedo v\u00e3o perceber que existem choques nos campeonatos, ent\u00e3o vai caber a eles gerenciar \u2014 e boa sorte com isso. Claro, eu gostaria de fazer os dois. Mas existe um novo carro na F\u00f3rmula E, um novo carro no WEC, muitos testes para fazer, muito foco, muito trabalho no simulador&#8221;, argumentou.<\/p>\n","protected":false},"excerpt":{"rendered":"<p>Com sa\u00edda de S\u00e9bastien Buemi para a Envision, Nissan ainda busca um companheiro de equipe para Maximilian G\u00fcnther e trata Norman Nato e Sacha Fenestraz como op\u00e7\u00f5es<\/p>\n","protected":false},"author":0,"featured_media":1000580165,"comment_status":"closed","ping_status":"closed","sticky":false,"template":"","format":"standard","meta":{"42wp_featured_image_caption":"","42wp_featured_image_credits":"","42wp_featured_video":"","42wp_featured_image_hidden":false,"42wp_authors_list":[],"footnotes":""},"categories":[19],"tags":[10437,189,6767,379,27903,840,28327,1601,24836,28285,705,26794,910,912,2128,894,1722,1593,7539,876,1512,356],"42wp_author":[47142],"class_list":["post-110837","post","type-post","status-publish","format-standard","has-post-thumbnail","hentry","category-formula-e","tag-envision","tag-ep-de-jacarta","tag-ep-de-marrakech","tag-fe","tag-fe-2022","tag-formula-e","tag-formula-e-2022","tag-gen3","tag-grande-premio-2","tag-grandepremio","tag-imsa","tag-indonesia","tag-jaguar","tag-maximilian-gunther","tag-nick-cassidy","tag-nissan","tag-norman-nato","tag-robin-frijns","tag-sacha-fenestraz","tag-sebastien-buemi","tag-super-formula","tag-wec","42wp_author-jp-nascimento"],"_links":{"self":[{"href":"https:\/\/grandepremio.com\/br\/wp-json\/wp\/v2\/posts\/110837","targetHints":{"allow":["GET"]}}],"collection":[{"href":"https:\/\/grandepremio.com\/br\/wp-json\/wp\/v2\/posts"}],"about":[{"href":"https:\/\/grandepremio.com\/br\/wp-json\/wp\/v2\/types\/post"}],"replies":[{"embeddable":true,"href":"https:\/\/grandepremio.com\/br\/wp-json\/wp\/v2\/comments?post=110837"}],"version-history":[{"count":0,"href":"https:\/\/grandepremio.com\/br\/wp-json\/wp\/v2\/posts\/110837\/revisions"}],"wp:featuredmedia":[{"embeddable":true,"href":"https:\/\/grandepremio.com\/br\/wp-json\/wp\/v2\/media\/1000580165"}],"wp:attachment":[{"href":"https:\/\/grandepremio.com\/br\/wp-json\/wp\/v2\/media?parent=110837"}],"wp:term":[{"taxonomy":"category","embeddable":true,"href":"https:\/\/grandepremio.com\/br\/wp-json\/wp\/v2\/categories?post=110837"},{"taxonomy":"post_tag","embeddable":true,"href":"https:\/\/grandepremio.com\/br\/wp-json\/wp\/v2\/tags?post=110837"},{"taxonomy":"42wp_author","embeddable":true,"href":"https:\/\/grandepremio.com\/br\/wp-json\/wp\/v2\/42wp_author?post=110837"}],"curies":[{"name":"wp","href":"https:\/\/api.w.org\/{rel}","templated":true}]}}