{"id":110869,"date":"2022-07-05T04:30:00","date_gmt":"2022-07-05T07:30:00","guid":{"rendered":"https:\/\/grandepremio.com\/br\/noticias\/sergio-sette-camara-admite-desanimo-baixo-rendimento-dragon-prazer-de-correr\/"},"modified":"2022-07-04T13:31:27","modified_gmt":"2022-07-04T16:31:27","slug":"sergio-sette-camara-admite-desanimo-baixo-rendimento-dragon-prazer-de-correr","status":"publish","type":"post","link":"https:\/\/grandepremio.com\/br\/formula-e\/sergio-sette-camara-admite-desanimo-baixo-rendimento-dragon-prazer-de-correr\/","title":{"rendered":"Sette C\u00e2mara admite des\u00e2nimo com ritmo da Dragon: &#8220;N\u00e3o d\u00e1 prazer de correr&#8221;"},"content":{"rendered":"\n<figure class=\"wp-block-embed is-type-video is-provider-youtube wp-block-embed-youtube wp-embed-aspect-16-9 wp-has-aspect-ratio\"><div class=\"wp-block-embed__wrapper\">\n<iframe loading=\"lazy\" title=\"COMO FUNCIONAM OS TESTES DO NOVO CARRO GEN3 DA F\u00d3RMULA E?\" width=\"500\" height=\"281\" src=\"https:\/\/www.youtube.com\/embed\/jnEfis31VdQ?start=2&amp;feature=oembed\" frameborder=\"0\" allow=\"accelerometer; autoplay; clipboard-write; encrypted-media; gyroscope; picture-in-picture; web-share\" referrerpolicy=\"strict-origin-when-cross-origin\" allowfullscreen><\/iframe>\n<\/div><figcaption>COMO FUNCIONAM OS TESTES DO NOVO CARRO GEN3 DA F\u00d3RMULA E?<\/figcaption><\/figure>\n\n\n\n<p class=\"wp-block-paragraph\">Mais uma etapa da F\u00f3rmula E se passou no \u00faltimo final de semana, e mais uma vez a hist\u00f3ria foi repetida por S\u00e9rgio Sette C\u00e2mara. O brasileiro, que tem obtido bons resultados na classifica\u00e7\u00e3o e demonstrado velocidade mesmo com um trem de for\u00e7a muito abaixo dos demais, novamente conseguiu uma boa posi\u00e7\u00e3o de largada \u2014 em 12\u00ba lugar \u2014 e precisou ver todos os rivais passarem por ele at\u00e9 o final da disputa, <a href=\"https:\/\/www.grandepremio.com\/br\/formula-e\/noticias\/edoardo-mortara-domina-ep-marrakech-toma-lideranca-formula-lucas-di-grassi-5o\/\" target=\"_blank\" aria-label=\"na qual foi o \u00faltimo entre os que completaram a corrida (opens in a new tab)\" rel=\"noreferrer noopener\" class=\"ek-link\">na qual foi o \u00faltimo entre os que completaram a corrida<\/a>.<\/p>\n\n\n\n<p class=\"wp-block-paragraph\">O mineiro explicou que a boa posi\u00e7\u00e3o de largada foi inclusive prejudicial para as aspira\u00e7\u00f5es da Dragon, j\u00e1 que a pouca efici\u00eancia da bateria n\u00e3o o permite batalhar com praticamente nenhum rival. Na tentativa de segurar as posi\u00e7\u00f5es, o carro gasta ainda mais energia e chega ao final da corrida sem bateria, o que fez Sette C\u00e2mara terminar atr\u00e1s at\u00e9 mesmo de Antonio Giovinazzi, seu companheiro de equipe e claramente sem adapta\u00e7\u00e3o \u00e0 F\u00f3rmula E.<\/p>\n\n\n\n<p class=\"wp-block-paragraph\">&#8220;Foi uma corrida muito dif\u00edcil&#8221;, disse. &#8220;A gente se classificou bem, sa\u00edmos em 12\u00ba, e principalmente nesses dias, onde a gente acaba classificando bem, que s\u00e3o os mais dif\u00edceis de correr bem \u2014 acredite ou n\u00e3o. Porque voc\u00ea n\u00e3o consegue manter as posi\u00e7\u00f5es, os outros pilotos come\u00e7am a te ultrapassar e voc\u00ea tem duas op\u00e7\u00f5es: ou deixa eles te passarem, perde a posi\u00e7\u00e3o e perde o tempo tamb\u00e9m \u2014 pois quando te passam voc\u00ea perde tempo \u2014, ou voc\u00ea tenta lutar e acaba comsumindo mais [bateria] do que deveria, e no final das contas eles te passam do mesmo jeito&#8221;, completou um frustrado Sette C\u00e2mara.<\/p>\n\n\n\n<p class=\"wp-block-paragraph\"><strong>\u25b6\ufe0f&nbsp;<a href=\"https:\/\/www.twitch.tv\/grandepremio\" target=\"_blank\" rel=\"noreferrer noopener\">Conhe\u00e7a o canal do GRANDE PR\u00caMIO na Twitch clicando aqui!<\/a><\/strong><\/p>\n\n\n\n<figure class=\"wp-block-image size-full\"><img decoding=\"async\" src=\"https:\/\/www.grandepremio.com\/br\/wp-content\/uploads\/2022\/07\/Sette-Camara-2.jpg\" alt=\"\" class=\"wp-image-593235\"\/><figcaption>Sette C\u00e2mara disse at\u00e9 mesmo que largar em \u00faltimo poderia ter sido melhor em Marrakech (Foto: F\u00f3rmula E)<\/figcaption><\/figure>\n\n\n\n<p class=\"wp-block-paragraph\"><strong>\u25b6\ufe0f&nbsp;Inscreva-se nos dois canais do GRANDE PR\u00caMIO no YouTube:&nbsp;<a href=\"https:\/\/www.youtube.com\/channel\/UC9OlHEgxoaY6QY6nWPoiqQg?sub_confirmation=1\" target=\"_blank\" rel=\"noreferrer noopener\">GP<\/a>&nbsp;|&nbsp;<a href=\"https:\/\/www.youtube.com\/channel\/UC9csiS6q_C3C0FYhyr1rnFA?sub_confirmation=1\" target=\"_blank\" rel=\"noreferrer noopener\">GP2<\/a><\/strong><\/p>\n\n\n\n<p class=\"wp-block-paragraph\">Claramente frustrado com mais uma corrida sem conseguir competir com os demais rivais no grid, Sette C\u00e2mara ressaltou a boa classifica\u00e7\u00e3o que fez ao garantir o 12\u00ba lugar, mas admitiu que com o equipamento que tem em m\u00e3os, talvez fosse melhor largar mesmo do fim do grid para conseguir administrar a energia ao longo da corrida.<\/p>\n\n\n\n<p class=\"wp-block-paragraph\">&#8220;Em resumo, voc\u00ea acaba caindo para \u00faltimo no final da corrida com nosso ritmo atual, sem energia nenhuma, sem bateria&#8221;, lamentou o brasileiro. &#8220;\u00c9 quase melhor j\u00e1 largar em \u00faltimo, que voc\u00ea fica ali administrando desde o in\u00edcio. Ent\u00e3o, \u00e9 complicado. N\u00e3o \u00e9 uma corrida que d\u00e1 prazer em fazer&#8221;, criticou Sette C\u00e2mara.<\/p>\n\n\n\n<p class=\"wp-block-paragraph\">&#8220;Mas saio daqui outra vez com a sensa\u00e7\u00e3o de dever cumprido, dei meu m\u00e1ximo, tirei o m\u00e1ximo do carro&#8221;, destacou. &#8220;Mas \u00e9 impressionante a gente ficar a 0s050 nos duelos da classifica\u00e7\u00e3o, parecer competitivo, mas chegar na corrida e n\u00e3o ter o menor ritmo. Ent\u00e3o, a gente tem que fazer alguma coisa&#8221;, finalizou.<\/p>\n\n\n\n<p class=\"wp-block-paragraph\">Com mais tr\u00eas etapas pela frente, cada uma com duas corridas, a Dragon segue como o \u00fanico time a n\u00e3o ter conquistado um ponto sequer na atual temporada. A F\u00f3rmula E retorna daqui a duas semanas, com a rodada dupla do eP de Nova York programada para acontecer nos dias 16 e 17 de julho.<\/p>\n","protected":false},"excerpt":{"rendered":"<p>Ap\u00f3s mais uma corrida em que se classificou bem, mas n\u00e3o teve o equipamento necess\u00e1rio para competir com os rivais, S\u00e9rgio Sette C\u00e2mara admitiu o descontentamento com a baixa performance do carro da Dragon<\/p>\n","protected":false},"author":0,"featured_media":1000593236,"comment_status":"closed","ping_status":"closed","sticky":false,"template":"","format":"standard","meta":{"42wp_featured_image_caption":"","42wp_featured_image_credits":"","42wp_featured_video":"","42wp_featured_image_hidden":false,"42wp_authors_list":[],"footnotes":""},"categories":[19],"tags":[456,1860,189,6767,379,27903,840,28327,1601,24836,28285,26794,28828],"42wp_author":[47142],"class_list":["post-110869","post","type-post","status-publish","format-standard","has-post-thumbnail","hentry","category-formula-e","tag-antonio-giovinazzi","tag-dragon","tag-ep-de-jacarta","tag-ep-de-marrakech","tag-fe","tag-fe-2022","tag-formula-e","tag-formula-e-2022","tag-gen3","tag-grande-premio-2","tag-grandepremio","tag-indonesia","tag-sergio-sette-camara-4","42wp_author-jp-nascimento"],"_links":{"self":[{"href":"https:\/\/grandepremio.com\/br\/wp-json\/wp\/v2\/posts\/110869","targetHints":{"allow":["GET"]}}],"collection":[{"href":"https:\/\/grandepremio.com\/br\/wp-json\/wp\/v2\/posts"}],"about":[{"href":"https:\/\/grandepremio.com\/br\/wp-json\/wp\/v2\/types\/post"}],"replies":[{"embeddable":true,"href":"https:\/\/grandepremio.com\/br\/wp-json\/wp\/v2\/comments?post=110869"}],"version-history":[{"count":0,"href":"https:\/\/grandepremio.com\/br\/wp-json\/wp\/v2\/posts\/110869\/revisions"}],"wp:featuredmedia":[{"embeddable":true,"href":"https:\/\/grandepremio.com\/br\/wp-json\/wp\/v2\/media\/1000593236"}],"wp:attachment":[{"href":"https:\/\/grandepremio.com\/br\/wp-json\/wp\/v2\/media?parent=110869"}],"wp:term":[{"taxonomy":"category","embeddable":true,"href":"https:\/\/grandepremio.com\/br\/wp-json\/wp\/v2\/categories?post=110869"},{"taxonomy":"post_tag","embeddable":true,"href":"https:\/\/grandepremio.com\/br\/wp-json\/wp\/v2\/tags?post=110869"},{"taxonomy":"42wp_author","embeddable":true,"href":"https:\/\/grandepremio.com\/br\/wp-json\/wp\/v2\/42wp_author?post=110869"}],"curies":[{"name":"wp","href":"https:\/\/api.w.org\/{rel}","templated":true}]}}