{"id":110874,"date":"2022-07-04T15:55:37","date_gmt":"2022-07-04T18:55:37","guid":{"rendered":"https:\/\/grandepremio.com\/br\/noticias\/alex-palou-elogia-scott-mclaughlin-disputa-vitoria-mid-ohio-foi-perfeito\/"},"modified":"2022-07-04T15:56:46","modified_gmt":"2022-07-04T18:56:46","slug":"alex-palou-elogia-scott-mclaughlin-disputa-vitoria-mid-ohio-foi-perfeito","status":"publish","type":"post","link":"https:\/\/grandepremio.com\/br\/indy\/alex-palou-elogia-scott-mclaughlin-disputa-vitoria-mid-ohio-foi-perfeito\/","title":{"rendered":"Palou elogia McLaughlin ap\u00f3s disputa por vit\u00f3ria em Mid-Ohio: &#8220;Foi perfeito&#8221;"},"content":{"rendered":"\n<figure class=\"wp-block-embed is-type-video is-provider-youtube wp-block-embed-youtube wp-embed-aspect-16-9 wp-has-aspect-ratio\"><div class=\"wp-block-embed__wrapper\">\n<iframe loading=\"lazy\" title=\"CONTRATO SEM CATEGORIA MOSTRA QUE ROSENQVIST \u00c9 PLANO B DA MCLAREN NA INDY\" width=\"500\" height=\"281\" src=\"https:\/\/www.youtube.com\/embed\/J-5wLbO63CU?feature=oembed\" frameborder=\"0\" allow=\"accelerometer; autoplay; clipboard-write; encrypted-media; gyroscope; picture-in-picture; web-share\" referrerpolicy=\"strict-origin-when-cross-origin\" allowfullscreen><\/iframe>\n<\/div><figcaption>CONTRATO SEM CATEGORIA MOSTRA QUE ROSENQVIST \u00c9 PLANO B DA MCLAREN NA INDY<\/figcaption><\/figure>\n\n\n\n<p class=\"wp-block-paragraph\">\u00c1lex Palou segue sem vencer na temporada de 2022 da Indy. O atual campe\u00e3o da categoria pressionou o neozeland\u00eas Scott McLaughlin at\u00e9 o final do GP de Mid-Ohio no \u00faltimo domingo (3), <a href=\"https:\/\/www.grandepremio.com\/br\/indy\/noticias\/scott-mclaughlin-segura-alex-palou-vence-gp-mid-ohio-marcado-guerra-andretti\/\" class=\"ek-link\">mas acabou terminando na segunda coloca\u00e7\u00e3o pela terceira vez no ano<\/a>. O espanhol estava perto de assumir a ponta ap\u00f3s a primeira rodada de pit-stops, mas uma bandeira amarela acabou favorecendo o piloto da Penske. Mesmo sem o triunfo, Palou comemorou o bom resultado em Lexington.<\/p>\n\n\n\n<p class=\"wp-block-paragraph\">\u201cFiquei super feliz, t\u00ednhamos um carro r\u00e1pido. A Honda nos deu tudo o que precis\u00e1vamos hoje com o combust\u00edvel. \u00c9 por isso que fomos capazes de parar cedo e fazer o undercut funcionar. Foi uma pena termos essa bandeira amarela porque est\u00e1vamos na frente por dois segundos quando passamos pela sa\u00edda dos boxes&#8221;, explicou o espanhol.<\/p>\n\n\n\n<p class=\"wp-block-paragraph\">\u201cDe qualquer forma, s\u00e3o as mesmas regras para todos. Mas \u00e9 bom estar de volta aqui, bom lutar at\u00e9 o fim. \u00c9 super dif\u00edcil passar aqui, pelo menos se voc\u00ea estiver na mesma estrat\u00e9gia de pneus. Acho que fomos um pouco mais r\u00e1pidos, mas n\u00e3o consegui passar o Scott [McLaughlin]. Ele tamb\u00e9m fez uma corrida incr\u00edvel&#8221;, afirmou \u00c1lex.<\/p>\n\n\n\n<p class=\"wp-block-paragraph\"><strong>\u25b6\ufe0f\u00a0Inscreva-se nos dois canais do GRANDE PR\u00caMIO no YouTube:\u00a0<a href=\"https:\/\/www.youtube.com\/channel\/UC9OlHEgxoaY6QY6nWPoiqQg?sub_confirmation=1\" target=\"_blank\" rel=\"noreferrer noopener\">GP<\/a>\u00a0|\u00a0<a href=\"https:\/\/www.youtube.com\/channel\/UC9csiS6q_C3C0FYhyr1rnFA?sub_confirmation=1\" target=\"_blank\" rel=\"noreferrer noopener\">GP2<\/a><\/strong><\/p>\n\n\n\n<figure class=\"wp-block-image size-large\"><img decoding=\"async\" src=\"https:\/\/www.grandepremio.com\/br\/wp-content\/uploads\/2022\/07\/Alex-Palou-Honda-Indy-200-at-Mid-Ohio-By_-Chris-Owens_m63270-1024x683.jpg\" alt=\"\" class=\"wp-image-591921\"\/><figcaption>\u00c1lex Palou terminou pela terceira vez em segundo em 2022 (Foto: IndyCar)<\/figcaption><\/figure>\n\n\n\n<p class=\"wp-block-paragraph\">Palou terminou a corrida a menos de um segundo de McLaughlin. Essa foi a segunda vez no ano que os dois terminaram nas primeiras posi\u00e7\u00f5es, repetindo o resultado de St. Pete, na abertura da temporada de 2022 da Indy. O espanhol revelou que at\u00e9 pensou em tentar uma manobra mais ousada, mas que, mesmo sem conseguir a ultrapassagem sobre Scott, teve uma tarde divertida.<\/p>\n\n\n\n<p class=\"wp-block-paragraph\">\u201cAcho que t\u00ednhamos um carro r\u00e1pido, mas aqui \u00e9 dif\u00edcil passar com os mesmos pneus sem ele cometer um erro. Ele foi perfeito hoje. Eu estava tentando for\u00e7\u00e1-lo para ter pelo menos uma chance. Tivemos duas ou tr\u00eas oportunidades na curva 4, mas eu estava do lado de fora e n\u00e3o estava realmente lado a lado, ent\u00e3o pensei que n\u00e3o era a melhor op\u00e7\u00e3o\u201d, contou Palou.<\/p>\n\n\n\n<p class=\"wp-block-paragraph\"><strong>LEIA MAIS:<\/strong><br><strong>+<strong><a href=\"https:\/\/www.grandepremio.com\/br\/indy\/noticias\/scott-mclaughlin-exalta-relargadas-vitoria-dificil-final-gp-mid-ohio\/\">McLaughlin exalta relargadas em vit\u00f3ria \u201cdif\u00edcil no final\u201d no\u00a0<\/a><a href=\"https:\/\/www.grandepremio.com\/br\/etapa\/indy\/gp-de-mid-ohio-indy-2022\/\" target=\"_blank\" rel=\"noreferrer noopener\"><\/a><a href=\"https:\/\/www.grandepremio.com\/br\/etapa\/indy\/gp-de-mid-ohio-indy-2022\/\" target=\"_blank\" rel=\"noreferrer noopener\"><\/a><a href=\"https:\/\/www.grandepremio.com\/br\/etapa\/indy\/gp-de-mid-ohio-indy-2022\/\" target=\"_blank\" rel=\"noreferrer noopener\"><\/a><a href=\"https:\/\/www.grandepremio.com\/br\/etapa\/indy\/gp-de-mid-ohio-indy-2022\/\" target=\"_blank\" rel=\"noreferrer noopener\">GP de Mid-Ohio<\/a><\/strong><\/strong><br><strong>+<a href=\"https:\/\/www.grandepremio.com\/br\/indy\/noticias\/will-power-revela-estar-amando-corridas-recuperacao-apos-3o-mid-ohio\/\">Power revela estar \u201camando\u201d corridas de recupera\u00e7\u00e3o ap\u00f3s 3\u00ba em Mid-Ohio<\/a><\/strong><br><strong>+<a href=\"https:\/\/www.grandepremio.com\/br\/indy\/noticias\/helio-castroneves-elogia-carro-consistente-celebra-top-10-fantastico-mid-ohio\/\">Castroneves elogia carro \u201cconsistente\u201d e celebra top-10 \u201cfant\u00e1stico\u201d em Mid-Ohio<\/a><\/strong><br><strong>+<a href=\"https:\/\/www.grandepremio.com\/br\/indy\/noticias\/michael-andretti-confirma-tensao-pilotos-equipe-personalidades-nao-estao-batendo\/\" class=\"ek-link\">Andretti confirma tens\u00e3o entre pilotos na equipe: \u201cPersonalidades n\u00e3o est\u00e3o batendo\u201d<\/a><\/strong><\/p>\n\n\n\n<figure class=\"wp-block-image size-large\"><img decoding=\"async\" src=\"https:\/\/www.grandepremio.com\/br\/wp-content\/uploads\/2022\/07\/Honda-Indy-200-at-Mid-Ohio-Saturday_-July-2_-2022_Large-Image-Without-Watermark_m63442-1024x683.jpg\" alt=\"\" class=\"wp-image-592366\"\/><figcaption>\u00c1lex Palou em a\u00e7\u00e3o durante o GP de Mid-Ohio (Foto: IndyCar)<\/figcaption><\/figure>\n\n\n\n<p class=\"wp-block-paragraph\">\u201cAcho que fizemos o melhor com o que t\u00ednhamos hoje, n\u00e3o deixamos nada, como fizemos no circuito misto em Indian\u00e1polis, por exemplo. Isso foi frustrante. Hoje foi divertido. Sinto que sempre que subi ao p\u00f3dio pressionei o cara da frente at\u00e9 a \u00faltima volta, algo que aconteceu em St. Pete, Barber e aqui&#8221;, concluiu o piloto da Ganassi.<\/p>\n\n\n\n<p class=\"wp-block-paragraph\">Com o quarto p\u00f3dio no ano, <a href=\"https:\/\/www.grandepremio.com\/br\/indy\/noticias\/marcus-ericsson-mantem-lideranca-mid-ohio-mas-will-power-aproxima-confira-classificacao\/\" class=\"ek-link\">Palou chegou a 286 pontos e diminuiu a diferen\u00e7a para Marcus Ericsson<\/a>, l\u00edder da Indy, para 35 pontos. A categoria retorna agora no dia 17 de julho, para o GP de Toronto, com cobertura completa do <strong>GRANDE PR\u00caMIO<\/strong>.<\/p>\n","protected":false},"excerpt":{"rendered":"<p>\u00c1lex Palou pressionou Scott McLaughlin em busca da vit\u00f3ria em Mid-Ohio, mas n\u00e3o conseguiu uma boa oportunidade para ultrapassar o rival e terminou na segunda posi\u00e7\u00e3o pela terceira vez na temporada<\/p>\n","protected":false},"author":0,"featured_media":1000591924,"comment_status":"closed","ping_status":"closed","sticky":false,"template":"","format":"standard","meta":{"42wp_featured_image_caption":"","42wp_featured_image_credits":"","42wp_featured_video":"","42wp_featured_image_hidden":false,"42wp_authors_list":[],"footnotes":""},"categories":[3],"tags":[619,29062,1595,3622,93,2209,94,265,266],"42wp_author":[47144],"class_list":["post-110874","post","type-post","status-publish","format-standard","has-post-thumbnail","hentry","category-indy","tag-formula-indy","tag-formula-indy-2022","tag-ganassi","tag-gp-de-mid-ohio","tag-indy","tag-indy-2022","tag-indycar","tag-penske","tag-scott-mclaughlin","42wp_author-andre-netto"],"_links":{"self":[{"href":"https:\/\/grandepremio.com\/br\/wp-json\/wp\/v2\/posts\/110874","targetHints":{"allow":["GET"]}}],"collection":[{"href":"https:\/\/grandepremio.com\/br\/wp-json\/wp\/v2\/posts"}],"about":[{"href":"https:\/\/grandepremio.com\/br\/wp-json\/wp\/v2\/types\/post"}],"replies":[{"embeddable":true,"href":"https:\/\/grandepremio.com\/br\/wp-json\/wp\/v2\/comments?post=110874"}],"version-history":[{"count":0,"href":"https:\/\/grandepremio.com\/br\/wp-json\/wp\/v2\/posts\/110874\/revisions"}],"wp:featuredmedia":[{"embeddable":true,"href":"https:\/\/grandepremio.com\/br\/wp-json\/wp\/v2\/media\/1000591924"}],"wp:attachment":[{"href":"https:\/\/grandepremio.com\/br\/wp-json\/wp\/v2\/media?parent=110874"}],"wp:term":[{"taxonomy":"category","embeddable":true,"href":"https:\/\/grandepremio.com\/br\/wp-json\/wp\/v2\/categories?post=110874"},{"taxonomy":"post_tag","embeddable":true,"href":"https:\/\/grandepremio.com\/br\/wp-json\/wp\/v2\/tags?post=110874"},{"taxonomy":"42wp_author","embeddable":true,"href":"https:\/\/grandepremio.com\/br\/wp-json\/wp\/v2\/42wp_author?post=110874"}],"curies":[{"name":"wp","href":"https:\/\/api.w.org\/{rel}","templated":true}]}}