{"id":110901,"date":"2022-07-03T20:17:54","date_gmt":"2022-07-03T23:17:54","guid":{"rendered":"https:\/\/grandepremio.com\/br\/noticias\/romain-grosjean-detona-alexander-rossi-apos-choque-mid-ohio-ele-foi-idiota\/"},"modified":"2022-07-05T16:02:43","modified_gmt":"2022-07-05T19:02:43","slug":"romain-grosjean-detona-alexander-rossi-apos-choque-mid-ohio-ele-foi-idiota","status":"publish","type":"post","link":"https:\/\/grandepremio.com\/br\/indy\/romain-grosjean-detona-alexander-rossi-apos-choque-mid-ohio-ele-foi-idiota\/","title":{"rendered":"Grosjean detona Rossi ap\u00f3s choque em Mid-Ohio: &#8220;Ele foi um idiota&#8221;"},"content":{"rendered":"\n<figure class=\"wp-block-video\"><video class=\"video-js vjs-big-play-centered\" data-gp-vjs=\"1\" controls src=\"https:\/\/www.grandepremio.com\/br\/wp-content\/uploads\/2022\/07\/Andretti-Autosports-worst-nightmare.-Teammates-Alexander-Rossi-and-Romain-Grosjean-collide.-Grosjean-yells-WHATS-WRONG-WITH-HIM-INDYCAR-.mp4\"><\/video><figcaption>O acidente entre Grosjean e Rossi (V\u00eddeo: Indycar)<\/figcaption><\/figure>\n\n\n\n<p class=\"wp-block-paragraph\">Romain Grosjean deixou o GP de Mid-Ohio na bronca com o companheiro de equipe Alexander Rossi. Na prova disputa neste domingo (3), o franc\u00eas se envolveu em acidente com o parceiro de Andretti na reta final da prova. Quando disputavam posi\u00e7\u00e3o na curva 4, Rossi acabou espalhando e tocando no carro de Romain, que foi parar na caixa de brita.<\/p>\n\n\n\n<p class=\"wp-block-paragraph\">Curiosamente, Grosjean eventualmente causou uma colis\u00e3o com outro companheiro de equipe: Colton Herta. O franc\u00eas, inclusive, recebeu uma puni\u00e7\u00e3o por tocar a traseira do carro #26 em um contato evit\u00e1vel. Em entrevista ao jornal Indy Star ap\u00f3s a corrida, Romain pediu desculpas para Herta, mas detonou Rossi.<\/p>\n\n\n\n<p class=\"wp-block-paragraph\">&#8220;Eu preciso pedir desculpas para Colton. Tinha muito mais ader\u00eancia que todos, ent\u00e3o apenas freei. N\u00e3o achei que ele frearia t\u00e3o cedo, ent\u00e3o tentei evitar contato. N\u00e3o foi bom do meu lado, mas acho que assim ser\u00e1 por hoje. \u00c9 que Rossi foi um absoluto idiota&#8221;, comentou Romain, que cruzou a linha de chegada apenas em 21\u00ba.<\/p>\n\n\n\n<p class=\"wp-block-paragraph\"><strong>\u25b6\ufe0f\u00a0Inscreva-se nos dois canais do GRANDE PR\u00caMIO no YouTube:\u00a0<a href=\"https:\/\/www.youtube.com\/channel\/UC9OlHEgxoaY6QY6nWPoiqQg?sub_confirmation=1\" target=\"_blank\" rel=\"noreferrer noopener\">GP<\/a>\u00a0|\u00a0<a href=\"https:\/\/www.youtube.com\/channel\/UC9csiS6q_C3C0FYhyr1rnFA?sub_confirmation=1\" target=\"_blank\" rel=\"noreferrer noopener\">GP2<\/a><\/strong><\/p>\n\n\n\n<figure class=\"wp-block-image size-large\"><img decoding=\"async\" src=\"https:\/\/www.grandepremio.com\/br\/wp-content\/uploads\/2022\/07\/Alexander-Rossi-Honda-Indy-200-at-Mid-Ohio-By_-Joe-Skibinski_Large-Image-Without-Watermark_m63869-1024x683.jpg\" alt=\"\" class=\"wp-image-593045\"\/><figcaption>Alexander Rossi e Romain Grosjean se desentenderam na pista (Foto: IndyCar)<\/figcaption><\/figure>\n\n\n\n<p class=\"wp-block-paragraph\"><a href=\"https:\/\/www.grandepremio.com\/br\/indy\/noticias\/scott-mclaughlin-segura-alex-palou-vence-gp-mid-ohio-marcado-guerra-andretti\/\"><strong>LEIA MAIS:<\/strong>\u00a0<\/a>McLaughlin segura Palou e vence\u00a0<a href=\"https:\/\/www.grandepremio.com\/br\/etapa\/indy\/gp-de-mid-ohio-indy-2022\/\" target=\"_blank\" rel=\"noreferrer noopener\"><\/a><a href=\"https:\/\/www.grandepremio.com\/br\/etapa\/indy\/gp-de-mid-ohio-indy-2022\/\" target=\"_blank\" rel=\"noreferrer noopener\">GP de Mid-Ohio<\/a>\u00a0marcado por guerra da Andretti<\/p>\n\n\n\n<p class=\"wp-block-paragraph\">Ap\u00f3s a prova, o chefe de equipe Michael Andretti convocou uma reuni\u00e3o de urg\u00eancia com os pilotos para debater o comportamento em pista em Mid-Ohio. Rossi, que foi punido pelo contato com Grosjean, tamb\u00e9m causou acidente com o companheiro Devlin DeFrancesco posteriormente, e foi apenas o 19\u00ba.<\/p>\n\n\n\n<p class=\"wp-block-paragraph\">&#8220;N\u00e3o foi agrad\u00e1vel, mas que bom que ele [Michael Andretti] fez isso. Entendo que ele est\u00e1 frustrado e n\u00e3o est\u00e1 feliz conosco. Eu n\u00e3o entendo por que ele [Rossi] fez isso. Ele est\u00e1 de pneus duros, estou de macios, do lado de fora, estou com mais velocidade nas curvas. Ele fez isso na relargada. OK, talvez tenha escorregado com pneus frios. Mas fez de novo na volta seguinte, e de prop\u00f3sito. Minha m\u00e3o d\u00f3i e perdemos a corrida&#8221;, concluiu.<\/p>\n\n\n\n<figure class=\"wp-block-embed is-type-video is-provider-youtube wp-block-embed-youtube wp-embed-aspect-16-9 wp-has-aspect-ratio\"><div class=\"wp-block-embed__wrapper\">\n<iframe loading=\"lazy\" title=\"CONTRATO SEM CATEGORIA MOSTRA QUE ROSENQVIST \u00c9 PLANO B DA MCLAREN NA INDY\" width=\"500\" height=\"281\" src=\"https:\/\/www.youtube.com\/embed\/J-5wLbO63CU?start=18&amp;feature=oembed\" frameborder=\"0\" allow=\"accelerometer; autoplay; clipboard-write; encrypted-media; gyroscope; picture-in-picture; web-share\" referrerpolicy=\"strict-origin-when-cross-origin\" allowfullscreen><\/iframe>\n<\/div><figcaption>CONTRATO SEM CATEGORIA MOSTRA QUE ROSENQVIST \u00c9 PLANO B DA MCLAREN NA INDY<\/figcaption><\/figure>\n","protected":false},"excerpt":{"rendered":"<p>Romain Grosjean n\u00e3o poupou palavras para descrever o companheiro de equipe Alexander Rossi depois do pol\u00eamico toque durante o GP de Mid-Ohio da Indy<\/p>\n","protected":false},"author":0,"featured_media":1000593050,"comment_status":"closed","ping_status":"closed","sticky":false,"template":"","format":"standard","meta":{"42wp_featured_image_caption":"","42wp_featured_image_credits":"","42wp_featured_video":"","42wp_featured_image_hidden":false,"42wp_authors_list":[],"footnotes":""},"categories":[3],"tags":[617,417,1579,334,619,1595,3622,30956,93,2209,1555,1569,90,99,265,2188,120,732,266,1596,3133],"42wp_author":[47119],"class_list":["post-110901","post","type-post","status-publish","format-standard","has-post-thumbnail","hentry","category-indy","tag-alexander-rossi","tag-andretti","tag-colton-herta","tag-david-malukas","tag-formula-indy","tag-ganassi","tag-gp-de-mid-ohio","tag-helio-castroneves-2","tag-indy","tag-indy-2022","tag-josef-newgarden","tag-marcus-ericsson","tag-mclaren","tag-pato-oward","tag-penske","tag-rinus-veekay","tag-romain-grosjean","tag-scott-dixon","tag-scott-mclaughlin","tag-simon-pagenaud","tag-will-power","42wp_author-gabriel-carvalho"],"_links":{"self":[{"href":"https:\/\/grandepremio.com\/br\/wp-json\/wp\/v2\/posts\/110901","targetHints":{"allow":["GET"]}}],"collection":[{"href":"https:\/\/grandepremio.com\/br\/wp-json\/wp\/v2\/posts"}],"about":[{"href":"https:\/\/grandepremio.com\/br\/wp-json\/wp\/v2\/types\/post"}],"replies":[{"embeddable":true,"href":"https:\/\/grandepremio.com\/br\/wp-json\/wp\/v2\/comments?post=110901"}],"version-history":[{"count":0,"href":"https:\/\/grandepremio.com\/br\/wp-json\/wp\/v2\/posts\/110901\/revisions"}],"wp:featuredmedia":[{"embeddable":true,"href":"https:\/\/grandepremio.com\/br\/wp-json\/wp\/v2\/media\/1000593050"}],"wp:attachment":[{"href":"https:\/\/grandepremio.com\/br\/wp-json\/wp\/v2\/media?parent=110901"}],"wp:term":[{"taxonomy":"category","embeddable":true,"href":"https:\/\/grandepremio.com\/br\/wp-json\/wp\/v2\/categories?post=110901"},{"taxonomy":"post_tag","embeddable":true,"href":"https:\/\/grandepremio.com\/br\/wp-json\/wp\/v2\/tags?post=110901"},{"taxonomy":"42wp_author","embeddable":true,"href":"https:\/\/grandepremio.com\/br\/wp-json\/wp\/v2\/42wp_author?post=110901"}],"curies":[{"name":"wp","href":"https:\/\/api.w.org\/{rel}","templated":true}]}}