{"id":110902,"date":"2022-07-03T19:21:39","date_gmt":"2022-07-03T22:21:39","guid":{"rendered":"https:\/\/grandepremio.com\/br\/noticias\/helio-castroneves-elogia-carro-consistente-celebra-top-10-fantastico-mid-ohio\/"},"modified":"2022-07-03T19:23:06","modified_gmt":"2022-07-03T22:23:06","slug":"helio-castroneves-elogia-carro-consistente-celebra-top-10-fantastico-mid-ohio","status":"publish","type":"post","link":"https:\/\/grandepremio.com\/br\/indy\/helio-castroneves-elogia-carro-consistente-celebra-top-10-fantastico-mid-ohio\/","title":{"rendered":"Castroneves elogia carro &#8220;consistente&#8221; e celebra top-10 &#8220;fant\u00e1stico&#8221; em Mid-Ohio"},"content":{"rendered":"\n<figure class=\"wp-block-embed is-type-video is-provider-youtube wp-block-embed-youtube wp-embed-aspect-16-9 wp-has-aspect-ratio\"><div class=\"wp-block-embed__wrapper\">\n<iframe loading=\"lazy\" title=\"CONTRATO SEM CATEGORIA MOSTRA QUE ROSENQVIST \u00c9 PLANO B DA MCLAREN NA INDY\" width=\"500\" height=\"281\" src=\"https:\/\/www.youtube.com\/embed\/J-5wLbO63CU?feature=oembed\" frameborder=\"0\" allow=\"accelerometer; autoplay; clipboard-write; encrypted-media; gyroscope; picture-in-picture; web-share\" referrerpolicy=\"strict-origin-when-cross-origin\" allowfullscreen><\/iframe>\n<\/div><figcaption>CONTRATO SEM CATEGORIA MOSTRA QUE ROSENQVIST \u00c9 PLANO B DA MCLAREN NA INDY<\/figcaption><\/figure>\n\n\n\n<p class=\"wp-block-paragraph\">Helio Castroneves obteve seu segundo melhor resultado da temporada de 2022 da Indy neste domingo (3) com um oitavo lugar no GP de Mid-Ohio. <a href=\"https:\/\/www.grandepremio.com\/br\/indy\/noticias\/helio-castroneves-reclama-will-power-classificacao-mid-ohio-olhar-retrovisores\/\" class=\"ek-link\">Largando em 15\u00ba ap\u00f3s ser atrapalhado por Will Power na classifica\u00e7\u00e3o<\/a>, o brasileiro aproveitou as relargadas e a boa estrat\u00e9gia da Meyer Shank para ganhar posi\u00e7\u00f5es e terminar apenas pela terceira vez em nove provas entre os dez primeiros.<\/p>\n\n\n\n<p class=\"wp-block-paragraph\">&#8220;Foi uma boa estrat\u00e9gia da equipe, o carro n\u00e3o era o mais r\u00e1pido de todos, mas estava muito consistente. N\u00f3s chegamos a um plat\u00f4, mas voc\u00ea continua e fomos capazes de atacar e defender. As amarelas n\u00e3o vieram em bons momentos, mas acabram ajudando por conta das relargadas, meu carro estava muito bom nas relargadas, eu tinha um \u00f3timo acerto&#8221;, elogiou Castroneves ap\u00f3s o GP de Mid-Ohio.<\/p>\n\n\n\n<p class=\"wp-block-paragraph\"><strong>\u25b6\ufe0f\u00a0Inscreva-se nos dois canais do GRANDE PR\u00caMIO no YouTube:\u00a0<a href=\"https:\/\/www.youtube.com\/channel\/UC9OlHEgxoaY6QY6nWPoiqQg?sub_confirmation=1\" target=\"_blank\" rel=\"noreferrer noopener\">GP<\/a>\u00a0|\u00a0<a href=\"https:\/\/www.youtube.com\/channel\/UC9csiS6q_C3C0FYhyr1rnFA?sub_confirmation=1\" target=\"_blank\" rel=\"noreferrer noopener\">GP2<\/a><\/strong><\/p>\n\n\n\n<figure class=\"wp-block-image size-large\"><img decoding=\"async\" src=\"https:\/\/www.grandepremio.com\/br\/wp-content\/uploads\/2022\/07\/Helio-Castroneves-Honda-Indy-200-at-Mid-Ohio-By_-Joe-Skibinski_Large-Image-Without-Watermark_m63688-1024x683.jpg\" alt=\"\" class=\"wp-image-593031\"\/><figcaption>Helio Castroneves elogiou o carro da Meyer Shank nas relargadas em Mid-Ohio (Foto: IndyCar)<\/figcaption><\/figure>\n\n\n\n<p class=\"wp-block-paragraph\"><strong>LEIA MAIS: <\/strong><br><strong>+<strong><a href=\"https:\/\/www.grandepremio.com\/br\/indy\/noticias\/scott-mclaughlin-exalta-relargadas-vitoria-dificil-final-gp-mid-ohio\/\">McLaughlin exalta relargadas em vit\u00f3ria \u201cdif\u00edcil no final\u201d no\u00a0<\/a><a href=\"https:\/\/www.grandepremio.com\/br\/etapa\/indy\/gp-de-mid-ohio-indy-2022\/\" target=\"_blank\" rel=\"noreferrer noopener\">GP de Mid-Ohio<\/a><\/strong><\/strong><br><strong>+<a href=\"https:\/\/www.grandepremio.com\/br\/indy\/noticias\/will-power-revela-estar-amando-corridas-recuperacao-apos-3o-mid-ohio\/\" class=\"ek-link\">Power revela estar \u201camando\u201d corridas de recupera\u00e7\u00e3o ap\u00f3s 3\u00ba em Mid-Ohio<\/a><\/strong><\/p>\n\n\n\n<p class=\"wp-block-paragraph\">O melhor resultado de Helinho at\u00e9 aqui tinha sido um s\u00e9timo lugar nas 500 Milhas de Indian\u00e1polis, prova da qual \u00e9 recordista de vit\u00f3rias com quatro no total. Depois de uma corrida frustrante em Road America e um abandono em Detroit, o brasileiro finalmente conseguiu os pontos que desejava. &#8220;N\u00f3s precis\u00e1vamos de pontos e conseguimos aqui hoje, um top-10 fant\u00e1stico e agora vamos para a pr\u00f3xima&#8221;, concluiu.<\/p>\n\n\n\n<p class=\"wp-block-paragraph\">O neozeland\u00eas Scott McLaughlin, da Penske, venceu o GP de Mid-Ohio ap\u00f3s segurar \u00c1lex Palou, da Ganassi, nas voltas finais. Com o resultado, Castroneves ocupa atualmente a 16\u00aa posi\u00e7\u00e3o na classifica\u00e7\u00e3o de pilotos da Indy. O sueco Marcus Ericsson, da Ganassi, segue na lideran\u00e7a, com uma vantagem de 20 pontos para Will Power, da Penske.<\/p>\n\n\n\n<p class=\"wp-block-paragraph\">A\u00a0<a href=\"https:\/\/www.grandepremio.com\/formula-indy\/\" target=\"_blank\" rel=\"noreferrer noopener\">Indy<\/a>\u00a0retorna no dia 17 de julho, para o\u00a0<a href=\"https:\/\/www.grandepremio.com\/br\/etapa\/indy\/gp-de-toronto-indy-2022\/\" target=\"_blank\" rel=\"noreferrer noopener\">GP de Toronto<\/a>, com cobertura completa do\u00a0<strong>GRANDE PR\u00caMIO<\/strong>.<\/p>\n\n\n\n<figure class=\"wp-block-embed is-type-video is-provider-youtube wp-block-embed-youtube wp-embed-aspect-16-9 wp-has-aspect-ratio\"><div class=\"wp-block-embed__wrapper\">\n<iframe loading=\"lazy\" title=\"CINCO PONTOS PARA PRESTAR ATEN\u00c7\u00c3O NA SEGUNDA METADE DA INDY 2022\" width=\"500\" height=\"281\" src=\"https:\/\/www.youtube.com\/embed\/a28zSZNgfJA?feature=oembed\" frameborder=\"0\" allow=\"accelerometer; autoplay; clipboard-write; encrypted-media; gyroscope; picture-in-picture; web-share\" referrerpolicy=\"strict-origin-when-cross-origin\" allowfullscreen><\/iframe>\n<\/div><figcaption>CINCO PONTOS PARA PRESTAR ATEN\u00c7\u00c3O NA SEGUNDA METADE DA INDY 2022<\/figcaption><\/figure>\n","protected":false},"excerpt":{"rendered":"<p>O brasileiro Helio Castroneves agradeceu o trabalho da Meyer Shank e destacou que seu carro estava muito bom nas relargadas, algo que foi funadamental para terminar o GP de Mid-Ohio em oitavo<\/p>\n","protected":false},"author":0,"featured_media":1000593032,"comment_status":"closed","ping_status":"closed","sticky":false,"template":"","format":"standard","meta":{"42wp_featured_image_caption":"","42wp_featured_image_credits":"","42wp_featured_video":"","42wp_featured_image_hidden":false,"42wp_authors_list":[],"footnotes":""},"categories":[3],"tags":[619,29062,3622,31859,30956,93,2209,94,1782],"42wp_author":[47144],"class_list":["post-110902","post","type-post","status-publish","format-standard","has-post-thumbnail","hentry","category-indy","tag-formula-indy","tag-formula-indy-2022","tag-gp-de-mid-ohio","tag-gp-de-mid-ohio-2022","tag-helio-castroneves-2","tag-indy","tag-indy-2022","tag-indycar","tag-meyer-shank","42wp_author-andre-netto"],"_links":{"self":[{"href":"https:\/\/grandepremio.com\/br\/wp-json\/wp\/v2\/posts\/110902","targetHints":{"allow":["GET"]}}],"collection":[{"href":"https:\/\/grandepremio.com\/br\/wp-json\/wp\/v2\/posts"}],"about":[{"href":"https:\/\/grandepremio.com\/br\/wp-json\/wp\/v2\/types\/post"}],"replies":[{"embeddable":true,"href":"https:\/\/grandepremio.com\/br\/wp-json\/wp\/v2\/comments?post=110902"}],"version-history":[{"count":0,"href":"https:\/\/grandepremio.com\/br\/wp-json\/wp\/v2\/posts\/110902\/revisions"}],"wp:featuredmedia":[{"embeddable":true,"href":"https:\/\/grandepremio.com\/br\/wp-json\/wp\/v2\/media\/1000593032"}],"wp:attachment":[{"href":"https:\/\/grandepremio.com\/br\/wp-json\/wp\/v2\/media?parent=110902"}],"wp:term":[{"taxonomy":"category","embeddable":true,"href":"https:\/\/grandepremio.com\/br\/wp-json\/wp\/v2\/categories?post=110902"},{"taxonomy":"post_tag","embeddable":true,"href":"https:\/\/grandepremio.com\/br\/wp-json\/wp\/v2\/tags?post=110902"},{"taxonomy":"42wp_author","embeddable":true,"href":"https:\/\/grandepremio.com\/br\/wp-json\/wp\/v2\/42wp_author?post=110902"}],"curies":[{"name":"wp","href":"https:\/\/api.w.org\/{rel}","templated":true}]}}