{"id":110948,"date":"2022-07-02T19:43:36","date_gmt":"2022-07-02T22:43:36","guid":{"rendered":"https:\/\/grandepremio.com\/br\/noticias\/helio-castroneves-reclama-will-power-classificacao-mid-ohio-olhar-retrovisores\/"},"modified":"2022-07-02T19:44:45","modified_gmt":"2022-07-02T22:44:45","slug":"helio-castroneves-reclama-will-power-classificacao-mid-ohio-olhar-retrovisores","status":"publish","type":"post","link":"https:\/\/grandepremio.com\/br\/indy\/helio-castroneves-reclama-will-power-classificacao-mid-ohio-olhar-retrovisores\/","title":{"rendered":"Castroneves reclama de Power na classifica\u00e7\u00e3o em Mid-Ohio: &#8220;Tem de olhar nos retrovisores&#8221;"},"content":{"rendered":"\n<figure class=\"wp-block-embed is-type-video is-provider-youtube wp-block-embed-youtube wp-embed-aspect-16-9 wp-has-aspect-ratio\"><div class=\"wp-block-embed__wrapper\">\n<iframe loading=\"lazy\" title=\"CONTRATO SEM CATEGORIA MOSTRA QUE ROSENQVIST \u00c9 PLANO B DA MCLAREN NA INDY\" width=\"500\" height=\"281\" src=\"https:\/\/www.youtube.com\/embed\/J-5wLbO63CU?feature=oembed\" frameborder=\"0\" allow=\"accelerometer; autoplay; clipboard-write; encrypted-media; gyroscope; picture-in-picture; web-share\" referrerpolicy=\"strict-origin-when-cross-origin\" allowfullscreen><\/iframe>\n<\/div><figcaption>CONTRATO SEM CATEGORIA MOSTRA QUE ROSENQVIST \u00c9 PLANO B DA MCLAREN NA INDY<\/figcaption><\/figure>\n\n\n\n<p class=\"wp-block-paragraph\">O brasileiro Helio Castroneves se envolveu em uma pol\u00eamica durante a classifica\u00e7\u00e3o para o GP de Mid-Ohio neste s\u00e1bado (2). O piloto da Meyer Shank foi atrapalhado em sua primeira volta r\u00e1pida com os pneus vermelhos por Will Power, que ainda fazia sua volta de aquecimento. O australiano acabou sendo punido e perdeu suas duas melhores voltas.<\/p>\n\n\n\n<p class=\"wp-block-paragraph\">Os dois acabaram n\u00e3o se classificando para o Fast 12. Castroneves vai largar na 15\u00aa coloca\u00e7\u00e3o, enquanto Power ser\u00e1 apenas o 21\u00ba no grid de largada. O incidente incomodou o brasileiro, que foi tirar satisfa\u00e7\u00e3o pessoalmente com o australiano, e pediu mais aten\u00e7\u00e3o do piloto e para a Penske, ainda que tenha ficado com pena do rival, que tinha um carro para brigar pela pole-position nas m\u00e3os.  <\/p>\n\n\n\n<p class=\"wp-block-paragraph\">&#8220;Eu parei antes para colocar os pneus vermelhos e acho que n\u00e3o avisaram pra ele que eu estava vindo em volta r\u00e1pida, e se voc\u00ea obstrui agu\u00e9m \u00e9 uma puni\u00e7\u00e3o autom\u00e1tica. Eu estava esperando que ele fosse me ver e me deixar passar, porque ele obviamente era r\u00e1pido o suficiente para avan\u00e7ar&#8221;, explicou Helinho.<\/p>\n\n\n\n<p class=\"wp-block-paragraph\"><strong>\u25b6\ufe0f\u00a0Inscreva-se nos dois canais do GRANDE PR\u00caMIO no YouTube:\u00a0<a href=\"https:\/\/www.youtube.com\/channel\/UC9OlHEgxoaY6QY6nWPoiqQg?sub_confirmation=1\" target=\"_blank\" rel=\"noreferrer noopener\">GP<\/a>\u00a0|\u00a0<a href=\"https:\/\/www.youtube.com\/channel\/UC9csiS6q_C3C0FYhyr1rnFA?sub_confirmation=1\" target=\"_blank\" rel=\"noreferrer noopener\">GP2<\/a><\/strong><\/p>\n\n\n\n<figure class=\"wp-block-image size-large\"><img decoding=\"async\" src=\"https:\/\/www.grandepremio.com\/br\/wp-content\/uploads\/2022\/07\/Helio-Castroneves-Honda-Indy-200-at-Mid-Ohio-By_-Joe-Skibinski_m63224-1024x683.jpg\" alt=\"\" class=\"wp-image-591940\"\/><figcaption>Helio Castroneves reclamou do bloqueio de Will Power (Foto: IndyCar)<\/figcaption><\/figure>\n\n\n\n<p class=\"wp-block-paragraph\"><strong>LEIA MAIS:\u00a0<\/strong><br><strong>+<a href=\"https:\/\/www.grandepremio.com\/br\/indy\/noticias\/pato-oward-celebra-pole-position-mid-ohio-melhor-vista-primeira-curva\/\">O\u2019Ward celebra pole-position em\u00a0<\/a><a href=\"https:\/\/www.grandepremio.com\/br\/circuito\/mid-ohio\/\" target=\"_blank\" rel=\"noreferrer noopener\"><\/a><a href=\"https:\/\/www.grandepremio.com\/br\/circuito\/mid-ohio\/\" target=\"_blank\" rel=\"noreferrer noopener\">Mid-Ohio<\/a>: \u201cMelhor vista da primeira curva\u201d<\/strong><br><strong>+<a href=\"https:\/\/www.grandepremio.com\/br\/indy\/noticias\/scott-mclaughlin-elogia-disputa-divertida-pato-oward-pole-mid-ohio\/\" class=\"ek-link\">McLaughlin elogia disputa \u201cdivertida\u201d com O\u2019Ward pela pole em Mid-Ohio<\/a><\/strong><\/p>\n\n\n\n<p class=\"wp-block-paragraph\">&#8220;Eu me sinto mal, mas do jeito que ele mexeu o carro ficou \u00f3bvio que eu n\u00e3o tinha como evit\u00e1-lo. \u00c9 uma pena, porque, como eu disse, ele era r\u00e1pido o suficiente para estar entre os seis primeiros, sem d\u00favida. Mas regras s\u00e3o regras, voc\u00ea tem de olhar nos retrovisores!&#8221;, reclamou o brasileiro.<\/p>\n\n\n\n<p class=\"wp-block-paragraph\"><a href=\"https:\/\/www.grandepremio.com\/br\/indy\/noticias\/pato-oward-mostra-forca-mclaren-anota-pole-gp-mid-ohio-helio-castroneves-15o\/\" class=\"ek-link\">Pato O&#8217;Ward mostrou a for\u00e7a da McLaren e vai largar na pole-position para o GP de Mid-Ohio<\/a>. A largada da prova est\u00e1 marcada para \u00e0s 13h50 no hor\u00e1rio de Bras\u00edlia deste domingo (3), com cobertura completa do <strong>GRANDE PR\u00caMIO<\/strong>.<\/p>\n\n\n\n<figure class=\"wp-block-embed is-type-video is-provider-youtube wp-block-embed-youtube wp-embed-aspect-16-9 wp-has-aspect-ratio\"><div class=\"wp-block-embed__wrapper\">\n<iframe loading=\"lazy\" title=\"CINCO PONTOS PARA PRESTAR ATEN\u00c7\u00c3O NA SEGUNDA METADE DA INDY 2022\" width=\"500\" height=\"281\" src=\"https:\/\/www.youtube.com\/embed\/a28zSZNgfJA?feature=oembed\" frameborder=\"0\" allow=\"accelerometer; autoplay; clipboard-write; encrypted-media; gyroscope; picture-in-picture; web-share\" referrerpolicy=\"strict-origin-when-cross-origin\" allowfullscreen><\/iframe>\n<\/div><figcaption>CINCO PONTOS PARA PRESTAR ATEN\u00c7\u00c3O NA SEGUNDA METADE DA INDY 2022<\/figcaption><\/figure>\n","protected":false},"excerpt":{"rendered":"<p>Helio Castroneves foi atrapalhado em sua volta r\u00e1pida por Will Power na primeira parte da classifica\u00e7\u00e3o em Mid-Ohio e os dois acabaram sendo eliminados antes do que esperavam<\/p>\n","protected":false},"author":0,"featured_media":1000591939,"comment_status":"closed","ping_status":"closed","sticky":false,"template":"","format":"standard","meta":{"42wp_featured_image_caption":"","42wp_featured_image_credits":"","42wp_featured_video":"","42wp_featured_image_hidden":false,"42wp_authors_list":[],"footnotes":""},"categories":[3],"tags":[6133,619,29062,3622,30956,93,2209,94,1782,265,3133],"42wp_author":[47144],"class_list":["post-110948","post","type-post","status-publish","format-standard","has-post-thumbnail","hentry","category-indy","tag-classificacao-indy","tag-formula-indy","tag-formula-indy-2022","tag-gp-de-mid-ohio","tag-helio-castroneves-2","tag-indy","tag-indy-2022","tag-indycar","tag-meyer-shank","tag-penske","tag-will-power","42wp_author-andre-netto"],"_links":{"self":[{"href":"https:\/\/grandepremio.com\/br\/wp-json\/wp\/v2\/posts\/110948","targetHints":{"allow":["GET"]}}],"collection":[{"href":"https:\/\/grandepremio.com\/br\/wp-json\/wp\/v2\/posts"}],"about":[{"href":"https:\/\/grandepremio.com\/br\/wp-json\/wp\/v2\/types\/post"}],"replies":[{"embeddable":true,"href":"https:\/\/grandepremio.com\/br\/wp-json\/wp\/v2\/comments?post=110948"}],"version-history":[{"count":0,"href":"https:\/\/grandepremio.com\/br\/wp-json\/wp\/v2\/posts\/110948\/revisions"}],"wp:featuredmedia":[{"embeddable":true,"href":"https:\/\/grandepremio.com\/br\/wp-json\/wp\/v2\/media\/1000591939"}],"wp:attachment":[{"href":"https:\/\/grandepremio.com\/br\/wp-json\/wp\/v2\/media?parent=110948"}],"wp:term":[{"taxonomy":"category","embeddable":true,"href":"https:\/\/grandepremio.com\/br\/wp-json\/wp\/v2\/categories?post=110948"},{"taxonomy":"post_tag","embeddable":true,"href":"https:\/\/grandepremio.com\/br\/wp-json\/wp\/v2\/tags?post=110948"},{"taxonomy":"42wp_author","embeddable":true,"href":"https:\/\/grandepremio.com\/br\/wp-json\/wp\/v2\/42wp_author?post=110948"}],"curies":[{"name":"wp","href":"https:\/\/api.w.org\/{rel}","templated":true}]}}