{"id":110984,"date":"2022-07-02T11:37:00","date_gmt":"2022-07-02T14:37:00","guid":{"rendered":"https:\/\/grandepremio.com\/br\/noticias\/colton-herta-surge-fim-lidera-treino-livre-2-indy-mid-ohio-helio-castroneves-14o\/"},"modified":"2022-07-02T11:56:41","modified_gmt":"2022-07-02T14:56:41","slug":"colton-herta-surge-fim-lidera-treino-livre-2-indy-mid-ohio-helio-castroneves-14o","status":"publish","type":"post","link":"https:\/\/grandepremio.com\/br\/indy\/colton-herta-surge-fim-lidera-treino-livre-2-indy-mid-ohio-helio-castroneves-14o\/","title":{"rendered":"Herta surge no fim e lidera treino livre 2 da Indy em Mid-Ohio. Castroneves \u00e9 14\u00ba"},"content":{"rendered":"\n<figure class=\"wp-block-embed is-type-video is-provider-youtube wp-block-embed-youtube wp-embed-aspect-16-9 wp-has-aspect-ratio\"><div class=\"wp-block-embed__wrapper\">\n<iframe loading=\"lazy\" title=\"CINCO PONTOS PARA PRESTAR ATEN\u00c7\u00c3O NA SEGUNDA METADE DA INDY 2022\" width=\"500\" height=\"281\" src=\"https:\/\/www.youtube.com\/embed\/a28zSZNgfJA?feature=oembed\" frameborder=\"0\" allow=\"accelerometer; autoplay; clipboard-write; encrypted-media; gyroscope; picture-in-picture; web-share\" referrerpolicy=\"strict-origin-when-cross-origin\" allowfullscreen><\/iframe>\n<\/div><figcaption>CINCO PONTOS PARA PRESTAR ATEN\u00c7\u00c3O NA SEGUNDA METADE DA INDY 2022<\/figcaption><\/figure>\n\n\n\n<p class=\"wp-block-paragraph\">O americano Colton Herta, da Andretti, cravou o tempo mais r\u00e1pido do segundo treino livre da Indy em Mid-Ohio, realizado na manh\u00e3 deste s\u00e1bado (2). Com a marca de 1min07s027, o dono do carro #26 ficou apenas 0s003 \u00e0 frente do australiano Will Power, da Penske.<\/p>\n\n\n\n<p class=\"wp-block-paragraph\">Vencedor em 2021 e l\u00edder da sess\u00e3o de sexta-feira, Josef Newgarden iniciou o s\u00e1bado na terceira posi\u00e7\u00e3o com a Penske, seguido pelo surpreendente David Malukas, da Dale Coyne. O atual campe\u00e3o \u00c1lex Palou, da Ganassi, foi o quinto colocado na atividade em Lexington.<\/p>\n\n\n\n<p class=\"wp-block-paragraph\">Rinus VeeKay foi o sexto colocado, seguido por Pato O&#8217;Ward, Scott McLaughlin, Scott Dixon e Alexander Rossi, que fecharam o top-10. O brasileiro Helio Castroneves, da Meyer Shank, foi 14\u00ba, com o tempo de 1min07s511.<\/p>\n\n\n\n<p class=\"wp-block-paragraph\">L\u00edder do campeonato, o sueco Marcus Ericsson, da Ganassi, veio logo atr\u00e1s de Castroneves e finalizou a sess\u00e3o na 15\u00aa coloca\u00e7\u00e3o.<\/p>\n\n\n\n<p class=\"wp-block-paragraph\">A classifica\u00e7\u00e3o do GP de Mid-Ohio acontece neste s\u00e1bado (2), a partir das 15h45 (de Bras\u00edlia), com cobertura completa do <strong>GRANDE PR\u00caMIO.<\/strong><\/p>\n\n\n\n<p class=\"wp-block-paragraph\"><strong><a href=\"https:\/\/www.grandepremio.com\/br\/indy\/noticias\/penske-mantem-tres-carros-temporada-2023-indy-muito-mais-facil\/\">LEIA MAIS:<\/a><\/strong>\u00a0Penske mant\u00e9m tr\u00eas carros para temporada de 2023 na\u00a0<a href=\"https:\/\/www.grandepremio.com\/formula-indy\/\" target=\"_blank\" rel=\"noreferrer noopener\">Indy<\/a>: \u201cMuito mais f\u00e1cil\u201d<\/p>\n\n\n\n<figure class=\"wp-block-image size-large\"><img decoding=\"async\" src=\"https:\/\/www.grandepremio.com\/br\/wp-content\/uploads\/2022\/07\/Josef-Newgarden-Honda-Indy-200-at-Mid-Ohio-By_-Joe-Skibinski_m63228-1024x683.jpg\" alt=\"\" class=\"wp-image-591944\"\/><figcaption>Josef Newgarden ficou em terceiro no TL2 (Foto: Indycar)<\/figcaption><\/figure>\n\n\n\n<p class=\"wp-block-paragraph\"><strong>\u25b6\ufe0f&nbsp;Inscreva-se nos dois canais do GRANDE PR\u00caMIO no YouTube:&nbsp;<a href=\"https:\/\/www.youtube.com\/channel\/UC9OlHEgxoaY6QY6nWPoiqQg?sub_confirmation=1\" target=\"_blank\" rel=\"noreferrer noopener\">GP<\/a>&nbsp;|&nbsp;<a href=\"https:\/\/www.youtube.com\/channel\/UC9csiS6q_C3C0FYhyr1rnFA?sub_confirmation=1\" target=\"_blank\" rel=\"noreferrer noopener\">GP2<\/a><\/strong><\/p>\n\n\n\n<p class=\"wp-block-paragraph\"><strong>Saiba como foi o treino livre 2 da Indy em Mid-Ohio:<\/strong><\/p>\n\n\n\n<p class=\"wp-block-paragraph\">O treino livre teve in\u00edcio \u00e0s 10h30 (de Bras\u00edlia) com 1 hora no cron\u00f4metro para os 45 minutos de sess\u00e3o. Ainda no in\u00edcio, Simon Pagenaud escapou da pista, mas recuperou o carro da Meyer Shank a tempo. No mesmo trecho, Devlin DeFrancesco saiu da pista, mas tocou a barreira de pneus e causou a primeira interrup\u00e7\u00e3o de bandeira vermelha do dia. O canadense foi rebocado sem grandes danos vis\u00edveis na Andretti.<\/p>\n\n\n\n<figure class=\"wp-block-video\"><video class=\"video-js vjs-big-play-centered\" data-gp-vjs=\"1\" controls src=\"https:\/\/www.grandepremio.com\/br\/wp-content\/uploads\/2022\/07\/The-red-flag-is-out-in-practice-2-for-this-incident-with-@DevlinDeFran.-WATCH-LIVE.mp4\"><\/video><\/figure>\n\n\n\n<p class=\"wp-block-paragraph\">A sess\u00e3o foi reiniciada com 42 minutos restantes. David Malukas, que aparecia no topo da tabela com a Dale Coyne, com a marca de 1min08s935, escapou no mesmo trecho de Pagenaud e DeFrancesco. Segundos depois, Jimmie Johnson rodou com a Ganassi nesta mesma parte, mas conseguiu salvar o carro e evitou a bandeira vermelha.<\/p>\n\n\n\n<p class=\"wp-block-paragraph\">Com 10 minutos de sess\u00e3o, Malukas seguia no topo, agora com 1min08s588. O top-10 tamb\u00e9m tinha Pato O&#8217;Ward, Rinus VeeKay, Josef Newgarden, Felix Rosenqvist, \u00c1lex Palou, Graham Rahal, Callum Ilott, Christian Lundgaard e Conor Daly. <\/p>\n\n\n\n<p class=\"wp-block-paragraph\">L\u00edder da sexta-feira, Josef Newgarden chegou a tirar David Malukas da ponta, mas por pouco tempo, j\u00e1 que Scott McLaughlin, companheiro de Penske, cravou 1min08s210 e foi ao topo. Alexander Rossi, com a Andretti, pulou para a ponta ao quebrar a barreira de 1min07s, cravando 1min07s872.<\/p>\n\n\n\n<p class=\"wp-block-paragraph\">Com os tempos caindo, diferentes l\u00edderes foram aparecendo, como Pato O&#8217;Ward, Felix Rosenqvist, Romain Grosjean, Will Power e eventualmente Rinus VeeKay, que cravou 1min07s196 para surgir no topo. Os pilotos entraram no ter\u00e7o final com o top-10 formado por VeeKay, Power, O&#8217;Ward, Palou, McLaughlin, Dixon, Grosjean, Rossi, Ericsson e Malukas. E a sess\u00e3o acabou interrompida por conta de uma escapada de Dalton Kellett na curva 12, batendo na barreira de pneus.<\/p>\n\n\n\n<figure class=\"wp-block-video\"><video class=\"video-js vjs-big-play-centered\" data-gp-vjs=\"1\" controls src=\"https:\/\/www.grandepremio.com\/br\/wp-content\/uploads\/2022\/07\/The-red-flag-came-out-after-this-incident-with-@Dalton_Kellett.-The-track-is-back-green-for-the-end-of-practice-2.-WATCH-LIVE.mp4\"><\/video><figcaption>O erro de Dalton Kellett (V\u00eddeo; Indycar)<\/figcaption><\/figure>\n\n\n\n<p class=\"wp-block-paragraph\">Ap\u00f3s a pausa, o treino foi liberado para os \u00faltimos 12 minutos.  Os tempos voltaram a cair na reta final e a lideran\u00e7a foi pipocando de m\u00e3os em m\u00e1os novamente, primeiro com Palou, depois com Malukas, at\u00e9 pintar Josef Newgarden com 1min07s061.<\/p>\n\n\n\n<p class=\"wp-block-paragraph\">Harvey escapou da pista, mas conseguiu retornar sem causar uma bandeira vermelha. Enquanto isso, Colton Herta tomou a ponta ao cravar 1min07s027. Will Power, que marcou o segundo tempo, com 1min07s030, escapou na curva 4 e deixou o carro morrer, causando a terceira interrup\u00e7\u00e3o do dia. A sess\u00e3o n\u00e3o foi reiniciada.<\/p>\n\n\n\n<figure class=\"wp-block-video\"><video class=\"video-js vjs-big-play-centered\" data-gp-vjs=\"1\" controls src=\"https:\/\/www.grandepremio.com\/br\/wp-content\/uploads\/2022\/07\/Rolling-through-the-grass.-The-red-flag-is-out-late-in-practice-2-after-a-@12WillPower-incident-at-@Mid_Ohio.-INDYCAR-@Team_Penske.mp4\"><\/video><figcaption>Will Power escapou na reta final (V\u00eddeo: Indycar)<\/figcaption><\/figure>\n\n\n\n<p class=\"wp-block-paragraph\"><strong>Indy 2022, Treino Livre 2, GP de Mid-Ohio:<\/strong><\/p>\n\n\n\n<figure class=\"wp-block-table\"><table><tbody><tr><td>1<\/td><td>C HERTA<\/td><td>Andretti Honda<\/td><td>1:07.027<\/td><td>&nbsp;<\/td><td>23<\/td><\/tr><tr><td>2<\/td><td>W POWER<\/td><td>Penske Chevrolet<\/td><td>1:07.030<\/td><td>+0.003<\/td><td>22<\/td><\/tr><tr><td>3<\/td><td>J NEWGARDEN<\/td><td>Penske Chevrolet<\/td><td>1:07.061<\/td><td>+0.034<\/td><td>22<\/td><\/tr><tr><td>4<\/td><td>D MALUKAS<\/td><td>Dale Coyne Honda<\/td><td>1:07.097<\/td><td>+0.070<\/td><td>19<\/td><\/tr><tr><td>5<\/td><td>A PALOU<\/td><td>Ganassi Honda<\/td><td>1:07.152<\/td><td>+0.125<\/td><td>24<\/td><\/tr><tr><td>6<\/td><td>R VEEKAY<\/td><td>Carpenter Chevrolet<\/td><td>1:07.196<\/td><td>+0.169<\/td><td>21<\/td><\/tr><tr><td>7<\/td><td>P O&#8217;WARD<\/td><td>McLaren Chevrolet<\/td><td>1:07.253<\/td><td>+0.226<\/td><td>26<\/td><\/tr><tr><td>8<\/td><td>S MCLAUGHLIN<\/td><td>Penske Chevrolet<\/td><td>1:07.335<\/td><td>+0.308<\/td><td>22<\/td><\/tr><tr><td>9<\/td><td>S DIXON<\/td><td>Ganassi Honda<\/td><td>1:07.381<\/td><td>+0.354<\/td><td>26<\/td><\/tr><tr><td>10<\/td><td>A ROSSI<\/td><td>Andretti Honda<\/td><td>1:07.384<\/td><td>+0.357<\/td><td>25<\/td><\/tr><tr><td>11<\/td><td>C DALY<\/td><td>Carpenter Chevrolet<\/td><td>1:07.389<\/td><td>+0.362<\/td><td>20<\/td><\/tr><tr><td>12<\/td><td>R GROSJEAN<\/td><td>Andretti Honda<\/td><td>1:07.406<\/td><td>+0.379<\/td><td>26<\/td><\/tr><tr><td>13<\/td><td>C LUNDGAARD<\/td><td>RLL Honda<\/td><td>1:07.481<\/td><td>+0.454<\/td><td>20<\/td><\/tr><tr><td>14<\/td><td>H CASTRONEVES<\/td><td>Meyer Shank Honda<\/td><td>1:07.511<\/td><td>+0.484<\/td><td>24<\/td><\/tr><tr><td>15<\/td><td>M ERICSSON<\/td><td>Ganassi Honda<\/td><td>1:07.521<\/td><td>+0.494<\/td><td>20<\/td><\/tr><tr><td>16<\/td><td>F ROSENQVIST<\/td><td>McLaren Chevrolet<\/td><td>1:07.638<\/td><td>+0.611<\/td><td>24<\/td><\/tr><tr><td>17<\/td><td>S PAGENAUD<\/td><td>Meyer Shank Honda<\/td><td>1:07.777<\/td><td>+0.750<\/td><td>22<\/td><\/tr><tr><td>18<\/td><td>J HARVEY<\/td><td>RLL Honda<\/td><td>1:07.789<\/td><td>+0.762<\/td><td>25<\/td><\/tr><tr><td>19<\/td><td>C ILOTT<\/td><td>Juncos Chevrolet<\/td><td>1:07.817<\/td><td>+0.790<\/td><td>23<\/td><\/tr><tr><td>20<\/td><td>K KIRKWOOD<\/td><td>Foyt Chevrolet<\/td><td>1:07.938<\/td><td>+0.911<\/td><td>24<\/td><\/tr><tr><td>21<\/td><td>G RAHAL<\/td><td>RLL Honda<\/td><td>1:08.160<\/td><td>+1.133<\/td><td>21<\/td><\/tr><tr><td>22<\/td><td>T SATO<\/td><td>Dale Coyne Honda<\/td><td>1:08.360<\/td><td>+1.333<\/td><td>20<\/td><\/tr><tr><td>23<\/td><td>D DEFRANCESCO<\/td><td>Andretti Honda<\/td><td>1:08.844<\/td><td>+1.817<\/td><td>17<\/td><\/tr><tr><td>24<\/td><td>S DE SILVESTRO<\/td><td>Paretta Chevrolet<\/td><td>1:08.968<\/td><td>+1.941<\/td><td>20<\/td><\/tr><tr><td>25<\/td><td>J JOHNSON<\/td><td>Ganassi Honda<\/td><td>1:08.976<\/td><td>+1.949<\/td><td>22<\/td><\/tr><tr><td>26<\/td><td>D KELLETT<\/td><td>Foyt Chevrolet<\/td><td>1:09.243<\/td><td>+2.216<\/td><td>13<\/td><\/tr><tr><td>27<\/td><td>T CALDER\u00d3N<\/td><td>Foyt Chevrolet<\/td><td>1:09.261<\/td><td>+2.234<\/td><td>20<\/td><\/tr><\/tbody><\/table><\/figure>\n","protected":false},"excerpt":{"rendered":"<p>Colton Herta surpreendeu no fim e marcou tempo apenas 0s003 mais r\u00e1pido que o de Will Power para liderar \u00faltimo treino livre antes da classifica\u00e7\u00e3o do GP de Mid-Ohio<\/p>\n","protected":false},"author":0,"featured_media":1000591930,"comment_status":"closed","ping_status":"closed","sticky":false,"template":"","format":"standard","meta":{"42wp_featured_image_caption":"","42wp_featured_image_credits":"","42wp_featured_video":"","42wp_featured_image_hidden":false,"42wp_authors_list":[],"footnotes":""},"categories":[3],"tags":[617,1579,334,619,3622,30956,93,2209,94,1555,1569,4166,99,2188,732,266,3133],"42wp_author":[47119],"class_list":["post-110984","post","type-post","status-publish","format-standard","has-post-thumbnail","hentry","category-indy","tag-alexander-rossi","tag-colton-herta","tag-david-malukas","tag-formula-indy","tag-gp-de-mid-ohio","tag-helio-castroneves-2","tag-indy","tag-indy-2022","tag-indycar","tag-josef-newgarden","tag-marcus-ericsson","tag-mid-ohio","tag-pato-oward","tag-rinus-veekay","tag-scott-dixon","tag-scott-mclaughlin","tag-will-power","42wp_author-gabriel-carvalho"],"_links":{"self":[{"href":"https:\/\/grandepremio.com\/br\/wp-json\/wp\/v2\/posts\/110984","targetHints":{"allow":["GET"]}}],"collection":[{"href":"https:\/\/grandepremio.com\/br\/wp-json\/wp\/v2\/posts"}],"about":[{"href":"https:\/\/grandepremio.com\/br\/wp-json\/wp\/v2\/types\/post"}],"replies":[{"embeddable":true,"href":"https:\/\/grandepremio.com\/br\/wp-json\/wp\/v2\/comments?post=110984"}],"version-history":[{"count":0,"href":"https:\/\/grandepremio.com\/br\/wp-json\/wp\/v2\/posts\/110984\/revisions"}],"wp:featuredmedia":[{"embeddable":true,"href":"https:\/\/grandepremio.com\/br\/wp-json\/wp\/v2\/media\/1000591930"}],"wp:attachment":[{"href":"https:\/\/grandepremio.com\/br\/wp-json\/wp\/v2\/media?parent=110984"}],"wp:term":[{"taxonomy":"category","embeddable":true,"href":"https:\/\/grandepremio.com\/br\/wp-json\/wp\/v2\/categories?post=110984"},{"taxonomy":"post_tag","embeddable":true,"href":"https:\/\/grandepremio.com\/br\/wp-json\/wp\/v2\/tags?post=110984"},{"taxonomy":"42wp_author","embeddable":true,"href":"https:\/\/grandepremio.com\/br\/wp-json\/wp\/v2\/42wp_author?post=110984"}],"curies":[{"name":"wp","href":"https:\/\/api.w.org\/{rel}","templated":true}]}}