{"id":111055,"date":"2022-06-29T14:54:08","date_gmt":"2022-06-29T17:54:08","guid":{"rendered":"https:\/\/grandepremio.com\/br\/noticias\/fia-ajusta-regra-para-reparos-e-troca-de-pecas-de-motor-da-formula-1-na-temporada-2022\/"},"modified":"2022-06-29T15:27:01","modified_gmt":"2022-06-29T18:27:01","slug":"fia-ajusta-regra-para-reparos-e-troca-de-pecas-de-motor-da-formula-1-na-temporada-2022","status":"publish","type":"post","link":"https:\/\/grandepremio.com\/br\/f1\/fia-ajusta-regra-para-reparos-e-troca-de-pecas-de-motor-da-formula-1-na-temporada-2022\/","title":{"rendered":"FIA ajusta regra para reparos e troca de pe\u00e7as de motor da F\u00f3rmula 1 na temporada 2022"},"content":{"rendered":"\n<figure class=\"wp-block-embed is-type-video is-provider-youtube wp-block-embed-youtube wp-embed-aspect-16-9 wp-has-aspect-ratio\"><div class=\"wp-block-embed__wrapper\">\n<iframe loading=\"lazy\" title=\"PIQUET BANIDO DA F1 POR FALA RACISTA E HAMILTON PEDINDO A\u00c7\u00c3O | TT GP #58\" width=\"500\" height=\"281\" src=\"https:\/\/www.youtube.com\/embed\/V5IoIJndI8M?feature=oembed\" frameborder=\"0\" allow=\"accelerometer; autoplay; clipboard-write; encrypted-media; gyroscope; picture-in-picture; web-share\" referrerpolicy=\"strict-origin-when-cross-origin\" allowfullscreen><\/iframe>\n<\/div><\/figure>\n\n\n\n<p class=\"wp-block-paragraph\">A FIA (Federa\u00e7\u00e3o Internacional de Automobilismo) aprovou uma importante mudan\u00e7a no que diz respeito \u00e0s trocas de pe\u00e7as da unidade de pot\u00eancia em regime de parque fechado na F\u00f3rmula 1. A medida \u00e9 resultado dos in\u00fameros problemas de motor e confibilidade que as equipes enfrentam em 2022. A nova determina\u00e7\u00e3o foi publicada ap\u00f3s reuni\u00e3o do Conselho Mundial, realizada nesta quarta-feira (29), em Paris. O encontro tamb\u00e9m ajustou uma s\u00e9rie de outros itens dos regulamentos t\u00e9cnicos e esportivos, mas ainda n\u00e3o trouxe nenhuma novidade sobre as especifica\u00e7\u00f5es dos motores para 2026, como era esperado.<\/p>\n\n\n\n<p class=\"wp-block-paragraph\">De toda a forma, segundo o comunicado da entidade, agora os times ter\u00e3o a chance de conduzir mudan\u00e7as na unidade de pot\u00eancia para vers\u00f5es mais atualizadas durante o per\u00edodo de parque fechado &#8211; desde que estejam dentro do limite da temporada. Antes, qualquer altera\u00e7\u00e3o dentro do sistema, obrigava a esquadra a largar do pit-lane na corrida. Ainda, ser\u00e1 permitido tamb\u00e9m reparos tempor\u00e1rios no motor.<\/p>\n\n\n\n<p class=\"wp-block-paragraph\"><strong>LEIA TAMB\u00c9M<br><a href=\"https:\/\/www.grandepremio.com\/br\/f1\/noticias\/lewis-hamilton-responde-fala-racista-nelson-piquet-mentalidades-arcaicas-mudar\/\" class=\"ek-link\">+Hamilton responde Piquet: Mentalidades arcaicas t\u00eam de mudar<\/a><br><a href=\"https:\/\/www.grandepremio.com\/br\/f1\/noticias\/nelson-piquet-pede-desculpa-lewis-hamilton-comentario-racista-alega-traducao-incorreta-de-termo\/\" class=\"ek-link\">+Piquet pede perd\u00e3o a Hamilton, mas v\u00ea &#8216;tradu\u00e7\u00e3o errada&#8217; de fala<\/a><br><a href=\"https:\/\/www.grandepremio.com\/br\/f1\/noticias\/formula-1-estuda-banir-nelson-piquet-paddock-sempre-uso-termo-racista-lewis-hamilton\/\" class=\"ek-link\">+F1 estuda banir Piquet do paddock depois de uso de fala racista<\/a><br><a href=\"https:\/\/www.grandepremio.com\/br\/f1\/noticias\/pilotos-f1-defesa-lewis-hamilton-fala-racista-nelson-piquet\/\" class=\"ek-link\">+Pilotos saem em defesa de Hamilton ap\u00f3s a fala racista de Piquet<\/a><\/strong><\/p>\n\n\n\n<figure class=\"wp-block-image size-large\"><img decoding=\"async\" src=\"https:\/\/www.grandepremio.com\/br\/wp-content\/uploads\/2022\/05\/SI202205220276_hires_jpeg_24bit_rgb-1024x674.jpg\" alt=\"\" class=\"wp-image-574197\"\/><figcaption>FIA promoveu uma s\u00e9rie de mudan\u00e7as t\u00e9cnicas para 2022 (Foto: Red Bull Content Pool)<\/figcaption><\/figure>\n\n\n\n<p class=\"wp-block-paragraph\"><strong>\u25b6\ufe0f&nbsp;Inscreva-se nos dois canais do GRANDE PR\u00caMIO no YouTube:&nbsp;<a href=\"https:\/\/www.youtube.com\/channel\/UC9OlHEgxoaY6QY6nWPoiqQg?sub_confirmation=1\" target=\"_blank\" rel=\"noreferrer noopener\">GP<\/a>&nbsp;|&nbsp;<a href=\"https:\/\/www.youtube.com\/channel\/UC9csiS6q_C3C0FYhyr1rnFA?sub_confirmation=1\" target=\"_blank\" rel=\"noreferrer noopener\">GP2<\/a><\/strong><br><strong>\u25b6\ufe0f&nbsp;<a href=\"https:\/\/www.twitch.tv\/grandepremio\" target=\"_blank\" rel=\"noreferrer noopener\">Conhe\u00e7a o canal do GRANDE PR\u00caMIO na Twitch clicando aqui!<\/a><\/strong><\/p>\n\n\n\n<p class=\"wp-block-paragraph\">Tamb\u00e9m sobre motores, a FIA estabeleceu que o combust\u00edvel poder\u00e1 ser resfriado a 20\u00baC em corridas mais quentes. A refer\u00eancia de temperatura ser\u00e1 dada uma hora antes de cada sess\u00e3o. Esse ponto ganhou a aten\u00e7\u00e3o de v\u00e1rias equipes que sofreram com problemas de resfriamento de combust\u00edvel em 2022.<\/p>\n\n\n\n<p class=\"wp-block-paragraph\">O Conselho da FIA aproveitou a oportunidade e alterou tamb\u00e9m as regras relativas aos espelhos &#8211; as medidas foram atualizadas para permitir maior visibilidade. Ainda, a entidade decidiu mudar os testes de deflex\u00e3o das asas, bem como aprovou novas regras para testes de pneus, especialmente no que diz respeito ao carro que ser\u00e1 usado para a avalia\u00e7\u00e3o.<\/p>\n\n\n\n<p class=\"wp-block-paragraph\">Por fim, o encontro ratificou as mudan\u00e7as quanto ao formato do fim de semana de GP. Agora, as entrevistas coletivas passam a acontecer dentro de uma janela duas horas, desde que 23 horas antes do primeiro treino livre. <\/p>\n\n\n\n<figure class=\"wp-block-embed is-type-video is-provider-youtube wp-block-embed-youtube wp-embed-aspect-16-9 wp-has-aspect-ratio\"><div class=\"wp-block-embed__wrapper\">\n<iframe loading=\"lazy\" title=\"NELSON PIQUET USA TERMO RACISTA PARA SE REFERIR A HAMILTON. F1 RESPONDE\" width=\"500\" height=\"281\" src=\"https:\/\/www.youtube.com\/embed\/1qqoxIj2YVc?feature=oembed\" frameborder=\"0\" allow=\"accelerometer; autoplay; clipboard-write; encrypted-media; gyroscope; picture-in-picture; web-share\" referrerpolicy=\"strict-origin-when-cross-origin\" allowfullscreen><\/iframe>\n<\/div><\/figure>\n","protected":false},"excerpt":{"rendered":"<p>O Conselho Mundial da FIA, reunido nesta quarta-feira (29), aprovou uma s\u00e9rie de ajustes a itens t\u00e9cnicos do regulamento, sobretudo no que diz respeito \u00e0s unidades de pot\u00eancia. Ainda, o encontro redefiniu o formato dos fins de semana de GP<\/p>\n","protected":false},"author":0,"featured_media":1000424973,"comment_status":"closed","ping_status":"closed","sticky":false,"template":"","format":"standard","meta":{"42wp_featured_image_caption":"","42wp_featured_image_credits":"","42wp_featured_video":"","42wp_featured_image_hidden":false,"42wp_authors_list":[],"footnotes":""},"categories":[2],"tags":[25066,8235,147,1357,103,24837,31064,25081,307,1323,3758,26148],"42wp_author":[47115],"class_list":["post-111055","post","type-post","status-publish","format-standard","has-post-thumbnail","hentry","category-f1","tag-calendario-da-f1","tag-classificacao-da-f1","tag-f1","tag-f1-2022","tag-fia","tag-formula-1-2","tag-formula-1-2022-3","tag-horarios-da-f1-2","tag-motor","tag-regras","tag-troca-de-motor","tag-unidade-de-potencia","42wp_author-evelyn-guimaraes"],"_links":{"self":[{"href":"https:\/\/grandepremio.com\/br\/wp-json\/wp\/v2\/posts\/111055","targetHints":{"allow":["GET"]}}],"collection":[{"href":"https:\/\/grandepremio.com\/br\/wp-json\/wp\/v2\/posts"}],"about":[{"href":"https:\/\/grandepremio.com\/br\/wp-json\/wp\/v2\/types\/post"}],"replies":[{"embeddable":true,"href":"https:\/\/grandepremio.com\/br\/wp-json\/wp\/v2\/comments?post=111055"}],"version-history":[{"count":0,"href":"https:\/\/grandepremio.com\/br\/wp-json\/wp\/v2\/posts\/111055\/revisions"}],"wp:featuredmedia":[{"embeddable":true,"href":"https:\/\/grandepremio.com\/br\/wp-json\/wp\/v2\/media\/1000424973"}],"wp:attachment":[{"href":"https:\/\/grandepremio.com\/br\/wp-json\/wp\/v2\/media?parent=111055"}],"wp:term":[{"taxonomy":"category","embeddable":true,"href":"https:\/\/grandepremio.com\/br\/wp-json\/wp\/v2\/categories?post=111055"},{"taxonomy":"post_tag","embeddable":true,"href":"https:\/\/grandepremio.com\/br\/wp-json\/wp\/v2\/tags?post=111055"},{"taxonomy":"42wp_author","embeddable":true,"href":"https:\/\/grandepremio.com\/br\/wp-json\/wp\/v2\/42wp_author?post=111055"}],"curies":[{"name":"wp","href":"https:\/\/api.w.org\/{rel}","templated":true}]}}