{"id":111066,"date":"2022-06-29T08:43:41","date_gmt":"2022-06-29T11:43:41","guid":{"rendered":"https:\/\/grandepremio.com\/br\/noticias\/marc-marquez-ve-rafael-nadal-referencia-sensacao-atual-esperanca\/"},"modified":"2022-06-29T11:42:00","modified_gmt":"2022-06-29T14:42:00","slug":"marc-marquez-ve-rafael-nadal-referencia-sensacao-atual-esperanca","status":"publish","type":"post","link":"https:\/\/grandepremio.com\/br\/motogp\/marc-marquez-ve-rafael-nadal-referencia-sensacao-atual-esperanca\/","title":{"rendered":"Marc M\u00e1rquez v\u00ea Nadal como refer\u00eancia e revela: \u201cMinha sensa\u00e7\u00e3o atual \u00e9 de esperan\u00e7a\u201d"},"content":{"rendered":"\n<figure class=\"wp-block-embed is-type-video is-provider-youtube wp-block-embed-youtube wp-embed-aspect-16-9 wp-has-aspect-ratio\"><div class=\"wp-block-embed__wrapper\">\n<iframe loading=\"lazy\" title=\"PUNI\u00c7\u00c3O A QUARTARARO \u00c9 MAIS UM ATO INCOMPREENS\u00cdVEL DOS COMISS\u00c1RIOS DA MOTOGP\" width=\"500\" height=\"281\" src=\"https:\/\/www.youtube.com\/embed\/ziutUrL9EM4?feature=oembed\" frameborder=\"0\" allow=\"accelerometer; autoplay; clipboard-write; encrypted-media; gyroscope; picture-in-picture; web-share\" referrerpolicy=\"strict-origin-when-cross-origin\" allowfullscreen><\/iframe>\n<\/div><figcaption>PUNI\u00c7\u00c3O A QUARTARARO \u00c9 MAIS UM ATO INCOMPREENS\u00cdVEL DOS COMISS\u00c1RIOS DA MOTOGP<\/figcaption><\/figure>\n\n\n\n<p class=\"wp-block-paragraph\">Marc M\u00e1rquez revelou que tem uma sensa\u00e7\u00e3o de esperan\u00e7a pouco mais de 20 dias ap\u00f3s a quarta cirurgia no bra\u00e7o direito. Em uma carta direcionada aos f\u00e3s, o piloto da Honda explicou todo o processo que levou \u00e0 <a href=\"https:\/\/www.grandepremio.com\/br\/motogp\/noticias\/marc-marquez-passa-bem-quarta-cirurgia-complicacoes-braco-direito\/\" class=\"ek-link\">opera\u00e7\u00e3o do \u00faltimo dia 6<\/a>, contou que al\u00e9m de Alberto Puig, chefe da equipe, e Mick Doohan, tamb\u00e9m conta com o apoio de Alex Crivill\u00e8 e explicou que enxerga em Rafael Nadal uma refer\u00eancia no processo de recupera\u00e7\u00e3o.<\/p>\n\n\n\n<p class=\"wp-block-paragraph\">Marc se afastou da MotoGP ap\u00f3s o GP da It\u00e1lia para passar por uma quarta cirurgia ainda na esteira da fratura que sofreu no GP da Espanha, na abertura da temporada 2020. Desta vez, os m\u00e9dicos precisaram corrigir uma rota\u00e7\u00e3o de mais de 30\u00b0 no osso. Diferente das interven\u00e7\u00f5es anteriores, desta vez o procedimento foi feito nos Estados Unidos, na Clinica Mayo, em Minnesota.<\/p>\n\n\n\n<p class=\"wp-block-paragraph\"><strong>WEB STORY<\/strong><br><strong>\u25b6\ufe0f<\/strong> <strong><a href=\"https:\/\/www.grandepremio.com\/br\/web-stories\/motogp\/como-esta-grid-motogp-temporada-2023-2\/\">Como est\u00e1 o grid da <\/a><a href=\"https:\/\/grandepremio.com\/motovelocidade\/\" target=\"_blank\" rel=\"noreferrer noopener\"><\/a><a href=\"https:\/\/grandepremio.com\/motovelocidade\/\" target=\"_blank\" rel=\"noreferrer noopener\"><\/a><a href=\"https:\/\/grandepremio.com\/motovelocidade\/\" target=\"_blank\" rel=\"noreferrer noopener\"><\/a><a href=\"https:\/\/grandepremio.com\/motovelocidade\/\" target=\"_blank\" rel=\"noreferrer noopener\"><\/a><a href=\"https:\/\/grandepremio.com\/motovelocidade\/\" target=\"_blank\" rel=\"noreferrer noopener\">MotoGP<\/a><a href=\"https:\/\/www.grandepremio.com\/br\/web-stories\/motogp\/como-esta-grid-motogp-temporada-2023-2\/\"> para a temporada 2023?<\/a><\/strong><\/p>\n\n\n\n<figure class=\"wp-block-image size-large\"><img decoding=\"async\" src=\"https:\/\/www.grandepremio.com\/br\/wp-content\/uploads\/2022\/06\/MotoGP-2022-Marc-Marquez-1-819x1024.jpg\" alt=\"\" class=\"wp-image-590915\"\/><figcaption>Marc M\u00e1rquez tem aproveitado o per\u00edodo de recupera\u00e7\u00e3o para descansar (Foto: Reprodu\u00e7\u00e3o\/Twitter)<\/figcaption><\/figure>\n\n\n\n<p class=\"wp-block-paragraph\"><strong>\u25b6\ufe0f&nbsp;Inscreva-se nos dois canais do GRANDE PR\u00caMIO no YouTube:&nbsp;<a href=\"https:\/\/www.youtube.com\/channel\/UC9OlHEgxoaY6QY6nWPoiqQg?sub_confirmation=1\" target=\"_blank\" rel=\"noreferrer noopener\">GP<\/a>&nbsp;|&nbsp;<a href=\"https:\/\/www.youtube.com\/channel\/UC9csiS6q_C3C0FYhyr1rnFA?sub_confirmation=1\" target=\"_blank\" rel=\"noreferrer noopener\">GP2<\/a><\/strong>.<\/p>\n\n\n\n<p class=\"wp-block-paragraph\">No \u00faltimo dia 18, <a href=\"https:\/\/www.grandepremio.com\/br\/motogp\/noticias\/marc-marquez-passa-revisao-medica-satisfatoria-doutores-ficaram-felizes\/\" class=\"ek-link\">Marc passou por uma revis\u00e3o m\u00e9dica, em Madri, em os m\u00e9dicos ficaram satisfeitos com o progresso da recupera\u00e7\u00e3o<\/a>. O piloto, por\u00e9m, ainda n\u00e3o tem data para voltar ao Mundial de Motovelocidade, embora a Honda espere contar com ele ainda nos testes deste ano.<\/p>\n\n\n\n<p class=\"wp-block-paragraph\">\u201cRecebi muitas mensagens de encorajamento de voc\u00eas, os f\u00e3s, e elas s\u00e3o muito apreciadas, especialmente em um momento como esse. Quero que voc\u00eas saibam como estou indo na minha recupera\u00e7\u00e3o\u201d, escreveu Marc em um blog da Repsol.<\/p>\n\n\n\n<p class=\"wp-block-paragraph\">Marc contou que a ideia de uma nova cirurgia surgiu ainda no ano passado, mas ele tentou apostar na for\u00e7a mental para evitar a interven\u00e7\u00e3o.<\/p>\n\n\n\n<p class=\"wp-block-paragraph\">\u201cA ideia de que eu talvez precisasse de outra cirurgia estava l\u00e1 desde setembro do ano passado. Est\u00e1vamos checando meu bra\u00e7o periodicamente para ver a evolu\u00e7\u00e3o da fratura depois da terceira cirurgia. Quando chegou a pr\u00e9-temporada, queria me convencer de que eu conseguiria, com a frase de que \u201co poder est\u00e1 na mente\u201d como meu lema. Mas quando a temporada come\u00e7ou, percebi que as minhas limita\u00e7\u00f5es eram muito grandes\u201d, relatou. \u201cA minha ideia era competir toda a temporada \u2014 j\u00e1 que o osso n\u00e3o estava 100% consolidado da terceira opera\u00e7\u00e3o \u2014, mesmo sabendo das minhas limita\u00e7\u00f5es e escondendo o desconforto para evitar perguntas di\u00e1rias. S\u00f3 aqueles pr\u00f3ximos a mim sabiam da situa\u00e7\u00e3o\u201d, contou.<\/p>\n\n\n\n<p class=\"wp-block-paragraph\">\u201cO momento decisivo aconteceu por volta do GP da Fran\u00e7a, quando tudo estava preparado para uma tomogr\u00e1fica computadorizada 3D. Tomamos a decis\u00e3o de fazer uma nova opera\u00e7\u00e3o\u201d, explicou. \u201cFazer a cirurgia nos Estados Unidos me surpreendeu muito, por causa da maneira como eles planejaram os per\u00edodos pr\u00e9-operat\u00f3rio e p\u00f3s-operat\u00f3rio. \u00c9 muito diferente da Espanha. O per\u00edodo p\u00f3s-operat\u00f3rio foi muito r\u00e1pido, recebi alta imediatamente, fui autorizado a voar e pude voltar para casa. A prepara\u00e7\u00e3o, por outro lado, foi muito bem planejada e tudo foi feito com muita anteced\u00eancia\u201d, comparou.<\/p>\n\n\n\n<p class=\"wp-block-paragraph\">O espanhol de Cervera contou que sentiu dor no p\u00f3s-operat\u00f3rio, algo n\u00e3o chegou a assustar por causa da experi\u00eancia das cirurgias anteriores. Agora, por\u00e9m, n\u00e3o h\u00e1 nenhum desconforto.<\/p>\n\n\n\n<p class=\"wp-block-paragraph\">\u201cAntes da opera\u00e7\u00e3o, eu estava de muito bom humor, mas nas horas seguintes, eu estava pior, por causa da anestesia e por causa da dor. Passei por maus momentos por dois ou tr\u00eas dias, mas como n\u00e3o era a primeira vez que meu bra\u00e7o era operado, eu j\u00e1 sabia como seria, sabia que a dor era normal e diminuiria depois\u201d, recordou. \u201cAgora me sinto muito bem, pois n\u00e3o sinto dor. Meu bra\u00e7o ainda est\u00e1 imobilizado e estou fazendo movimentos passivos leves. Me sinto motivado, pois a sensa\u00e7\u00e3o \u00e9 boa e me sinto empolgado em come\u00e7ar a recupera\u00e7\u00e3o assim que os m\u00e9dicos me liberarem, para ver se meu bra\u00e7o funciona como deveria\u201d, continuou.<\/p>\n\n\n\n<p class=\"wp-block-paragraph\">O irm\u00e3o de \u00c1lex revelou que se sente esperan\u00e7oso agora, j\u00e1 que, antes da cirurgia, achava que n\u00e3o poderia seguir competindo por muito mais tempo, mas agora confia de que poder\u00e1 voltar \u00e0 velha forma.<\/p>\n\n\n\n<p class=\"wp-block-paragraph\">\u201cA minha sensa\u00e7\u00e3o atual \u00e9 de esperan\u00e7a. Por causa da maneira como eu estava pilotando e competindo, n\u00e3o me via na moto por muito mais tempo \u2014 talvez por mais um ou dois anos. Depois da interven\u00e7\u00e3o em Rochester, a esperan\u00e7a \u00e9 que eu possa seguir competindo sem dor e me divirta na moto\u201d, desabafou. \u201cEstou esperando para fazer um raio-x na semana seis. Dependendo do resultado deste raio-x, vamos escolher o caminho da recupera\u00e7\u00e3o. At\u00e9 l\u00e1, estou curtindo um pouco de f\u00e9rias, pois n\u00e3o posso come\u00e7ar a recupera\u00e7\u00e3o 100% ainda\u201d, comentou.<\/p>\n\n\n\n<p class=\"wp-block-paragraph\">A espera, por\u00e9m, n\u00e3o tem sido diante da TV. M\u00e1rquez j\u00e1 est\u00e1 ativo, trabalhando nas outras partes do corpo.<\/p>\n\n\n\n<p class=\"wp-block-paragraph\"><strong>CLASSIFICA\u00c7\u00c3O DA MOTOGP<\/strong><br><strong>\u25b6\ufe0f<\/strong> <strong><a href=\"https:\/\/www.grandepremio.com\/br\/motogp\/noticias\/fabio-quartararo-erra-perde-gordura-lideranca-motogp-assen-confira-classificacao\/\">Quartararo erra e perde gordura na lideran\u00e7a da <\/a><a href=\"https:\/\/grandepremio.com\/motovelocidade\/\" target=\"_blank\" rel=\"noreferrer noopener\">MotoGP<\/a><a href=\"https:\/\/www.grandepremio.com\/br\/motogp\/noticias\/fabio-quartararo-erra-perde-gordura-lideranca-motogp-assen-confira-classificacao\/\"> em <\/a><a href=\"https:\/\/www.grandepremio.com\/br\/circuito\/assen\/\" target=\"_blank\" rel=\"noreferrer noopener\"><\/a><a href=\"https:\/\/www.grandepremio.com\/br\/circuito\/assen\/\" target=\"_blank\" rel=\"noreferrer noopener\"><\/a><a href=\"https:\/\/www.grandepremio.com\/br\/circuito\/assen\/\" target=\"_blank\" rel=\"noreferrer noopener\"><\/a><a href=\"https:\/\/www.grandepremio.com\/br\/circuito\/assen\/\" target=\"_blank\" rel=\"noreferrer noopener\"><\/a><a href=\"https:\/\/www.grandepremio.com\/br\/circuito\/assen\/\" target=\"_blank\" rel=\"noreferrer noopener\"><\/a><a href=\"https:\/\/www.grandepremio.com\/br\/circuito\/assen\/\" target=\"_blank\" rel=\"noreferrer noopener\"><\/a><a href=\"https:\/\/www.grandepremio.com\/br\/circuito\/assen\/\" target=\"_blank\" rel=\"noreferrer noopener\">Assen<\/a><\/strong><\/p>\n\n\n\n<figure class=\"wp-block-video\"><video class=\"video-js vjs-big-play-centered\" data-gp-vjs=\"1\" controls src=\"https:\/\/www.grandepremio.com\/br\/wp-content\/uploads\/2022\/06\/dOD_AwYpcC2miV4T.mp4\"><\/video><\/figure>\n\n\n\n<p class=\"wp-block-paragraph\">\u201cNo momento, embora pare\u00e7a que tenho muito tempo livre, planejo cada dia bem. Levanto cedo e vou para 1h30min de caminhada. A\u00ed tento me manter ocupado com liga\u00e7\u00f5es com a equipe, com a minha fam\u00edlia ou coisas pela casa. De tarde, come\u00e7o a trabalhar gentilmente com a parte inferior do meu corpo e um pouquinho com o meu bra\u00e7o esquerdo\u201d, contou.<\/p>\n\n\n\n<p class=\"wp-block-paragraph\">Apesar de tudo que passou nos \u00faltimos dois anos, Marc conta que segue com a mesma motiva\u00e7\u00e3o de antes e com o objetivo de voltar a se divertir em cima da RC213V.<\/p>\n\n\n\n<p class=\"wp-block-paragraph\">\u201c\u00c0s vezes, paro para pensar em motiva\u00e7\u00e3o e, no meu caso, a \u00fanica conclus\u00e3o que chego \u00e9 que a minha vem da paix\u00e3o e do entusiasmo. Ela segue sendo a mesma dos \u00faltimos dez anos. Isso tamb\u00e9m me faz pensar no objetivo, que \u00e9 me divertir e competir em bom n\u00edvel, sem sofrer ou ter dor\u201d, falou.<\/p>\n\n\n\n<p class=\"wp-block-paragraph\">O hexacampe\u00e3o da MotoGP agradeceu, tamb\u00e9m, o apoio que tem recebido n\u00e3o s\u00f3 chefe Alberto Puig, mas tamb\u00e9m de Alex Crivill\u00e8 e Mick Doohan, que tamb\u00e9m passaram por les\u00f5es ao longo da carreira.<\/p>\n\n\n\n<p class=\"wp-block-paragraph\">\u201cTenho de dizer que n\u00e3o estou sozinho neste caminho de recupera\u00e7\u00e3o. Tenho tido o apoio de pilotos como Alex Crivill\u00e8, que passou por algo similar; Alberto Puig, que \u00e9 a pessoa com quem mais tenho contato, pois \u00e9 tamb\u00e9m o chefe da Repsol Honda; e tamb\u00e9m com Mick Doohan, pois ele teve v\u00e1rias les\u00f5es s\u00e9rias. Eles s\u00e3o as pessoas que mais me aconselharam e agrade\u00e7o a eles pelo apoio\u201d, declarou.<\/p>\n\n\n\n<p class=\"wp-block-paragraph\">Al\u00e9m disso, Marc citou o exemplo de Rafael Nadal, que segue lutando com les\u00f5es para permanecer ativo no t\u00eanis. No in\u00edcio do m\u00eas, o tenista espanhol conquistou o 14\u00ba t\u00edtulo da carreira em Roland Garros, mas revelou que jogou o torneio em Paris com o p\u00e9 anestesiado por conta da S\u00edndrome de M\u00fcller-Weiss.<\/p>\n\n\n\n<p class=\"wp-block-paragraph\">\u201cTenho tamb\u00e9m um ponto de refer\u00eancia em Rafa Nadal, que mesmo quando as pessoas pensam que ele acabou, foi capaz de superar a dor e vencer outra vez\u201d, recordou. \u201cEu estive com ele no Masters 1000 de Madri. Sei tudo que ele sofreu e \u00e9 por isso que ele \u00e9 um ponto de refer\u00eancia para mim, pois, embora n\u00e3o esteja em seu melhor, \u00e9 capaz de vencer torneios como Roland Garros. Me lembro que na coletiva de imprensa ele admitiu que a dor mudava a personalidade dele, e eu entendo isso\u201d, citou.<\/p>\n\n\n\n<p class=\"wp-block-paragraph\">\u201cAntes de me despedir, quero agradec\u00ea-los mais uma vez pelo apoio que recebo de todos voc\u00eas. Prometo que vou fazer de tudo para competir outra vez e para aproveitarmos bons momentos juntos\u201d, encerrou.<\/p>\n\n\n\n<p class=\"wp-block-paragraph\">A&nbsp;<a href=\"https:\/\/grandepremio.com\/motovelocidade\/\" target=\"_blank\" rel=\"noreferrer noopener\"><\/a><a href=\"https:\/\/grandepremio.com\/motovelocidade\/\" target=\"_blank\" rel=\"noreferrer noopener\"><\/a><a href=\"https:\/\/grandepremio.com\/motovelocidade\/\" target=\"_blank\" rel=\"noreferrer noopener\">MotoGP<\/a>&nbsp;agora entra em f\u00e9rias e volta \u00e0 ativa apenas no dia 7 de agosto, com o&nbsp;<a href=\"https:\/\/www.grandepremio.com\/br\/etapa\/motogp\/gp-gra-bretanha-motogp-2022\/\" target=\"_blank\" rel=\"noreferrer noopener\">GP da Gr\u00e3-Bretanha<\/a>, em Silverstone. O&nbsp;<strong>GRANDE PR\u00caMIO<\/strong>&nbsp;acompanha todas as atividades&nbsp;do Mundial de&nbsp;<a href=\"https:\/\/www.grandepremio.com\/motovelocidade\/\" target=\"_blank\" rel=\"noreferrer noopener\">Motovelocidade<\/a>&nbsp;2022.<\/p>\n\n\n\n<p class=\"wp-block-paragraph\"><strong>LEIA TAMB\u00c9M<\/strong><a href=\"https:\/\/www.grandepremio.com\/br\/motogp\/noticias\/suzuki-culpa-takaaki-nakagami-contesta-comissarios-inaceitavel-considerar-acidente-corrida\/\"><\/a><br>#\u00a0<strong><a href=\"https:\/\/www.grandepremio.com\/br\/motogp\/noticias\/johann-zarco-descarta-mais-apoio-ducati-3o-lugar-motogp-suporte-total\/\">Zarco descarta ter mais apoio da Ducati por 3\u00ba lugar na\u00a0<\/a><a href=\"https:\/\/grandepremio.com\/motovelocidade\/\" target=\"_blank\" rel=\"noreferrer noopener\">MotoGP<\/a><a href=\"https:\/\/www.grandepremio.com\/br\/motogp\/noticias\/johann-zarco-descarta-mais-apoio-ducati-3o-lugar-motogp-suporte-total\/\">: \u201cSuporte j\u00e1 \u00e9 total\u201d<\/a><\/strong><br>#\u00a0<strong><a href=\"https:\/\/www.grandepremio.com\/br\/motogp\/noticias\/rnf-busca-resultados-imediatos-2023-experiencia-novatos\/\"><\/a><a href=\"https:\/\/www.grandepremio.com\/br\/equipe\/motogp\/2021\/yamaha-rnf-motogp-team\/\" target=\"_blank\" rel=\"noreferrer noopener\"><\/a><a href=\"https:\/\/www.grandepremio.com\/br\/equipe\/motogp\/2021\/yamaha-rnf-motogp-team\/\" target=\"_blank\" rel=\"noreferrer noopener\">RNF<\/a><a href=\"https:\/\/www.grandepremio.com\/br\/motogp\/noticias\/rnf-busca-resultados-imediatos-2023-experiencia-novatos\/\">\u00a0busca \u201cresultados imediatos\u201d em 2023 e mira experi\u00eancia ao inv\u00e9s de novatos<\/a><\/strong><br>#\u00a0<strong><a href=\"https:\/\/www.grandepremio.com\/br\/motogp\/noticias\/ducati-aprender-erros-otima-moto-pilotos-excelentes\/\">Ducati fala em aprender com erros e faz nota: \u201cTemos \u00f3tima moto e pilotos excelentes\u201d<\/a><\/strong><br>#\u00a0<strong><a href=\"https:\/\/www.grandepremio.com\/br\/motogp\/noticias\/andrea-dovizioso-descarta-superbike-poe-motocross-destino-pos-motogp\/\">Dovizioso descarta superbike e p\u00f5e motocross como destino p\u00f3s-MotoGP<\/a><\/strong><br>#\u00a0<strong><a href=\"https:\/\/www.grandepremio.com\/br\/motogp\/noticias\/motogp-antecipa-altera-programacao-gp-japao-fugir-problemas-logisitcos\/\">MotoGP se antecipa e altera programa\u00e7\u00e3o do\u00a0<\/a><a href=\"https:\/\/www.grandepremio.com\/br\/etapa\/motogp\/gp-japao-motogp-2022\/\" target=\"_blank\" rel=\"noreferrer noopener\">GP do Jap\u00e3o<\/a><a href=\"https:\/\/www.grandepremio.com\/br\/motogp\/noticias\/motogp-antecipa-altera-programacao-gp-japao-fugir-problemas-logisitcos\/\">\u00a0para fugir de problemas log\u00edsitcos<\/a><\/strong><br>#\u00a0<strong><a href=\"https:\/\/www.grandepremio.com\/br\/motogp\/noticias\/joan-mir-mercado-pilotos-caotico-avisa-quem-dormir-ponto-pode-ficar-sem-moto\/\">Mir v\u00ea mercado de pilotos ca\u00f3tico e avisa: \u201cQuem dormir no ponto pode ficar sem moto\u201d<\/a><\/strong><br>#\u00a0<strong><a href=\"https:\/\/www.grandepremio.com\/br\/motogp\/noticias\/miguel-oliveira-nega-acordo-2023-ve-ktm-opcao-ainda-querem\/\">Oliveira nega acordo para 2023 e v\u00ea\u00a0<\/a><a href=\"https:\/\/www.grandepremio.com\/br\/equipe\/motogp\/2021\/red-bull-ktm-factory-racing\/\" target=\"_blank\" rel=\"noreferrer noopener\"><\/a><a href=\"https:\/\/www.grandepremio.com\/br\/equipe\/motogp\/2021\/red-bull-ktm-factory-racing\/\" target=\"_blank\" rel=\"noreferrer noopener\">KTM<\/a><a href=\"https:\/\/www.grandepremio.com\/br\/motogp\/noticias\/miguel-oliveira-nega-acordo-2023-ve-ktm-opcao-ainda-querem\/\">\u00a0como op\u00e7\u00e3o: \u201cAinda me querem\u201d<\/a><\/strong><br>#\u00a0<strong><a href=\"https:\/\/www.grandepremio.com\/br\/motogp\/noticias\/lcr-dissabor-alex-marquez-aguarda-decisao-honda-takaaki-nakagami-negocia-alex-rins\/\">LCR v\u00ea dissabor de M\u00e1rquez, aguarda decis\u00e3o da\u00a0<\/a><a href=\"https:\/\/www.grandepremio.com\/br\/equipe\/motogp\/2021\/repsol-honda-team\/\" target=\"_blank\" rel=\"noreferrer noopener\"><\/a><a href=\"https:\/\/www.grandepremio.com\/br\/equipe\/motogp\/2021\/repsol-honda-team\/\" target=\"_blank\" rel=\"noreferrer noopener\"><\/a><a href=\"https:\/\/www.grandepremio.com\/br\/equipe\/motogp\/2021\/repsol-honda-team\/\" target=\"_blank\" rel=\"noreferrer noopener\"><\/a><a href=\"https:\/\/www.grandepremio.com\/br\/equipe\/motogp\/2021\/repsol-honda-team\/\" target=\"_blank\" rel=\"noreferrer noopener\"><\/a><a href=\"https:\/\/www.grandepremio.com\/br\/equipe\/motogp\/2021\/repsol-honda-team\/\" target=\"_blank\" rel=\"noreferrer noopener\"><\/a><a href=\"https:\/\/www.grandepremio.com\/br\/equipe\/motogp\/2021\/repsol-honda-team\/\" target=\"_blank\" rel=\"noreferrer noopener\"><\/a><a href=\"https:\/\/www.grandepremio.com\/br\/equipe\/motogp\/2021\/repsol-honda-team\/\" target=\"_blank\" rel=\"noreferrer noopener\"><\/a><a href=\"https:\/\/www.grandepremio.com\/br\/equipe\/motogp\/2021\/repsol-honda-team\/\" target=\"_blank\" rel=\"noreferrer noopener\"><\/a><a href=\"https:\/\/www.grandepremio.com\/br\/equipe\/motogp\/2021\/repsol-honda-team\/\" target=\"_blank\" rel=\"noreferrer noopener\"><\/a><a href=\"https:\/\/www.grandepremio.com\/br\/equipe\/motogp\/2021\/repsol-honda-team\/\" target=\"_blank\" rel=\"noreferrer noopener\"><\/a><a href=\"https:\/\/www.grandepremio.com\/br\/equipe\/motogp\/2021\/repsol-honda-team\/\" target=\"_blank\" rel=\"noreferrer noopener\"><\/a><a href=\"https:\/\/www.grandepremio.com\/br\/equipe\/motogp\/2021\/repsol-honda-team\/\" target=\"_blank\" rel=\"noreferrer noopener\"><\/a><a href=\"https:\/\/www.grandepremio.com\/br\/equipe\/motogp\/2021\/repsol-honda-team\/\" target=\"_blank\" rel=\"noreferrer noopener\">Honda<\/a><a href=\"https:\/\/www.grandepremio.com\/br\/motogp\/noticias\/alex-rins-analisa-opcoes-mira-moto-ano-temporada-2023\/\">\u00a0por Nakagami e negocia com Rins<\/a><\/strong><br>#\u00a0<strong><a href=\"https:\/\/www.grandepremio.com\/br\/motogp\/noticias\/gresini-acerta-alex-marquez-renova-fabio-di-giannantonio-fecha-line-up-2023\/\">Gresini acerta com\u00a0<\/a><a href=\"https:\/\/www.grandepremio.com\/br\/piloto\/alex-marquez\/\" target=\"_blank\" rel=\"noreferrer noopener\"><\/a><a href=\"https:\/\/www.grandepremio.com\/br\/piloto\/alex-marquez\/\" target=\"_blank\" rel=\"noreferrer noopener\"><\/a><a href=\"https:\/\/www.grandepremio.com\/br\/piloto\/alex-marquez\/\" target=\"_blank\" rel=\"noreferrer noopener\"><\/a><a href=\"https:\/\/www.grandepremio.com\/br\/piloto\/alex-marquez\/\" target=\"_blank\" rel=\"noreferrer noopener\">\u00c1lex M\u00e1rquez<\/a><a href=\"https:\/\/www.grandepremio.com\/br\/motogp\/noticias\/gresini-acerta-alex-marquez-renova-fabio-di-giannantonio-fecha-line-up-2023\/\">, renova com Di Giannantonio e fecha line-up de 2023<\/a><\/strong><br># <strong><a href=\"https:\/\/www.grandepremio.com\/br\/motogp\/noticias\/anuncio-gresini-deixa-11-vagas-aberto-motogp-temporada-2023\/\">An\u00fancio da Gresini deixa 11 vagas em aberto na MotoGP para temporada 2023<\/a><\/strong><br># <strong><a href=\"https:\/\/www.grandepremio.com\/br\/motogp\/noticias\/yamaha-acusa-fim-desigualdade-punicao-fabio-quartararo-holanda-afeta-justica-motogp\/\"><\/a><a href=\"https:\/\/www.grandepremio.com\/br\/equipe\/motogp\/2021\/monster-energy-yamaha-motogp\/\" target=\"_blank\" rel=\"noreferrer noopener\">Yamaha<\/a><a href=\"https:\/\/www.grandepremio.com\/br\/motogp\/noticias\/yamaha-acusa-fim-desigualdade-punicao-fabio-quartararo-holanda-afeta-justica-motogp\/\" class=\"ek-link\"> v\u00ea puni\u00e7\u00e3o \u201cdesigual\u201d a Quartararo na Holanda: \u201cAfeta justi\u00e7a da MotoGP\u201d<\/a><\/strong><\/p>\n\n\n\n<figure class=\"wp-block-embed is-type-video is-provider-youtube wp-block-embed-youtube wp-embed-aspect-16-9 wp-has-aspect-ratio\"><div class=\"wp-block-embed__wrapper\">\n<iframe loading=\"lazy\" title=\"MOTOGP | DO DOM\u00cdNIO DE MARC M\u00c1RQUEZ AO ZERO: A HONDA DE PONTA CABE\u00c7A NA ALEMANHA\" width=\"500\" height=\"281\" src=\"https:\/\/www.youtube.com\/embed\/bLcHX3Lvl1I?feature=oembed\" frameborder=\"0\" allow=\"accelerometer; autoplay; clipboard-write; encrypted-media; gyroscope; picture-in-picture; web-share\" referrerpolicy=\"strict-origin-when-cross-origin\" allowfullscreen><\/iframe>\n<\/div><figcaption>DO DOM\u00cdNIO DE MARC M\u00c1RQUEZ AO ZERO: A HONDA DE PONTA CABE\u00c7A NA ALEMANHA<\/figcaption><\/figure>\n","protected":false},"excerpt":{"rendered":"<p>Em um longo texto publicado no site da Repsol, o piloto da Honda contou como tem vivido o per\u00edodo de recupera\u00e7\u00e3o da quarta cirurgia no bra\u00e7o direito, agradeceu o apoio dos f\u00e3s e dos ex-pilotos Alex Crivill\u00e8, Alberto Puig e Mick Doohan e disse ter esperan\u00e7a de poder voltar a competir sem sentir dor<\/p>\n","protected":false},"author":0,"featured_media":1000577252,"comment_status":"closed","ping_status":"closed","sticky":false,"template":"","format":"standard","meta":{"42wp_featured_image_caption":"","42wp_featured_image_credits":"","42wp_featured_video":"","42wp_featured_image_hidden":false,"42wp_authors_list":[],"footnotes":""},"categories":[8],"tags":[1300,79,78,2997,30733,30728,30734,25819,28345,28766,26690],"42wp_author":[47113],"class_list":["post-111066","post","type-post","status-publish","format-standard","has-post-thumbnail","hentry","category-motogp","tag-marc-marquez","tag-moto-gp","tag-motogp","tag-motogp-2022","tag-motogp-2022-calendario","tag-motogp-calendario-2022","tag-motogp-classificacao-2022","tag-motogp-hoje","tag-motogp-horarios","tag-motogp-standings","tag-pilotos-motogp","42wp_author-juliana-tesser"],"_links":{"self":[{"href":"https:\/\/grandepremio.com\/br\/wp-json\/wp\/v2\/posts\/111066","targetHints":{"allow":["GET"]}}],"collection":[{"href":"https:\/\/grandepremio.com\/br\/wp-json\/wp\/v2\/posts"}],"about":[{"href":"https:\/\/grandepremio.com\/br\/wp-json\/wp\/v2\/types\/post"}],"replies":[{"embeddable":true,"href":"https:\/\/grandepremio.com\/br\/wp-json\/wp\/v2\/comments?post=111066"}],"version-history":[{"count":0,"href":"https:\/\/grandepremio.com\/br\/wp-json\/wp\/v2\/posts\/111066\/revisions"}],"wp:featuredmedia":[{"embeddable":true,"href":"https:\/\/grandepremio.com\/br\/wp-json\/wp\/v2\/media\/1000577252"}],"wp:attachment":[{"href":"https:\/\/grandepremio.com\/br\/wp-json\/wp\/v2\/media?parent=111066"}],"wp:term":[{"taxonomy":"category","embeddable":true,"href":"https:\/\/grandepremio.com\/br\/wp-json\/wp\/v2\/categories?post=111066"},{"taxonomy":"post_tag","embeddable":true,"href":"https:\/\/grandepremio.com\/br\/wp-json\/wp\/v2\/tags?post=111066"},{"taxonomy":"42wp_author","embeddable":true,"href":"https:\/\/grandepremio.com\/br\/wp-json\/wp\/v2\/42wp_author?post=111066"}],"curies":[{"name":"wp","href":"https:\/\/api.w.org\/{rel}","templated":true}]}}