{"id":111081,"date":"2022-06-28T15:00:00","date_gmt":"2022-06-28T18:00:00","guid":{"rendered":"https:\/\/grandepremio.com\/br\/noticias\/editorial-klara-castanho-jornalismo-controle-sobre-corpo-mulher\/"},"modified":"2022-06-28T16:02:02","modified_gmt":"2022-06-28T19:02:02","slug":"editorial-klara-castanho-jornalismo-controle-sobre-corpo-mulher","status":"publish","type":"post","link":"https:\/\/grandepremio.com\/br\/grande-premio\/editorial-klara-castanho-jornalismo-controle-sobre-corpo-mulher\/","title":{"rendered":"Editorial: Klara Castanho, jornalismo e o controle sobre o corpo da mulher"},"content":{"rendered":"\n<p class=\"wp-block-paragraph\">No Paddock GP #293 da \u00faltima segunda-feira (28), o jornalista Victor Martins abriu o programa com um editorial que fala a respeito do jornalismo x fofoca, do triste caso e exposi\u00e7\u00e3o da atriz Klara Castanho e da tentativa social de controle do corpo e das decis\u00f5es da mulher. <\/p>\n\n\n\n<p class=\"wp-block-paragraph\"><strong>Assista ao trecho completo abaixo:<\/strong><\/p>\n\n\n\n<figure class=\"wp-block-embed is-type-rich is-provider-incorporar-manipulador wp-block-embed-incorporar-manipulador wp-embed-aspect-16-9 wp-has-aspect-ratio\"><div class=\"wp-block-embed__wrapper\">\nhttps:\/\/www.youtube.com\/watch?v=1u3Trte61X8?t=30\n<\/div><\/figure>\n\n\n\n<p class=\"wp-block-paragraph\"><strong>\u25b6\ufe0f&nbsp;Inscreva-se nos dois canais do GRANDE PR\u00caMIO no YouTube:&nbsp;<a href=\"https:\/\/www.youtube.com\/channel\/UC9OlHEgxoaY6QY6nWPoiqQg?sub_confirmation=1\" target=\"_blank\" rel=\"noreferrer noopener\">GP<\/a>&nbsp;|&nbsp;<a href=\"https:\/\/www.youtube.com\/channel\/UC9csiS6q_C3C0FYhyr1rnFA?sub_confirmation=1\" target=\"_blank\" rel=\"noreferrer noopener\">GP2<\/a><\/strong><br><strong>\u25b6\ufe0f&nbsp;<a href=\"https:\/\/www.twitch.tv\/grandepremio\" target=\"_blank\" rel=\"noreferrer noopener\">Conhe\u00e7a o canal do GRANDE PR\u00caMIO na Twitch clicando aqui!<\/a><\/strong><\/p>\n","protected":false},"excerpt":{"rendered":"<p>Victor Martins abriu o Paddock GP #293 com um editorial que fala a respeito dos acontecimentos dos \u00faltimos dias, sobretudo a exposi\u00e7\u00e3o da atriz Klara Castanho<\/p>\n","protected":false},"author":0,"featured_media":1000589403,"comment_status":"closed","ping_status":"closed","sticky":false,"template":"","format":"standard","meta":{"42wp_featured_image_caption":"","42wp_featured_image_credits":"","42wp_featured_video":"","42wp_featured_image_hidden":false,"42wp_authors_list":[],"footnotes":""},"categories":[4],"tags":[2154,207,230,28578,24836,82,1537,29362,204,3632,486],"42wp_author":[47139],"class_list":["post-111081","post","type-post","status-publish","format-standard","has-post-thumbnail","hentry","category-grande-premio","tag-evelyn-guimaraes","tag-ferrari","tag-gabriel-curty","tag-gp-da-gra-bretanha","tag-grande-premio-2","tag-mercedes","tag-paddock-gp","tag-programas-grande-premio-2","tag-red-bull","tag-silverstone","tag-victor-martins","42wp_author-ana-cerveira"],"_links":{"self":[{"href":"https:\/\/grandepremio.com\/br\/wp-json\/wp\/v2\/posts\/111081","targetHints":{"allow":["GET"]}}],"collection":[{"href":"https:\/\/grandepremio.com\/br\/wp-json\/wp\/v2\/posts"}],"about":[{"href":"https:\/\/grandepremio.com\/br\/wp-json\/wp\/v2\/types\/post"}],"replies":[{"embeddable":true,"href":"https:\/\/grandepremio.com\/br\/wp-json\/wp\/v2\/comments?post=111081"}],"version-history":[{"count":0,"href":"https:\/\/grandepremio.com\/br\/wp-json\/wp\/v2\/posts\/111081\/revisions"}],"wp:featuredmedia":[{"embeddable":true,"href":"https:\/\/grandepremio.com\/br\/wp-json\/wp\/v2\/media\/1000589403"}],"wp:attachment":[{"href":"https:\/\/grandepremio.com\/br\/wp-json\/wp\/v2\/media?parent=111081"}],"wp:term":[{"taxonomy":"category","embeddable":true,"href":"https:\/\/grandepremio.com\/br\/wp-json\/wp\/v2\/categories?post=111081"},{"taxonomy":"post_tag","embeddable":true,"href":"https:\/\/grandepremio.com\/br\/wp-json\/wp\/v2\/tags?post=111081"},{"taxonomy":"42wp_author","embeddable":true,"href":"https:\/\/grandepremio.com\/br\/wp-json\/wp\/v2\/42wp_author?post=111081"}],"curies":[{"name":"wp","href":"https:\/\/api.w.org\/{rel}","templated":true}]}}