{"id":111083,"date":"2022-06-28T13:21:39","date_gmt":"2022-06-28T16:21:39","guid":{"rendered":"https:\/\/grandepremio.com\/br\/noticias\/nyck-de-vries-negocia-maserati-dupla-edoardo-mortara-formula-e-2023\/"},"modified":"2022-06-28T14:01:58","modified_gmt":"2022-06-28T17:01:58","slug":"nyck-de-vries-negocia-maserati-dupla-edoardo-mortara-formula-e-2023","status":"publish","type":"post","link":"https:\/\/grandepremio.com\/br\/formula-e\/nyck-de-vries-negocia-maserati-dupla-edoardo-mortara-formula-e-2023\/","title":{"rendered":"De Vries negocia com Maserati para fazer dupla com Mortara na F\u00f3rmula E 2023"},"content":{"rendered":"\n<figure class=\"wp-block-embed is-type-video is-provider-youtube wp-block-embed-youtube wp-embed-aspect-16-9 wp-has-aspect-ratio\"><div class=\"wp-block-embed__wrapper\">\n<iframe loading=\"lazy\" title=\"COMO FUNCIONAM OS TESTES DO NOVO CARRO GEN3 DA F\u00d3RMULA E?\" width=\"500\" height=\"281\" src=\"https:\/\/www.youtube.com\/embed\/jnEfis31VdQ?start=2&amp;feature=oembed\" frameborder=\"0\" allow=\"accelerometer; autoplay; clipboard-write; encrypted-media; gyroscope; picture-in-picture; web-share\" referrerpolicy=\"strict-origin-when-cross-origin\" allowfullscreen><\/iframe>\n<\/div><figcaption>COMO FUNCIONAM OS TESTES DO NOVO CARRO GEN3 DA F\u00d3RMULA E?<\/figcaption><\/figure>\n\n\n\n<p class=\"wp-block-paragraph\">O futuro de Nyck de Vries na F\u00f3rmula E tem sido uma verdadeira inc\u00f3gnita, j\u00e1 que sua equipe \u2014 a Mercedes \u2014 vai deixar o grid ao final da atual temporada para ser incorporada pela McLaren, que parte para sua primeira empreitada na categoria. Assim, sem vagas dispon\u00edveis na F\u00f3rmula 1 e fora dos planos do time brit\u00e2nico, o neerland\u00eas ainda n\u00e3o tem, ao menos oficialmente, um time para pilotar em 2023.<\/p>\n\n\n\n<p class=\"wp-block-paragraph\">No entanto, isso pode mudar rapidamente. De acordo com informa\u00e7\u00f5es do portal ingl\u00eas The Race, negocia\u00e7\u00f5es est\u00e3o em andamento para que o atual campe\u00e3o da categoria se mude \u00e0 Maserati, que pretende manter Edoardo Mortara no ano que vem. Com isso, De Vries substituiria o brasileiro Lucas Di Grassi no time monegasco.<\/p>\n\n\n\n<p class=\"wp-block-paragraph\"><strong>\u25b6\ufe0f&nbsp;<a href=\"https:\/\/www.twitch.tv\/grandepremio\" target=\"_blank\" rel=\"noreferrer noopener\">Conhe\u00e7a o canal do GRANDE PR\u00caMIO na Twitch clicando aqui!<\/a><\/strong><\/p>\n\n\n\n<figure class=\"wp-block-image size-large\"><img decoding=\"async\" src=\"https:\/\/www.grandepremio.com\/br\/wp-content\/uploads\/2022\/01\/mercedes-nyckdevries-05-e1643399556601-1024x679.jpg\" alt=\"\" class=\"wp-image-537959\"\/><figcaption>De Vries levantou a ta\u00e7a da F\u00f3rmula E no ano passado, mas n\u00e3o faz uma temporada de destaque em 2022 (Foto: FIA F\u00f3rmula E)<\/figcaption><\/figure>\n\n\n\n<p class=\"wp-block-paragraph\">Apesar da Maserati n\u00e3o fazer parte do grid atualmente, Mortara pertence \u00e0 Venturi \u2014 que vai ser incorporada pela tradicional montadora no ano que vem, algo parecido ao acordo entre Mercedes e McLaren.<\/p>\n\n\n\n<p class=\"wp-block-paragraph\">O futuro de De Vries havia se tornado uma verdadeira inc\u00f3gnita. O piloto nunca fez muita quest\u00e3o de esconder que gostaria de estar na F\u00f3rmula 1, mas desde que Alexander Albon foi escolhido como dupla de Nicholas Latifi, essa possibilidade parece ter esfriado mais ainda para o campe\u00e3o da F2 de 2019.<\/p>\n\n\n\n<p class=\"wp-block-paragraph\">Mas por que De Vries ficou de fora dos planos da McLaren \u2014 equipe que j\u00e1 defendeu no passado? Piloto reserva da Toyota no WEC desde 2020, o atual campe\u00e3o da F\u00f3rmula E espera por uma oportunidade como titular da montadora japonesa no Mundial de Endurance do ano que vem, e o time de Woking n\u00e3o estaria disposto a ver um de seus pilotos se dividindo em duas competi\u00e7\u00f5es \u2014 inclusive correndo o risco de um choque de datas.<\/p>\n\n\n\n<figure class=\"wp-block-image size-large\"><img decoding=\"async\" src=\"https:\/\/www.grandepremio.com\/br\/wp-content\/uploads\/2022\/05\/williams-nyckdevries-01-1024x683.png\" alt=\"\" class=\"wp-image-572935\"\/><figcaption>De Vries chegou a testar FW44 da Williams no final de semana do GP da Espanha (Foto: Williams)<\/figcaption><\/figure>\n\n\n\n<p class=\"wp-block-paragraph\"><strong>\u25b6\ufe0f&nbsp;Inscreva-se nos dois canais do GRANDE PR\u00caMIO no YouTube:&nbsp;<a href=\"https:\/\/www.youtube.com\/channel\/UC9OlHEgxoaY6QY6nWPoiqQg?sub_confirmation=1\" target=\"_blank\" rel=\"noreferrer noopener\">GP<\/a>&nbsp;|&nbsp;<a href=\"https:\/\/www.youtube.com\/channel\/UC9csiS6q_C3C0FYhyr1rnFA?sub_confirmation=1\" target=\"_blank\" rel=\"noreferrer noopener\">GP2<\/a><\/strong><\/p>\n\n\n\n<p class=\"wp-block-paragraph\">No momento em que ficou claro que a McLaren n\u00e3o gostaria de ter um piloto se dividindo em duas jornadas, a situa\u00e7\u00e3o do grid j\u00e1 era complicada para De Vries, com poucos assentos dispon\u00edveis \u2014 seu atual companheiro de equipe, Stoffel Vandoorne, j\u00e1 garantiu a transfer\u00eancia para a nova DS Penske no ano que vem em companhia a Jean-\u00c8ric Vergne, atualmente na DS Techeetah.<\/p>\n\n\n\n<p class=\"wp-block-paragraph\">Diversos outros movimentos tamb\u00e9m aconteceram nesse meio tempo, como por exemplo a ida de Robin Frijns da Envision para a Abt e a sa\u00edda de S\u00e9bastien Buemi da Nissan para substituir o neerland\u00eas como companheiro de Nick Cassidy no time verde. Com isso, o time japon\u00eas e a Maserati passaram a ser as \u00fanicas op\u00e7\u00f5es para o piloto no grid da F\u00f3rmula E.<\/p>\n\n\n\n<p class=\"wp-block-paragraph\">Nesta quarta-feira (28), \u00e9 esperada a apresenta\u00e7\u00e3o do calend\u00e1rio provis\u00f3rio da temporada 2022\/2023 da F\u00f3rmula E no Conselho Mundial de Automobilismo da FIA, o que pode ser decisivo no futuro de De Vries. Caso as datas da categoria n\u00e3o estejam no planejamento de se chocarem com o WEC, o neerland\u00eas fica ainda mais pr\u00f3ximo de um acordo com a Maserati.<\/p>\n","protected":false},"excerpt":{"rendered":"<p>Ainda sem futuro definido na categoria, Nyck de Vries aguarda calend\u00e1rio da F\u00f3rmula E para saber se vai continuar no grid do ano que vem. Piloto da Toyota no WEC, atual campe\u00e3o torce para que n\u00e3o haja conflito de datas e negocia com a Maserati<\/p>\n","protected":false},"author":0,"featured_media":1000572564,"comment_status":"closed","ping_status":"closed","sticky":false,"template":"","format":"standard","meta":{"42wp_featured_image_caption":"","42wp_featured_image_credits":"","42wp_featured_video":"","42wp_featured_image_hidden":false,"42wp_authors_list":[],"footnotes":""},"categories":[19],"tags":[31679,949,189,6767,379,27903,840,28327,1601,24836,28285,26794,8870,90,82,1556],"42wp_author":[47142],"class_list":["post-111083","post","type-post","status-publish","format-standard","has-post-thumbnail","hentry","category-formula-e","tag-ancol","tag-edoardo-mortara","tag-ep-de-jacarta","tag-ep-de-marrakech","tag-fe","tag-fe-2022","tag-formula-e","tag-formula-e-2022","tag-gen3","tag-grande-premio-2","tag-grandepremio","tag-indonesia","tag-maserati","tag-mclaren","tag-mercedes","tag-nyck-de-vries","42wp_author-jp-nascimento"],"_links":{"self":[{"href":"https:\/\/grandepremio.com\/br\/wp-json\/wp\/v2\/posts\/111083","targetHints":{"allow":["GET"]}}],"collection":[{"href":"https:\/\/grandepremio.com\/br\/wp-json\/wp\/v2\/posts"}],"about":[{"href":"https:\/\/grandepremio.com\/br\/wp-json\/wp\/v2\/types\/post"}],"replies":[{"embeddable":true,"href":"https:\/\/grandepremio.com\/br\/wp-json\/wp\/v2\/comments?post=111083"}],"version-history":[{"count":0,"href":"https:\/\/grandepremio.com\/br\/wp-json\/wp\/v2\/posts\/111083\/revisions"}],"wp:featuredmedia":[{"embeddable":true,"href":"https:\/\/grandepremio.com\/br\/wp-json\/wp\/v2\/media\/1000572564"}],"wp:attachment":[{"href":"https:\/\/grandepremio.com\/br\/wp-json\/wp\/v2\/media?parent=111083"}],"wp:term":[{"taxonomy":"category","embeddable":true,"href":"https:\/\/grandepremio.com\/br\/wp-json\/wp\/v2\/categories?post=111083"},{"taxonomy":"post_tag","embeddable":true,"href":"https:\/\/grandepremio.com\/br\/wp-json\/wp\/v2\/tags?post=111083"},{"taxonomy":"42wp_author","embeddable":true,"href":"https:\/\/grandepremio.com\/br\/wp-json\/wp\/v2\/42wp_author?post=111083"}],"curies":[{"name":"wp","href":"https:\/\/api.w.org\/{rel}","templated":true}]}}