{"id":111188,"date":"2022-06-24T04:30:00","date_gmt":"2022-06-24T07:30:00","guid":{"rendered":"https:\/\/grandepremio.com\/br\/noticias\/pirelli-primeira-meta-alcancada-2022-duelo-max-verstappen-carlos-sainz-canada\/"},"modified":"2022-06-23T17:32:48","modified_gmt":"2022-06-23T20:32:48","slug":"pirelli-primeira-meta-alcancada-2022-duelo-max-verstappen-carlos-sainz-canada","status":"publish","type":"post","link":"https:\/\/grandepremio.com\/br\/f1\/pirelli-primeira-meta-alcancada-2022-duelo-max-verstappen-carlos-sainz-canada\/","title":{"rendered":"Pirelli v\u00ea &#8220;1\u00aa meta alcan\u00e7ada&#8221; em 2022 ap\u00f3s duelo entre Verstappen e Sainz no Canad\u00e1"},"content":{"rendered":"\n<figure class=\"wp-block-embed is-type-video is-provider-youtube wp-block-embed-youtube wp-embed-aspect-16-9 wp-has-aspect-ratio\"><div class=\"wp-block-embed__wrapper\">\n<iframe loading=\"lazy\" title=\"MERCEDES N\u00c3O PULA MAIS + TEATRO PARA C\u00c2MERAS NA F\u00d3RMULA 1 2022 | WGP\" width=\"500\" height=\"281\" src=\"https:\/\/www.youtube.com\/embed\/_qHN83RsUjo?feature=oembed\" frameborder=\"0\" allow=\"accelerometer; autoplay; clipboard-write; encrypted-media; gyroscope; picture-in-picture; web-share\" referrerpolicy=\"strict-origin-when-cross-origin\" allowfullscreen><\/iframe>\n<\/div><figcaption>MERCEDES N\u00c3O PULA MAIS + TEATRO PARA C\u00c2MERAS NA F\u00d3RMULA 1 2022 | WGP<\/figcaption><\/figure>\n\n\n\n<p class=\"wp-block-paragraph\">O GP do Canad\u00e1 ficou marcado pela persegui\u00e7\u00e3o de Carlos Sainz, da Ferrari, a Max Verstappen, da Red Bull, nas voltas finais. Ainda que o espanhol n\u00e3o tenha de fato tido uma oportunidade para ultrapassar, os dois seguiram pr\u00f3ximos por cerca de 15 voltas seguidas. Para Mauro Isola, diretor da Pirelli na F1, isso n\u00e3o seria poss\u00edvel no passado, e comprova que o novo regulamento e os pneus novos est\u00e3o cumprindo o objetivo de permitir disputas pr\u00f3ximas na pista.<\/p>\n\n\n\n<p class=\"wp-block-paragraph\">\u201cPara mim, o importante desta corrida \u00e9 que vimos disputas pr\u00f3ximas na pista. Um dos objetivos este ano era ter corridas apertadas, n\u00e3o puras ultrapassagens gra\u00e7as ao DRS ou outro sistema. A ideia era dar a oportunidade aos pilotos de dar o m\u00e1ximo e lutar na pista. E foi exatamente o que aconteceu com Max [Verstappen] e Carlos [Sainz], mas tamb\u00e9m mais atr\u00e1s com as Alpines e [Charles] Leclerc, e muitos outros carros&#8221;, afirmou Isola ao site <em>Autosport<\/em>.<\/p>\n\n\n\n<p class=\"wp-block-paragraph\">\u201cIsso significa que os pneus est\u00e3o dando esta oportunidade, juntamente com os carros novos, e \u00e9 bom ver que isso est\u00e1 acontecendo. Obviamente, sabemos que podemos melhorar no futuro e estamos trabalhando para os pneus do ano que vem. Mas posso dizer que o primeiro objetivo foi alcan\u00e7ado e isso foi muito importante para n\u00f3s\u201d, celebrou o italiano.<\/p>\n\n\n\n<p class=\"wp-block-paragraph\"><strong>\u25b6\ufe0f\u00a0Inscreva-se nos dois canais do GRANDE PR\u00caMIO no YouTube:\u00a0<a href=\"https:\/\/www.youtube.com\/channel\/UC9OlHEgxoaY6QY6nWPoiqQg?sub_confirmation=1\" target=\"_blank\" rel=\"noreferrer noopener\">GP<\/a>\u00a0|\u00a0<a href=\"https:\/\/www.youtube.com\/channel\/UC9csiS6q_C3C0FYhyr1rnFA?sub_confirmation=1\" target=\"_blank\" rel=\"noreferrer noopener\">GP2<\/a><\/strong><\/p>\n\n\n\n<figure class=\"wp-block-image size-large\"><img decoding=\"async\" src=\"https:\/\/www.grandepremio.com\/br\/wp-content\/uploads\/2022\/06\/2200237-canada-gp-2022-sunday-1024x683.jpg\" alt=\"\" class=\"wp-image-587675\"\/><figcaption>Carlos Sainz quase conquistou a primeira vit\u00f3ria da carreira no Canad\u00e1 (Foto: Ferrari)<\/figcaption><\/figure>\n\n\n\n<p class=\"wp-block-paragraph\"><strong>LEIA MAIS: <a href=\"https:\/\/www.grandepremio.com\/br\/f1\/noticias\/madri-oferece-receber-corrida-formula-1-grande-oportunidade-regiao\/\" class=\"ek-link\">Madri se oferece para receber corrida da F1: \u201cGrande oportunidade para regi\u00e3o\u201d<\/a><\/strong><\/p>\n\n\n\n<p class=\"wp-block-paragraph\">Os carros de 2022 voltaram a utilizar o efeito-solo, conceito aerodin\u00e2mico que usa o assoalho do carro para gerar downforce. Dessa forma, a expectativa da F\u00f3rmula 1 era diminuir a turbul\u00eancia gerada pelos carros e proporcionar disputas mais pr\u00f3ximas na pista. Al\u00e9m disso, os pneus mudaram de tamanho tamb\u00e9m, passando a ser aro 18. Por enquanto, o saldo \u00e9 positivo na vis\u00e3o da Pirelli.<\/p>\n\n\n\n<p class=\"wp-block-paragraph\">\u201cAntes, o carro atr\u00e1s come\u00e7ava a perder downforce, deslizava e superaquecia os pneus, ent\u00e3o h\u00e1 um grande fator criado pelos carros novos. E, obviamente, manter a press\u00e3o aerodin\u00e2mica em ambos os carros est\u00e1 ajudando os pneus&#8221;, explicou Mauro.<\/p>\n\n\n\n<p class=\"wp-block-paragraph\">\u201cMas tamb\u00e9m os novos pneus, esta nova fam\u00edlia de compostos, est\u00e1 funcionando melhor. Sabemos que \u00e0s vezes o m\u00e9dio e o macio est\u00e3o se degradando um pouco demais, mas isso \u00e9 necess\u00e1rio, caso contr\u00e1rio, se voc\u00ea tem pneus que est\u00e3o se comportando da mesma forma, voc\u00ea n\u00e3o gera nenhuma estrat\u00e9gia&#8221;, concluiu o diretor da Pirelli.<\/p>\n\n\n\n<figure class=\"wp-block-embed is-type-video is-provider-youtube wp-block-embed-youtube wp-embed-aspect-16-9 wp-has-aspect-ratio\"><div class=\"wp-block-embed__wrapper\">\n<iframe loading=\"lazy\" title=\"MERCEDES PODE BRIGAR COM A FERRARI NA F\u00d3RMULA 1 2022?\" width=\"500\" height=\"281\" src=\"https:\/\/www.youtube.com\/embed\/Mu4Q2a-Dziw?feature=oembed\" frameborder=\"0\" allow=\"accelerometer; autoplay; clipboard-write; encrypted-media; gyroscope; picture-in-picture; web-share\" referrerpolicy=\"strict-origin-when-cross-origin\" allowfullscreen><\/iframe>\n<\/div><figcaption>MERCEDES PODE BRIGAR COM FERRARI NA F\u00d3RMULA 1 2022?<\/figcaption><\/figure>\n","protected":false},"excerpt":{"rendered":"<p>Mauro Isola, diretor da Pirelli na F1, afirmou que a briga pr\u00f3xima de Max Verstappen e Carlos Sainz nas voltas finais do GP do Canad\u00e1 indicou que os pneus est\u00e3o cumprindo o objetivo de proporcionar disputas duradouras na pista<\/p>\n","protected":false},"author":0,"featured_media":1000587203,"comment_status":"closed","ping_status":"closed","sticky":false,"template":"","format":"standard","meta":{"42wp_featured_image_caption":"","42wp_featured_image_credits":"","42wp_featured_video":"","42wp_featured_image_hidden":false,"42wp_authors_list":[],"footnotes":""},"categories":[2],"tags":[546,14357,31779,203,562,1126,1128],"42wp_author":[47144],"class_list":["post-111188","post","type-post","status-publish","format-standard","has-post-thumbnail","hentry","category-f1","tag-carlos-sainz","tag-gp-do-canada","tag-gp-do-canada-2022","tag-max-verstappen","tag-novo-regulamento","tag-pirelli","tag-pneus","42wp_author-andre-netto"],"_links":{"self":[{"href":"https:\/\/grandepremio.com\/br\/wp-json\/wp\/v2\/posts\/111188","targetHints":{"allow":["GET"]}}],"collection":[{"href":"https:\/\/grandepremio.com\/br\/wp-json\/wp\/v2\/posts"}],"about":[{"href":"https:\/\/grandepremio.com\/br\/wp-json\/wp\/v2\/types\/post"}],"replies":[{"embeddable":true,"href":"https:\/\/grandepremio.com\/br\/wp-json\/wp\/v2\/comments?post=111188"}],"version-history":[{"count":0,"href":"https:\/\/grandepremio.com\/br\/wp-json\/wp\/v2\/posts\/111188\/revisions"}],"wp:featuredmedia":[{"embeddable":true,"href":"https:\/\/grandepremio.com\/br\/wp-json\/wp\/v2\/media\/1000587203"}],"wp:attachment":[{"href":"https:\/\/grandepremio.com\/br\/wp-json\/wp\/v2\/media?parent=111188"}],"wp:term":[{"taxonomy":"category","embeddable":true,"href":"https:\/\/grandepremio.com\/br\/wp-json\/wp\/v2\/categories?post=111188"},{"taxonomy":"post_tag","embeddable":true,"href":"https:\/\/grandepremio.com\/br\/wp-json\/wp\/v2\/tags?post=111188"},{"taxonomy":"42wp_author","embeddable":true,"href":"https:\/\/grandepremio.com\/br\/wp-json\/wp\/v2\/42wp_author?post=111188"}],"curies":[{"name":"wp","href":"https:\/\/api.w.org\/{rel}","templated":true}]}}