{"id":111201,"date":"2022-06-23T10:00:49","date_gmt":"2022-06-23T13:00:49","guid":{"rendered":"https:\/\/grandepremio.com\/br\/noticias\/motogp-antecipa-altera-programacao-gp-japao-fugir-problemas-logisitcos\/"},"modified":"2022-06-23T10:02:18","modified_gmt":"2022-06-23T13:02:18","slug":"motogp-antecipa-altera-programacao-gp-japao-fugir-problemas-logisitcos","status":"publish","type":"post","link":"https:\/\/grandepremio.com\/br\/motogp\/motogp-antecipa-altera-programacao-gp-japao-fugir-problemas-logisitcos\/","title":{"rendered":"MotoGP se antecipa e altera programa\u00e7\u00e3o do GP do Jap\u00e3o para fugir de problemas log\u00edsitcos"},"content":{"rendered":"\n<figure class=\"wp-block-embed is-type-video is-provider-youtube wp-block-embed-youtube wp-embed-aspect-16-9 wp-has-aspect-ratio\"><div class=\"wp-block-embed__wrapper\">\n<iframe loading=\"lazy\" title=\"MOTOGP | DO DOM\u00cdNIO DE MARC M\u00c1RQUEZ AO ZERO: A HONDA DE PONTA CABE\u00c7A NA ALEMANHA\" width=\"500\" height=\"281\" src=\"https:\/\/www.youtube.com\/embed\/bLcHX3Lvl1I?feature=oembed\" frameborder=\"0\" allow=\"accelerometer; autoplay; clipboard-write; encrypted-media; gyroscope; picture-in-picture; web-share\" referrerpolicy=\"strict-origin-when-cross-origin\" allowfullscreen><\/iframe>\n<\/div><figcaption>DO DOM\u00cdNIO DE MARC M\u00c1RQUEZ AO ZERO: A HONDA DE PONTA CABE\u00c7A NA ALEMANHA<\/figcaption><\/figure>\n\n\n\n<p class=\"wp-block-paragraph\">O trauma da Argentina deixou a MotoGP vacinada. Temendo novos problemas log\u00edstcos, o Mundial de Motovelocidade se antecipou e anunciou j\u00e1 nesta quinta-feira (23) uma mudan\u00e7a na programa\u00e7\u00e3o do GP do Jap\u00e3o, marcado para o dia 25 de setembro. Por causa da mudan\u00e7a, os primeiros treinos livres de Moto3, Moto2 e MotoGP n\u00e3o ser\u00e3o realizados na manh\u00e3 de sexta-feira.<\/p>\n\n\n\n<p class=\"wp-block-paragraph\">A preocupa\u00e7\u00e3o da organiza\u00e7\u00e3o do Mundial \u00e9 resultado do curto espa\u00e7o de tempo entre os GPs de Arag\u00e3o e do Jap\u00e3o, que acontecem de forma seguida. A Dorna Sports, promotora do campeonato, a FIM (Federa\u00e7\u00e3o Internacional de Motociclismo) e a IRTA (Associa\u00e7\u00e3o Internacional de Motociclismo) temem atrasos em decorr\u00eancia do conflito entre R\u00fassia e Ucr\u00e2nia.<\/p>\n\n\n\n<p class=\"wp-block-paragraph\"><strong>LEIA TAMB\u00c9M<\/strong><br># <strong><a href=\"https:\/\/www.grandepremio.com\/br\/motogp\/noticias\/fabio-quartararo-quebra-jejum-13-anos-yamaha-vitoria-gp-alemanha\/\">Quartararo quebra jejum de 13 anos da Yamaha com vit\u00f3ria no <\/a><a href=\"https:\/\/www.grandepremio.com\/br\/etapa\/motogp\/gp-alemanha-motogp-2022\/\" target=\"_blank\" rel=\"noreferrer noopener\"><\/a><a href=\"https:\/\/www.grandepremio.com\/br\/etapa\/motogp\/gp-alemanha-motogp-2022\/\" target=\"_blank\" rel=\"noreferrer noopener\">GP da Alemanha<\/a><\/strong><br># <strong><a href=\"https:\/\/www.grandepremio.com\/br\/motogp\/noticias\/honda-termina-corrida-sem-pontuar-primeira-vez-40-anos-motogp\/\">Honda termina corrida sem pontuar pela primeira vez em 40 anos na <\/a><a href=\"https:\/\/grandepremio.com\/motovelocidade\/\" target=\"_blank\" rel=\"noreferrer noopener\"><\/a><a href=\"https:\/\/grandepremio.com\/motovelocidade\/\" target=\"_blank\" rel=\"noreferrer noopener\"><\/a><a href=\"https:\/\/grandepremio.com\/motovelocidade\/\" target=\"_blank\" rel=\"noreferrer noopener\"><\/a><a href=\"https:\/\/grandepremio.com\/motovelocidade\/\" target=\"_blank\" rel=\"noreferrer noopener\"><\/a><a href=\"https:\/\/grandepremio.com\/motovelocidade\/\" target=\"_blank\" rel=\"noreferrer noopener\"><\/a><a href=\"https:\/\/grandepremio.com\/motovelocidade\/\" target=\"_blank\" rel=\"noreferrer noopener\"><\/a><a href=\"https:\/\/grandepremio.com\/motovelocidade\/\" target=\"_blank\" rel=\"noreferrer noopener\"><\/a><a href=\"https:\/\/grandepremio.com\/motovelocidade\/\" target=\"_blank\" rel=\"noreferrer noopener\">MotoGP<\/a><\/strong><\/p>\n\n\n\n<figure class=\"wp-block-image size-large\"><img decoding=\"async\" src=\"https:\/\/www.grandepremio.com\/br\/wp-content\/uploads\/2021\/10\/MotoGP-2021-Japao-Motegi-1024x683.jpg\" alt=\"\" class=\"wp-image-515639\"\/><figcaption>Motegi n\u00e3o ter\u00e1 treinos do Mundial de Motovelocidade na manh\u00e3 de sexta-feira (Foto: LCR)<\/figcaption><\/figure>\n\n\n\n<p class=\"wp-block-paragraph\"><strong>CLASSIFICA\u00c7\u00c3O DA MOTOGP<\/strong><br><strong>\u25b6\ufe0f<\/strong> <strong><a href=\"https:\/\/www.grandepremio.com\/br\/motogp\/noticias\/fabio-quartararo-vence-3-amplia-vantagem-motogp-2022-confira-classificacao\/\">Quartararo vence 3\u00aa e amplia vantagem na <\/a><a href=\"https:\/\/grandepremio.com\/motovelocidade\/\" target=\"_blank\" rel=\"noreferrer noopener\"><\/a><a href=\"https:\/\/grandepremio.com\/motovelocidade\/\" target=\"_blank\" rel=\"noreferrer noopener\"><\/a><a href=\"https:\/\/grandepremio.com\/motovelocidade\/\" target=\"_blank\" rel=\"noreferrer noopener\"><\/a><a href=\"https:\/\/grandepremio.com\/motovelocidade\/\" target=\"_blank\" rel=\"noreferrer noopener\"><\/a><a href=\"https:\/\/grandepremio.com\/motovelocidade\/\" target=\"_blank\" rel=\"noreferrer noopener\"><\/a><a href=\"https:\/\/grandepremio.com\/motovelocidade\/\" target=\"_blank\" rel=\"noreferrer noopener\"><\/a><a href=\"https:\/\/grandepremio.com\/motovelocidade\/\" target=\"_blank\" rel=\"noreferrer noopener\"><\/a><a href=\"https:\/\/grandepremio.com\/motovelocidade\/\" target=\"_blank\" rel=\"noreferrer noopener\"><\/a><a href=\"https:\/\/grandepremio.com\/motovelocidade\/\" target=\"_blank\" rel=\"noreferrer noopener\"><\/a><a href=\"https:\/\/grandepremio.com\/motovelocidade\/\" target=\"_blank\" rel=\"noreferrer noopener\"><\/a><a href=\"https:\/\/grandepremio.com\/motovelocidade\/\" target=\"_blank\" rel=\"noreferrer noopener\">MotoGP<\/a><a href=\"https:\/\/www.grandepremio.com\/br\/motogp\/noticias\/fabio-quartararo-vence-3-amplia-vantagem-motogp-2022-confira-classificacao\/\"> 2022<\/a><\/strong><\/p>\n\n\n\n<p class=\"wp-block-paragraph\">\u201cA FIM, a IRTA e a Dorna Sports s\u00e3o obrigadas a anunciar mudan\u00e7as no cronograma de sexta-feira do GP do Jap\u00e3o\u201d, anunciou. \u201cPor conta de desafios logisticos impostos pelo fato de o GP ser realizado em sequ\u00eancia com o GP de Arag\u00e3o, assim como potenciais atrasos causados pelo conflito em curso na Ucr\u00e2nia e seus efeitos no espa\u00e7o a\u00e9reo, foi decidido n\u00e3o realizar as sess\u00f5es de treinos das classes de GP \u2014 MotoGP, Moto2 e Moto3 \u2014 na manh\u00e3 de sexta-feira\u201d, seguiu.<\/p>\n\n\n\n<p class=\"wp-block-paragraph\">\u201cAo inv\u00e9s disso, o TL1 da Moto3 vai iniciar \u00e0s 13h15 no hor\u00e1rio local, o da Moto2 \u00e0s 14h10 e o da MotoGP \u00e0s 15h05. Esta \u00fanica sess\u00e3o de TL1 da MotoGP que vai acontecer na sexta-feira \u00e0 tarde ser\u00e1 estendida de 45 para 75 minutos. A extens\u00e3o de tempo \u00e9 s\u00f3 para a classe rainha\u201d, explicou. \u201cO resultado combinado para a entrada no Q1 e Q2 ser\u00e1 considerado pelo TL1 e pelo TL2 para todas as classes\u201d, apontou.<\/p>\n\n\n\n<p class=\"wp-block-paragraph\">\u201cAtividades para os f\u00e3s ser\u00e3o planejadas com os pilotos na manh\u00e3 de sexta-feira, dando aos f\u00e3s na pista a chance de interagir com os herois deles no momento em que a MotoGP retorna ao Jap\u00e3o pela primeira vez desde 2019. Tamb\u00e9m teremos a\u00e7\u00e3o no Mobility Resort Motegi a partir das 9h de sexta-feira, j\u00e1 que a Talent Cup Asi\u00e1tica inicia o fim de semana de corrida com TL1, TL2 e classifica\u00e7\u00e3o da terceira etapa de 2022\u201d, listou. \u201cDepois de tr\u00eas anos longe, o Mundial de MotoGP est\u00e1 ansioso de voltar a correr no Jap\u00e3o, casa de muitas f\u00e1bricas da MotoGP e diante de um dos p\u00fablicos mais passionais e dedicados do nosso calend\u00e1rio\u201d, encerrou.<\/p>\n\n\n\n<p class=\"wp-block-paragraph\">A <a href=\"https:\/\/grandepremio.com\/motovelocidade\/\" target=\"_blank\" rel=\"noreferrer noopener\"><\/a><a href=\"https:\/\/grandepremio.com\/motovelocidade\/\" target=\"_blank\" rel=\"noreferrer noopener\">MotoGP<\/a> volta \u00e0s pistas na pr\u00f3xima semana, para o <a href=\"https:\/\/www.grandepremio.com\/br\/etapa\/motogp\/gp-holanda-motogp-2022\/\" target=\"_blank\" rel=\"noreferrer noopener\">GP da Holanda<\/a>, em <a href=\"https:\/\/www.grandepremio.com\/br\/circuito\/assen\/\" target=\"_blank\" rel=\"noreferrer noopener\">Assen<\/a>, 11\u00aa etapa da temporada 2022. O&nbsp;<strong>GRANDE PR\u00caMIO<\/strong>&nbsp;acompanha todas as atividades&nbsp;do Mundial de&nbsp;<a href=\"https:\/\/www.grandepremio.com\/motovelocidade\/\" target=\"_blank\" rel=\"noreferrer noopener\"><\/a><a href=\"https:\/\/www.grandepremio.com\/motovelocidade\/\" target=\"_blank\" rel=\"noreferrer noopener\"><\/a><a href=\"https:\/\/www.grandepremio.com\/motovelocidade\/\" target=\"_blank\" rel=\"noreferrer noopener\"><\/a><a href=\"https:\/\/www.grandepremio.com\/motovelocidade\/\" target=\"_blank\" rel=\"noreferrer noopener\"><\/a><a href=\"https:\/\/www.grandepremio.com\/motovelocidade\/\" target=\"_blank\" rel=\"noreferrer noopener\"><\/a><a href=\"https:\/\/www.grandepremio.com\/motovelocidade\/\" target=\"_blank\" rel=\"noreferrer noopener\"><\/a><a href=\"https:\/\/www.grandepremio.com\/motovelocidade\/\" target=\"_blank\" rel=\"noreferrer noopener\"><\/a><a href=\"https:\/\/www.grandepremio.com\/motovelocidade\/\" target=\"_blank\" rel=\"noreferrer noopener\"><\/a><a href=\"https:\/\/www.grandepremio.com\/motovelocidade\/\" target=\"_blank\" rel=\"noreferrer noopener\">Motovelocidade<\/a>&nbsp;2022.<\/p>\n\n\n\n<p class=\"wp-block-paragraph\"><strong>\u25b6\ufe0f&nbsp;Inscreva-se nos dois canais do GRANDE PR\u00caMIO no YouTube:&nbsp;<a href=\"https:\/\/www.youtube.com\/channel\/UC9OlHEgxoaY6QY6nWPoiqQg?sub_confirmation=1\" target=\"_blank\" rel=\"noreferrer noopener\">GP<\/a>&nbsp;|&nbsp;<a href=\"https:\/\/www.youtube.com\/channel\/UC9csiS6q_C3C0FYhyr1rnFA?sub_confirmation=1\" target=\"_blank\" rel=\"noreferrer noopener\">GP2<\/a><\/strong>.<\/p>\n\n\n\n<p class=\"wp-block-paragraph\"><strong>LEIA TAMB\u00c9M<\/strong><a href=\"https:\/\/www.grandepremio.com\/br\/motogp\/noticias\/suzuki-culpa-takaaki-nakagami-contesta-comissarios-inaceitavel-considerar-acidente-corrida\/\"><\/a><br>#&nbsp;<strong><a href=\"https:\/\/www.grandepremio.com\/br\/motogp\/noticias\/ducati-prolonga-avaliacao-adia-escolha-enea-bastianini-jorge-martin-2023\/\"><\/a><a href=\"https:\/\/www.grandepremio.com\/br\/equipe\/motogp\/2021\/ducati-lenovo-team\/\" target=\"_blank\" rel=\"noreferrer noopener\"><\/a><a href=\"https:\/\/www.grandepremio.com\/br\/equipe\/motogp\/2021\/ducati-lenovo-team\/\" target=\"_blank\" rel=\"noreferrer noopener\"><\/a><a href=\"https:\/\/www.grandepremio.com\/br\/equipe\/motogp\/2021\/ducati-lenovo-team\/\" target=\"_blank\" rel=\"noreferrer noopener\">Ducati<\/a><a href=\"https:\/\/www.grandepremio.com\/br\/motogp\/noticias\/ducati-prolonga-avaliacao-adia-escolha-enea-bastianini-jorge-martin-2023\/\">&nbsp;prolonga avalia\u00e7\u00e3o e adia escolha entre Bastianini e Mart\u00edn para vaga de Miller em 2023<\/a><\/strong><br>#&nbsp;<strong><a href=\"https:\/\/www.grandepremio.com\/br\/motogp\/noticias\/motogp-disponibiliza-documentario-motogp-unlimited-star-america-latina\/\">MotoGP disponibiliza document\u00e1rio \u2018MotoGP Unlimited\u2019 no Star+ para&nbsp;<\/a><a href=\"https:\/\/es.grandepremio.com\/\" target=\"_blank\" rel=\"noreferrer noopener\"><\/a><a href=\"https:\/\/es.grandepremio.com\/\" target=\"_blank\" rel=\"noreferrer noopener\"><\/a><a href=\"https:\/\/es.grandepremio.com\/\" target=\"_blank\" rel=\"noreferrer noopener\"><\/a><a href=\"https:\/\/es.grandepremio.com\/\" target=\"_blank\" rel=\"noreferrer noopener\">Am\u00e9rica Latina<\/a><\/strong><br>#&nbsp;<strong><a href=\"https:\/\/www.grandepremio.com\/br\/motogp\/noticias\/takaaki-nakagami-reitera-culpa-queda-feia-aprecio-muito-estar-vivo\/\">Nakagami reitera culpa por \u201cqueda feia\u201d e diz: \u201cAprecio muito, muito estar vivo\u201d<\/a><\/strong><br>#&nbsp;<strong><a href=\"https:\/\/www.grandepremio.com\/br\/motogp\/noticias\/miguel-oliveira-mostrou-ser-digno-vaga-ktm-agora-busca-novas-oportunidades\/\">Oliveira diz que \u201cmostrou ser digno\u201d de vaga na KTM e agora busca \u201cnovas oportunidades\u201d<\/a><\/strong><br>#&nbsp;<strong><a href=\"https:\/\/www.grandepremio.com\/br\/motogp\/noticias\/aleix-espargaro-fica-off-vai-disney-familia-esquecer-erro-catalunha\/\">Aleix Espargar\u00f3 fica \u2018off\u2019 e vai \u00e0 Disney com fam\u00edlia para \u201cesquecer erro\u201d da&nbsp;<\/a><a href=\"https:\/\/es.grandepremio.com\/\" target=\"_blank\" rel=\"noreferrer noopener\">Catalunha<\/a><\/strong><br>#&nbsp;<strong><a href=\"https:\/\/www.grandepremio.com\/br\/motogp\/noticias\/motogp-anuncia-inclusao-tricampeao-luigi-taveri-rol-das-lendas-gp-austria\/\">MotoGP anuncia inclus\u00e3o de tricampe\u00e3o Taveri no rol das Lendas no&nbsp;<\/a><a href=\"https:\/\/www.grandepremio.com\/br\/etapa\/motogp\/gp-austria-motogp-2022\/\" target=\"_blank\" rel=\"noreferrer noopener\">GP da \u00c1ustria<\/a><\/strong><br>#&nbsp;<strong><a href=\"https:\/\/www.grandepremio.com\/br\/motogp\/noticias\/joan-mir-ainda-espera-explicacao-suzuki-ve-honda-fora-estilo-pilotagem\/\">Mir diz que ainda \u201cespera explica\u00e7\u00e3o\u201d da&nbsp;<\/a><a href=\"https:\/\/www.grandepremio.com\/br\/equipe\/motogp\/2021\/team-suzuki-ecstar\/\" target=\"_blank\" rel=\"noreferrer noopener\">Suzuki<\/a><a href=\"https:\/\/www.grandepremio.com\/br\/motogp\/noticias\/joan-mir-ainda-espera-explicacao-suzuki-ve-honda-fora-estilo-pilotagem\/\">&nbsp;e v\u00ea&nbsp;<\/a><a href=\"https:\/\/www.grandepremio.com\/br\/equipe\/motogp\/2021\/repsol-honda-team\/\" target=\"_blank\" rel=\"noreferrer noopener\"><\/a><a href=\"https:\/\/www.grandepremio.com\/br\/equipe\/motogp\/2021\/repsol-honda-team\/\" target=\"_blank\" rel=\"noreferrer noopener\"><\/a><a href=\"https:\/\/www.grandepremio.com\/br\/equipe\/motogp\/2021\/repsol-honda-team\/\" target=\"_blank\" rel=\"noreferrer noopener\">Honda<\/a><a href=\"https:\/\/www.grandepremio.com\/br\/motogp\/noticias\/joan-mir-ainda-espera-explicacao-suzuki-ve-honda-fora-estilo-pilotagem\/\">&nbsp;\u201cfora do seu estilo de pilotagem\u201d<\/a><\/strong><br>#&nbsp;<strong><a href=\"https:\/\/www.grandepremio.com\/br\/motogp\/noticias\/yamaha-confirma-colaboracao-multianual-ex-chefe-motores-ferrari\/\"><\/a><a href=\"https:\/\/www.grandepremio.com\/br\/equipe\/motogp\/2021\/monster-energy-yamaha-motogp\/\" target=\"_blank\" rel=\"noreferrer noopener\">Yamaha<\/a><a href=\"https:\/\/www.grandepremio.com\/br\/motogp\/noticias\/yamaha-confirma-colaboracao-multianual-ex-chefe-motores-ferrari\/\">&nbsp;confirma \u201ccolabora\u00e7\u00e3o multianual\u201d com ex-chefe de motores da Ferrari<\/a><\/strong><br>#&nbsp;<strong><a href=\"https:\/\/www.grandepremio.com\/br\/motogp\/noticias\/rnf-desconversa-sobre-miguel-oliveira-diz-buscar-combinacao-perfeita-2023-motogp\/\"><\/a><a href=\"https:\/\/www.grandepremio.com\/br\/equipe\/motogp\/2021\/yamaha-rnf-motogp-team\/\" target=\"_blank\" rel=\"noreferrer noopener\"><\/a><a href=\"https:\/\/www.grandepremio.com\/br\/equipe\/motogp\/2021\/yamaha-rnf-motogp-team\/\" target=\"_blank\" rel=\"noreferrer noopener\"><\/a><a href=\"https:\/\/www.grandepremio.com\/br\/equipe\/motogp\/2021\/yamaha-rnf-motogp-team\/\" target=\"_blank\" rel=\"noreferrer noopener\"><\/a><a href=\"https:\/\/www.grandepremio.com\/br\/equipe\/motogp\/2021\/yamaha-rnf-motogp-team\/\" target=\"_blank\" rel=\"noreferrer noopener\"><\/a><a href=\"https:\/\/www.grandepremio.com\/br\/equipe\/motogp\/2021\/yamaha-rnf-motogp-team\/\" target=\"_blank\" rel=\"noreferrer noopener\"><\/a><a href=\"https:\/\/www.grandepremio.com\/br\/equipe\/motogp\/2021\/yamaha-rnf-motogp-team\/\" target=\"_blank\" rel=\"noreferrer noopener\"><\/a><a href=\"https:\/\/www.grandepremio.com\/br\/equipe\/motogp\/2021\/yamaha-rnf-motogp-team\/\" target=\"_blank\" rel=\"noreferrer noopener\"><\/a><a href=\"https:\/\/www.grandepremio.com\/br\/equipe\/motogp\/2021\/yamaha-rnf-motogp-team\/\" target=\"_blank\" rel=\"noreferrer noopener\"><\/a><a href=\"https:\/\/www.grandepremio.com\/br\/equipe\/motogp\/2021\/yamaha-rnf-motogp-team\/\" target=\"_blank\" rel=\"noreferrer noopener\"><\/a><a href=\"https:\/\/www.grandepremio.com\/br\/equipe\/motogp\/2021\/yamaha-rnf-motogp-team\/\" target=\"_blank\" rel=\"noreferrer noopener\"><\/a><a href=\"https:\/\/www.grandepremio.com\/br\/equipe\/motogp\/2021\/yamaha-rnf-motogp-team\/\" target=\"_blank\" rel=\"noreferrer noopener\"><\/a><a href=\"https:\/\/www.grandepremio.com\/br\/equipe\/motogp\/2021\/yamaha-rnf-motogp-team\/\" target=\"_blank\" rel=\"noreferrer noopener\"><\/a><a href=\"https:\/\/www.grandepremio.com\/br\/equipe\/motogp\/2021\/yamaha-rnf-motogp-team\/\" target=\"_blank\" rel=\"noreferrer noopener\"><\/a><a href=\"https:\/\/www.grandepremio.com\/br\/equipe\/motogp\/2021\/yamaha-rnf-motogp-team\/\" target=\"_blank\" rel=\"noreferrer noopener\"><\/a><a href=\"https:\/\/www.grandepremio.com\/br\/equipe\/motogp\/2021\/yamaha-rnf-motogp-team\/\" target=\"_blank\" rel=\"noreferrer noopener\">RNF<\/a><a href=\"https:\/\/www.grandepremio.com\/br\/motogp\/noticias\/rnf-desconversa-sobre-miguel-oliveira-diz-buscar-combinacao-perfeita-2023-motogp\/\">&nbsp;desconversa sobre Oliveira e diz buscar \u201ccombina\u00e7\u00e3o perfeita\u201d para 2023<\/a><\/strong><br># <a href=\"https:\/\/www.grandepremio.com\/br\/motogp\/noticias\/fabio-quartararo-joga-partida-perfeita-anula-potencia-alheia-da-outro-passo-rumo-bi\/\"><strong>Quartararo joga partida perfeita, anula pot\u00eancia alheia e d\u00e1 outro passo rumo ao bi<\/strong><\/a><\/p>\n\n\n\n<figure class=\"wp-block-embed is-type-video is-provider-youtube wp-block-embed-youtube wp-embed-aspect-16-9 wp-has-aspect-ratio\"><div class=\"wp-block-embed__wrapper\">\n<iframe loading=\"lazy\" title=\"MILLER MANT\u00c9M STATUS, MAS D\u00c1 PASSO ATR\u00c1S COM IDA PARA KTM NA MOTOGP\" width=\"500\" height=\"281\" src=\"https:\/\/www.youtube.com\/embed\/MMFvsVz3D0Y?feature=oembed\" frameborder=\"0\" allow=\"accelerometer; autoplay; clipboard-write; encrypted-media; gyroscope; picture-in-picture; web-share\" referrerpolicy=\"strict-origin-when-cross-origin\" allowfullscreen><\/iframe>\n<\/div><figcaption>MILLER MANT\u00c9M STATUS, MAS D\u00c1 PASSO ATR\u00c1S COM IDA PARA KTM NA MOTOGP<\/figcaption><\/figure>\n","protected":false},"excerpt":{"rendered":"<p>Temendo potenciais atrasos decorrentes dos efeitos da guerra na Ucr\u00e2nia no espa\u00e7o a\u00e9reo, o Mundial de Motovelocidade anunciou nesta quinta-feira (23) que as primeiras sess\u00f5es de treinos livres do GP do Jap\u00e3o n\u00e3o ser\u00e3o realizadas na manh\u00e3 de sexta-feira<\/p>\n","protected":false},"author":0,"featured_media":1000386391,"comment_status":"closed","ping_status":"closed","sticky":false,"template":"","format":"standard","meta":{"42wp_featured_image_caption":"","42wp_featured_image_credits":"","42wp_featured_video":"","42wp_featured_image_hidden":false,"42wp_authors_list":[],"footnotes":""},"categories":[8],"tags":[24855,2869,79,78,2997,30733,30728,30734,25819,28345,28766,26690],"42wp_author":[47113],"class_list":["post-111201","post","type-post","status-publish","format-standard","has-post-thumbnail","hentry","category-motogp","tag-japao","tag-motegi","tag-moto-gp","tag-motogp","tag-motogp-2022","tag-motogp-2022-calendario","tag-motogp-calendario-2022","tag-motogp-classificacao-2022","tag-motogp-hoje","tag-motogp-horarios","tag-motogp-standings","tag-pilotos-motogp","42wp_author-juliana-tesser"],"_links":{"self":[{"href":"https:\/\/grandepremio.com\/br\/wp-json\/wp\/v2\/posts\/111201","targetHints":{"allow":["GET"]}}],"collection":[{"href":"https:\/\/grandepremio.com\/br\/wp-json\/wp\/v2\/posts"}],"about":[{"href":"https:\/\/grandepremio.com\/br\/wp-json\/wp\/v2\/types\/post"}],"replies":[{"embeddable":true,"href":"https:\/\/grandepremio.com\/br\/wp-json\/wp\/v2\/comments?post=111201"}],"version-history":[{"count":0,"href":"https:\/\/grandepremio.com\/br\/wp-json\/wp\/v2\/posts\/111201\/revisions"}],"wp:featuredmedia":[{"embeddable":true,"href":"https:\/\/grandepremio.com\/br\/wp-json\/wp\/v2\/media\/1000386391"}],"wp:attachment":[{"href":"https:\/\/grandepremio.com\/br\/wp-json\/wp\/v2\/media?parent=111201"}],"wp:term":[{"taxonomy":"category","embeddable":true,"href":"https:\/\/grandepremio.com\/br\/wp-json\/wp\/v2\/categories?post=111201"},{"taxonomy":"post_tag","embeddable":true,"href":"https:\/\/grandepremio.com\/br\/wp-json\/wp\/v2\/tags?post=111201"},{"taxonomy":"42wp_author","embeddable":true,"href":"https:\/\/grandepremio.com\/br\/wp-json\/wp\/v2\/42wp_author?post=111201"}],"curies":[{"name":"wp","href":"https:\/\/api.w.org\/{rel}","templated":true}]}}