{"id":111211,"date":"2022-06-23T04:30:00","date_gmt":"2022-06-23T07:30:00","guid":{"rendered":"https:\/\/grandepremio.com\/br\/noticias\/valtteri-bottas-revela-cogitou-desistir-f1-2018-nao-conseguir-vencer-hamilton\/"},"modified":"2022-06-22T16:37:15","modified_gmt":"2022-06-22T19:37:15","slug":"valtteri-bottas-revela-cogitou-desistir-f1-2018-nao-conseguir-vencer-hamilton","status":"publish","type":"post","link":"https:\/\/grandepremio.com\/br\/f1\/valtteri-bottas-revela-cogitou-desistir-f1-2018-nao-conseguir-vencer-hamilton\/","title":{"rendered":"Bottas revela que cogitou desistir da F1 em 2018 por &#8220;n\u00e3o conseguir vencer Hamilton&#8221;"},"content":{"rendered":"\n<figure class=\"wp-block-embed is-type-video is-provider-youtube wp-block-embed-youtube wp-embed-aspect-16-9 wp-has-aspect-ratio\"><div class=\"wp-block-embed__wrapper\">\n<iframe loading=\"lazy\" title=\"F\u00d3RMULA 1 2022: VERSTAPPEN VENCE NO CANAD\u00c1. BI VEM QUANDO? | Paddock GP #292\" width=\"500\" height=\"281\" src=\"https:\/\/www.youtube.com\/embed\/ymS1qb_hiTI?feature=oembed\" frameborder=\"0\" allow=\"accelerometer; autoplay; clipboard-write; encrypted-media; gyroscope; picture-in-picture; web-share\" referrerpolicy=\"strict-origin-when-cross-origin\" allowfullscreen><\/iframe>\n<\/div><figcaption>F\u00d3RMULA 1 2022: VERSTAPPEN VENCE NO CANAD\u00c1. BI VEM QUANDO? | Paddock GP\u00a0<a href=\"https:\/\/www.youtube.com\/hashtag\/292\">#292<\/a><br><\/figcaption><\/figure>\n\n\n\n<p class=\"wp-block-paragraph\">Com 10 temporadas de F\u00f3rmula 1, Valtteri Bottas aceitou o desafio de fazer parte do time da Alfa Romeo em 2022. S\u00f3 que, se dependesse dele h\u00e1 uns anos, ele j\u00e1 estaria aposentado da maior categoria de automobilismo do mundo. E a &#8216;quase&#8217; decis\u00e3o partiu de seus anos ainda na Mercedes, quando o finland\u00eas cogitou encerrar a carreira ap\u00f3s as dificuldades mentais por ser derrotado por Lewis Hamilton.<\/p>\n\n\n\n<p class=\"wp-block-paragraph\">Bottas, que chegou \u00e0 equipe em 2017, contabilizou 10 vit\u00f3rias, 20 poles-position e 58 p\u00f3dios com os alem\u00e3es. Mas a disparidade para o desempenho de seu ent\u00e3o companheiro de equipe o fez pensar em parar de correr \u2014 decis\u00e3o que foi revertida quase aos 45 minutos de segundo tempo.<\/p>\n\n\n\n<p class=\"wp-block-paragraph\">\u201cNo final de 2018 quase parei. S\u00f3 pelo fato de que eu n\u00e3o conseguia entender e aceitar que n\u00e3o consegui vencer Lewis naqueles dois anos&#8221;, revelou ele, em entrevista ao podcast My Big Break da Motor Sport Magazine. &#8220;Coloquei muita press\u00e3o em mim mesmo.\u00a0No final de 2018, especialmente quando comecei a ter o papel de segundo piloto na equipe, eu realmente n\u00e3o aguentei, eu realmente lutei.\u00a0N\u00e3o foi divertido.\u00a0As \u00faltimas quatro ou cinco corridas de 2018 foram muito dolorosas. Voc\u00ea deveria curtir a F1, \u00e9 muito legal, mas n\u00e3o foi nada disso&#8221;, seguiu. <\/p>\n\n\n\n<p class=\"wp-block-paragraph\"><strong>\u25b6\ufe0f&nbsp;Inscreva-se nos dois canais do GRANDE PR\u00caMIO no YouTube:&nbsp;<a href=\"https:\/\/www.youtube.com\/channel\/UC9OlHEgxoaY6QY6nWPoiqQg?sub_confirmation=1\" target=\"_blank\" rel=\"noreferrer noopener\">GP<\/a>&nbsp;|&nbsp;<a href=\"https:\/\/www.youtube.com\/channel\/UC9csiS6q_C3C0FYhyr1rnFA?sub_confirmation=1\" target=\"_blank\" rel=\"noreferrer noopener\">GP2<\/a><\/strong><\/p>\n\n\n\n<figure class=\"wp-block-image size-full\"><img decoding=\"async\" src=\"https:\/\/www.grandepremio.com\/br\/wp-content\/uploads\/2014\/03\/20189301321400_M173959_DMa.jpg\" alt=\"\" class=\"wp-image-330887\"\/><figcaption>O GP da R\u00fassia de 2018 foi marcado por uma ordem de equipe da Mercedes (Foto: Mercedes)<\/figcaption><\/figure>\n\n\n\n<p class=\"wp-block-paragraph\"><strong>LEIA MAIS:&nbsp;<a href=\"https:\/\/www.grandepremio.com\/br\/f1\/noticias\/max-verstappen-elogia-disputa-carlos-sainz-vitoria-canada-voltas-muito-divertidas\/\">Verstappen elogia disputa com Sainz ap\u00f3s vit\u00f3ria no Canad\u00e1: \u201cVoltas muito divertidas\u201d<\/a><\/strong><\/p>\n\n\n\n<p class=\"wp-block-paragraph\">&#8220;Eu decidi fazer uma pausa na Am\u00e9rica do Sul em algum lugar e tentei n\u00e3o pensar na F1 e tentar encontrar a vontade e a alegria para o esporte e a motiva\u00e7\u00e3o. Eu encontrei \u2013 foi como um clique em um ponto.\u00a0Mas foi depois do ano novo, provavelmente em meados de janeiro ou algo assim, que decidi: &#8216;Ok, vamos fazer isso, ainda posso fazer isso.&#8217;\u00a0Ent\u00e3o eu consegui me recompor e encontrei a alegria de guiar novamente&#8221;, acrescentou. <\/p>\n\n\n\n<p class=\"wp-block-paragraph\">Em 2018, Valtteri terminou o campeonato na quinta posi\u00e7\u00e3o do Mundial de Pilotos, sem vit\u00f3rias e num ano fort\u00edssimo de Hamilton. Depois de ter encontrado for\u00e7as para seguir na F1, ele v\u00ea que 2019 foi gratificante, j\u00e1 que finalizou como vice-campe\u00e3o, com vit\u00f3rias e l\u00edder do campeonato por boa parte da temporada. <\/p>\n\n\n\n<p class=\"wp-block-paragraph\">\u201cImediatamente os resultados foram muito melhores do que em 2018.\u00a0Na verdade, acho que o ano seguinte, em 2019, foi provavelmente minha melhor temporada at\u00e9 agora, especialmente contra Lewis \u2013 ganhei algumas corridas e at\u00e9 a metade da temporada, \u00e0s vezes, liderava o campeonato, ent\u00e3o foi um ano muito forte.\u00a0Mas n\u00e3o consegui igualar a consist\u00eancia e o desempenho geral de Lewis durante toda a temporada&#8221;, explicou.<\/p>\n\n\n\n<p class=\"wp-block-paragraph\">&#8220;A mente humana \u00e9 estranha de certa forma. \u00c0s vezes voc\u00ea entra em lugares escuros e perde a alegria das coisas.\u00a0Perdi completamente a alegria da F1 e de correr na F1.\u00a0Eu estava quase com raiva na F1,\u00a0\u00e9 estranho.\u00a0Eu s\u00f3 precisava de um tempo de folga.\u00a0Pensei nas coisas de uma forma geral e ent\u00e3o percebi que na verdade \u00e9 um esporte muito legal e ainda tenho grandes oportunidades pela frente, ent\u00e3o seria bobo n\u00e3o aproveit\u00e1-las&#8221;, encerrou.<\/p>\n\n\n\n<p class=\"wp-block-paragraph\">Agora, na escuderia de Hinwil, Bottas tem desafios, metas e resultados diferentes. Ainda assim, j\u00e1 conseguiu bons pontos na temporada: est\u00e1 na oitava posi\u00e7\u00e3o do campeonato, com 46 pontos. A pr\u00f3xima etapa da F1 2022 \u00e9 o GP da Inglaterra, em Silverstone, entre os dias 1-3 de julho. <\/p>\n\n\n\n<figure class=\"wp-block-embed is-type-video is-provider-youtube wp-block-embed-youtube wp-embed-aspect-16-9 wp-has-aspect-ratio\"><div class=\"wp-block-embed__wrapper\">\n<iframe loading=\"lazy\" title=\"QUAL O LIMITE PARA VERSTAPPEN NA F\u00d3RMULA 1 2022?\" width=\"500\" height=\"281\" src=\"https:\/\/www.youtube.com\/embed\/DLsRPsUboXE?start=1&amp;feature=oembed\" frameborder=\"0\" allow=\"accelerometer; autoplay; clipboard-write; encrypted-media; gyroscope; picture-in-picture; web-share\" referrerpolicy=\"strict-origin-when-cross-origin\" allowfullscreen><\/iframe>\n<\/div><figcaption>QUAL O LIMITE PARA VERSTAPPEN NA F\u00d3RMULA 1 2022?<br><\/figcaption><\/figure>\n","protected":false},"excerpt":{"rendered":"<p>Valtteri Bottas revelou que teve momentos dif\u00edceis na Mercedes por n\u00e3o conseguir se igualar a Lewis Hamilton e, por isso, chegou at\u00e9 mesmo a pensar em desistir da F\u00f3rmula 1 <\/p>\n","protected":false},"author":0,"featured_media":0,"comment_status":"closed","ping_status":"closed","sticky":false,"template":"","format":"standard","meta":{"42wp_featured_image_caption":"","42wp_featured_image_credits":"","42wp_featured_video":"","42wp_featured_image_hidden":false,"42wp_authors_list":[],"footnotes":""},"categories":[2],"tags":[299,2374,156,1357,24837,24836,87,82,150,612],"42wp_author":[47139],"class_list":["post-111211","post","type-post","status-publish","format-standard","hentry","category-f1","tag-aposentadoria","tag-f1-2018","tag-f1-2021","tag-f1-2022","tag-formula-1-2","tag-grande-premio-2","tag-lewis-hamilton","tag-mercedes","tag-toto-wolff","tag-valtteri-bottas","42wp_author-ana-cerveira"],"_links":{"self":[{"href":"https:\/\/grandepremio.com\/br\/wp-json\/wp\/v2\/posts\/111211","targetHints":{"allow":["GET"]}}],"collection":[{"href":"https:\/\/grandepremio.com\/br\/wp-json\/wp\/v2\/posts"}],"about":[{"href":"https:\/\/grandepremio.com\/br\/wp-json\/wp\/v2\/types\/post"}],"replies":[{"embeddable":true,"href":"https:\/\/grandepremio.com\/br\/wp-json\/wp\/v2\/comments?post=111211"}],"version-history":[{"count":0,"href":"https:\/\/grandepremio.com\/br\/wp-json\/wp\/v2\/posts\/111211\/revisions"}],"wp:attachment":[{"href":"https:\/\/grandepremio.com\/br\/wp-json\/wp\/v2\/media?parent=111211"}],"wp:term":[{"taxonomy":"category","embeddable":true,"href":"https:\/\/grandepremio.com\/br\/wp-json\/wp\/v2\/categories?post=111211"},{"taxonomy":"post_tag","embeddable":true,"href":"https:\/\/grandepremio.com\/br\/wp-json\/wp\/v2\/tags?post=111211"},{"taxonomy":"42wp_author","embeddable":true,"href":"https:\/\/grandepremio.com\/br\/wp-json\/wp\/v2\/42wp_author?post=111211"}],"curies":[{"name":"wp","href":"https:\/\/api.w.org\/{rel}","templated":true}]}}