{"id":111252,"date":"2022-06-21T04:30:00","date_gmt":"2022-06-21T07:30:00","guid":{"rendered":"https:\/\/grandepremio.com\/br\/noticias\/mahindra-chama-nick-heidfeld-primeira-aparicao-publica-carro-gen3-goodwood\/"},"modified":"2022-06-21T05:23:26","modified_gmt":"2022-06-21T08:23:26","slug":"mahindra-chama-nick-heidfeld-primeira-aparicao-publica-carro-gen3-goodwood","status":"publish","type":"post","link":"https:\/\/grandepremio.com\/br\/formula-e\/mahindra-chama-nick-heidfeld-primeira-aparicao-publica-carro-gen3-goodwood\/","title":{"rendered":"Mahindra chama Heidfeld e marca primeira apari\u00e7\u00e3o p\u00fablica do Gen3 para Goodwood"},"content":{"rendered":"\n<figure class=\"wp-block-embed is-type-video is-provider-youtube wp-block-embed-youtube wp-embed-aspect-16-9 wp-has-aspect-ratio\"><div class=\"wp-block-embed__wrapper\">\n<iframe loading=\"lazy\" title=\"O QUE ACONTECEU COM GIOVINAZZI NA F\u00d3RMULA E?\" width=\"500\" height=\"281\" src=\"https:\/\/www.youtube.com\/embed\/WlNyH17aXeI?feature=oembed\" frameborder=\"0\" allow=\"accelerometer; autoplay; clipboard-write; encrypted-media; gyroscope; picture-in-picture; web-share\" referrerpolicy=\"strict-origin-when-cross-origin\" allowfullscreen><\/iframe>\n<\/div><figcaption>O QUE ACONTECEU COM GIOVINAZZI NA F\u00d3RMULA E?<\/figcaption><\/figure>\n\n\n\n<p class=\"wp-block-paragraph\">O novo carro Gen3 da F\u00f3rmula E vai correr em p\u00fablico pela primeira vez na pr\u00f3xima semana, quando ser\u00e1 realizado o Festival de Velocidade de Goodwood, na Inglaterra. O respons\u00e1vel por pilotar o monoposto pela primeira vez em frente aos f\u00e3s ser\u00e1 o ex-F1 Nick Heidfeld, que vai utilizar o M9Electro da Mahindra no tra\u00e7ado de subida do evento, que acontece entre os dias 23 e 26 de junho deste ano.<\/p>\n\n\n\n<p class=\"wp-block-paragraph\">As equipes da F\u00f3rmula E come\u00e7aram a receber seus novos carros no m\u00eas passado e j\u00e1 foram \u00e0 pista para testar os novos modelos, que ser\u00e3o os mais r\u00e1pidos da hist\u00f3ria da categoria. A Porsche foi a primeira a divulgar imagens do carro, no que foi seguida por Jaguar e NIO.<\/p>\n\n\n\n<p class=\"wp-block-paragraph\">Heidfeld est\u00e1 longe de ser um desconhecido na Mahindra. O piloto foi titular da equipe por tr\u00eas temporadas na F\u00f3rmula E, antes de deixar as pistas definitivamente em 2018 e assumir um cargo de consultor da escuderia indiana sediada na Inglaterra.<\/p>\n\n\n\n<p class=\"wp-block-paragraph\"><strong>\u25b6\ufe0f&nbsp;<a href=\"https:\/\/www.twitch.tv\/grandepremio\" target=\"_blank\" rel=\"noreferrer noopener\">Conhe\u00e7a o canal do GRANDE PR\u00caMIO na Twitch clicando aqui!<\/a><\/strong><\/p>\n\n\n\n<figure class=\"wp-block-image size-large\"><img decoding=\"async\" src=\"https:\/\/www.grandepremio.com\/br\/wp-content\/uploads\/2022\/06\/6-1024x682.jpg\" alt=\"\" class=\"wp-image-585312\"\/><figcaption>Al\u00e9m da Mahindra, outras equipes tamb\u00e9m j\u00e1 mostraram seus carros Gen3, como o ER9 da NIO (Foto: NIO)<\/figcaption><\/figure>\n\n\n\n<p class=\"wp-block-paragraph\"><strong>\u25b6\ufe0f&nbsp;Inscreva-se nos dois canais do GRANDE PR\u00caMIO no YouTube:&nbsp;<a href=\"https:\/\/www.youtube.com\/channel\/UC9OlHEgxoaY6QY6nWPoiqQg?sub_confirmation=1\" target=\"_blank\" rel=\"noreferrer noopener\">GP<\/a>&nbsp;|&nbsp;<a href=\"https:\/\/www.youtube.com\/channel\/UC9csiS6q_C3C0FYhyr1rnFA?sub_confirmation=1\" target=\"_blank\" rel=\"noreferrer noopener\">GP2<\/a><\/strong><\/p>\n\n\n\n<p class=\"wp-block-paragraph\">O alem\u00e3o, inclusive, tem experi\u00eancia em Goodwood: j\u00e1 cravou o recorde de velocidade do evento, completando o tra\u00e7ado em 41s6 com a McLaren de 1999 \u2014 marca que s\u00f3 foi batida 20 anos depois.<\/p>\n\n\n\n<p class=\"wp-block-paragraph\">O novo carro Gen3 da F\u00f3rmula E promete ser o mais veloz da hist\u00f3ria da categoria, com uma velocidade m\u00e1xima de at\u00e9 322 km\/h. O monoposto ser\u00e1 o primeiro a contar com trens de for\u00e7a na frente e atr\u00e1s, com a parte frontal sendo respons\u00e1vel por regenerar at\u00e9 250 kW de energia nas frenagens. Na traseira, a pot\u00eancia de 350 kW faz com que os novos carros tenham mais do que o dobro de for\u00e7a dos atuais.<\/p>\n\n\n\n<p class=\"wp-block-paragraph\">Al\u00e9m disso, os freios v\u00e3o ser completamente diferentes \u2014 pela primeira vez, n\u00e3o ser\u00e3o hidr\u00e1ulicos. Como as novas baterias ter\u00e3o uma efici\u00eancia alt\u00edssima \u2014 de at\u00e9 95% \u2014, \u00e9 esperado que a energia total recuperada pelos pilotos ao longo das corridas represente at\u00e9 40% do total gasto na disputa.<\/p>\n","protected":false},"excerpt":{"rendered":"<p>Com o ex-F\u00f3rmula 1 Nick Heldfeld ao volante, Mahindra vai realizar primeira demonstra\u00e7\u00e3o p\u00fablica com o novo carro Gen3 da F\u00f3rmula E no Festival de Goodwood, no pr\u00f3ximo final de semana<\/p>\n","protected":false},"author":0,"featured_media":1000587717,"comment_status":"closed","ping_status":"closed","sticky":false,"template":"","format":"standard","meta":{"42wp_featured_image_caption":"","42wp_featured_image_credits":"","42wp_featured_video":"","42wp_featured_image_hidden":false,"42wp_authors_list":[],"footnotes":""},"categories":[19],"tags":[189,6767,379,27903,840,28327,1601,4550,24836,28285,26794,1172,3225],"42wp_author":[47142],"class_list":["post-111252","post","type-post","status-publish","format-standard","has-post-thumbnail","hentry","category-formula-e","tag-ep-de-jacarta","tag-ep-de-marrakech","tag-fe","tag-fe-2022","tag-formula-e","tag-formula-e-2022","tag-gen3","tag-goodwood","tag-grande-premio-2","tag-grandepremio","tag-indonesia","tag-mahindra","tag-nick-heidfeld","42wp_author-jp-nascimento"],"_links":{"self":[{"href":"https:\/\/grandepremio.com\/br\/wp-json\/wp\/v2\/posts\/111252","targetHints":{"allow":["GET"]}}],"collection":[{"href":"https:\/\/grandepremio.com\/br\/wp-json\/wp\/v2\/posts"}],"about":[{"href":"https:\/\/grandepremio.com\/br\/wp-json\/wp\/v2\/types\/post"}],"replies":[{"embeddable":true,"href":"https:\/\/grandepremio.com\/br\/wp-json\/wp\/v2\/comments?post=111252"}],"version-history":[{"count":0,"href":"https:\/\/grandepremio.com\/br\/wp-json\/wp\/v2\/posts\/111252\/revisions"}],"wp:featuredmedia":[{"embeddable":true,"href":"https:\/\/grandepremio.com\/br\/wp-json\/wp\/v2\/media\/1000587717"}],"wp:attachment":[{"href":"https:\/\/grandepremio.com\/br\/wp-json\/wp\/v2\/media?parent=111252"}],"wp:term":[{"taxonomy":"category","embeddable":true,"href":"https:\/\/grandepremio.com\/br\/wp-json\/wp\/v2\/categories?post=111252"},{"taxonomy":"post_tag","embeddable":true,"href":"https:\/\/grandepremio.com\/br\/wp-json\/wp\/v2\/tags?post=111252"},{"taxonomy":"42wp_author","embeddable":true,"href":"https:\/\/grandepremio.com\/br\/wp-json\/wp\/v2\/42wp_author?post=111252"}],"curies":[{"name":"wp","href":"https:\/\/api.w.org\/{rel}","templated":true}]}}