{"id":111270,"date":"2022-06-20T05:00:00","date_gmt":"2022-06-20T08:00:00","guid":{"rendered":"https:\/\/grandepremio.com\/br\/noticias\/esteban-ocon-comemora-estrategia-alpine-canada-feliz-ajudar-fernando-alonso\/"},"modified":"2022-06-19T21:49:20","modified_gmt":"2022-06-20T00:49:20","slug":"esteban-ocon-comemora-estrategia-alpine-canada-feliz-ajudar-fernando-alonso","status":"publish","type":"post","link":"https:\/\/grandepremio.com\/br\/f1\/esteban-ocon-comemora-estrategia-alpine-canada-feliz-ajudar-fernando-alonso\/","title":{"rendered":"Ocon comemora estrat\u00e9gia da Alpine no Canad\u00e1: &#8220;Feliz de ajudar Alonso&#8221;"},"content":{"rendered":"\n<figure class=\"wp-block-embed is-type-video is-provider-youtube wp-block-embed-youtube wp-embed-aspect-16-9 wp-has-aspect-ratio\"><div class=\"wp-block-embed__wrapper\">\n<iframe loading=\"lazy\" title=\"F\u00d3RMULA 1 2022: VERSTAPPEN SEGURA SAINZ E VENCE GP DO CANAD\u00c1 DE F1. LECLERC \u00c9 5\u00ba  | Briefing\" width=\"500\" height=\"281\" src=\"https:\/\/www.youtube.com\/embed\/oYLDhNoxMeQ?feature=oembed\" frameborder=\"0\" allow=\"accelerometer; autoplay; clipboard-write; encrypted-media; gyroscope; picture-in-picture; web-share\" referrerpolicy=\"strict-origin-when-cross-origin\" allowfullscreen><\/iframe>\n<\/div><\/figure>\n\n\n\n<p class=\"wp-block-paragraph\">Esteban Ocon foi um dos grandes personagens da corrida <a href=\"https:\/\/www.grandepremio.com\/br\/f1\/noticias\/sebastian-vettel-justifica-performance-frustrante-canada-nao-era-nosso-dia\/\" class=\"ek-link\">deste domingo (19) no Canad\u00e1<\/a>, que terminou com vit\u00f3ria de Max Verstappen. O sexto lugar do franc\u00eas da Alpine, somados ao nono lugar de Fernando Alonso, resultaram no melhor resultado da equipe na temporada.<\/p>\n\n\n\n<p class=\"wp-block-paragraph\">Os dez pontos somados seriam 14, n\u00e3o fosse <a href=\"https:\/\/www.grandepremio.com\/br\/f1\/noticias\/fernando-alonso-punido-mudar-direcao-disputa-valtteri-bottas-cai-nono-canada\/\" class=\"ek-link\">a puni\u00e7\u00e3o do espanhol<\/a> por dire\u00e7\u00e3o perigosa nas voltas finais de Montreal. Mas ainda assim, Esteban celebrou demais o rendimento de sua Alpine. &#8220;Estou muito feliz, a equipe fez um grande trabalho no carro, na estrat\u00e9gia, de modo geral, tudo bem gerenciado&#8221;.<\/p>\n\n\n\n<p class=\"wp-block-paragraph\">O melhor momento da corrida de Ocon foi a defesa para cima de Leclerc, que ficou boa parte da corrida canadense atr\u00e1s tentando fazer a ultrapassagem, fato que somente aconteceu ap\u00f3s a entrada do safety-car.<\/p>\n\n\n\n<figure class=\"wp-block-image size-large\"><img decoding=\"async\" src=\"https:\/\/www.grandepremio.com\/br\/wp-content\/uploads\/2022\/06\/alpine-estebanocon-02-5-1024x683.jpg\" alt=\"\" class=\"wp-image-587190\"\/><figcaption>Esteban Ocon fez mais um bom final de semana e ajudou a Alpine a subir na tabela dos Construtores (Foto: Alpine)<\/figcaption><\/figure>\n\n\n\n<p class=\"wp-block-paragraph\">Ocon ainda foi respons\u00e1vel por ajudar o companheiro de equipe na luta contra Valtteri Bottas na disputa pelo s\u00e9timo lugar. &#8220;Fico feliz de poder ter ajudado Fernando [Alonso] no final com a asa m\u00f3vel, para mant\u00ea-lo atr\u00e1s&#8221;.<\/p>\n\n\n\n<p class=\"wp-block-paragraph\"><strong>\u25b6\ufe0f\u00a0Inscreva-se nos dois canais do GRANDE PR\u00caMIO no YouTube:\u00a0<a href=\"https:\/\/www.youtube.com\/channel\/UC9OlHEgxoaY6QY6nWPoiqQg?sub_confirmation=1\" target=\"_blank\" rel=\"noreferrer noopener\">GP<\/a>\u00a0|\u00a0<a href=\"https:\/\/www.youtube.com\/channel\/UC9csiS6q_C3C0FYhyr1rnFA?sub_confirmation=1\" target=\"_blank\" rel=\"noreferrer noopener\">GP2<\/a><\/strong><br><strong>\u25b6\ufe0f\u00a0<a href=\"https:\/\/www.twitch.tv\/grandepremio\" target=\"_blank\" rel=\"noreferrer noopener\">Conhe\u00e7a o canal do GRANDE PR\u00caMIO na Twitch clicando aqui!<\/a><\/strong><\/p>\n\n\n\n<p class=\"wp-block-paragraph\">O franc\u00eas apontou que o resultado foi um excelente passo \u00e0 frente no Mundial de Construtores. A Alpine est\u00e1 na quinta coloca\u00e7\u00e3o com 57 pontos, apenas oito atr\u00e1s da McLaren e essa \u00e9 a briga mais acirrada no campeonato. &#8220;Ainda h\u00e1 muito a discutir e aprender em rela\u00e7\u00e3o ao desenrolar do final de semana, mas o mais importante \u00e9 manter esse momento e continuar entregando boas performances nas pr\u00f3ximas corridas.&#8221;<\/p>\n\n\n\n<p class=\"wp-block-paragraph\">A&nbsp;<a href=\"https:\/\/www.grandepremio.com\/formula-1\/\" target=\"_blank\" rel=\"noreferrer noopener\">F\u00f3rmula 1<\/a>&nbsp;volta em quinze dias para disputar o Grande Pr\u00eamio da Inglaterra, d\u00e9cima etapa da temporada 2022, no Circuito de&nbsp;<a href=\"https:\/\/www.grandepremio.com\/br\/circuito\/silverstone\/\" target=\"_blank\" rel=\"noreferrer noopener\">Silverstone<\/a>.<\/p>\n","protected":false},"excerpt":{"rendered":"<p>O franc\u00eas conquistou seu melhor resultado na temporada na prova do Canad\u00e1, se defendeu como ningu\u00e9m da press\u00e3o de Leclerc e ainda teve tempo de ajudar Alonso contra Bottas<\/p>\n","protected":false},"author":0,"featured_media":1000587148,"comment_status":"closed","ping_status":"closed","sticky":false,"template":"","format":"standard","meta":{"42wp_featured_image_caption":"","42wp_featured_image_credits":"","42wp_featured_video":"","42wp_featured_image_hidden":false,"42wp_authors_list":[],"footnotes":""},"categories":[2],"tags":[302,176,14357,203,4486,612],"42wp_author":[47128],"class_list":["post-111270","post","type-post","status-publish","format-standard","has-post-thumbnail","hentry","category-f1","tag-esteban-ocon","tag-fernando-alonso","tag-gp-do-canada","tag-max-verstappen","tag-montreal","tag-valtteri-bottas","42wp_author-guilherme-bloisi"],"_links":{"self":[{"href":"https:\/\/grandepremio.com\/br\/wp-json\/wp\/v2\/posts\/111270","targetHints":{"allow":["GET"]}}],"collection":[{"href":"https:\/\/grandepremio.com\/br\/wp-json\/wp\/v2\/posts"}],"about":[{"href":"https:\/\/grandepremio.com\/br\/wp-json\/wp\/v2\/types\/post"}],"replies":[{"embeddable":true,"href":"https:\/\/grandepremio.com\/br\/wp-json\/wp\/v2\/comments?post=111270"}],"version-history":[{"count":0,"href":"https:\/\/grandepremio.com\/br\/wp-json\/wp\/v2\/posts\/111270\/revisions"}],"wp:featuredmedia":[{"embeddable":true,"href":"https:\/\/grandepremio.com\/br\/wp-json\/wp\/v2\/media\/1000587148"}],"wp:attachment":[{"href":"https:\/\/grandepremio.com\/br\/wp-json\/wp\/v2\/media?parent=111270"}],"wp:term":[{"taxonomy":"category","embeddable":true,"href":"https:\/\/grandepremio.com\/br\/wp-json\/wp\/v2\/categories?post=111270"},{"taxonomy":"post_tag","embeddable":true,"href":"https:\/\/grandepremio.com\/br\/wp-json\/wp\/v2\/tags?post=111270"},{"taxonomy":"42wp_author","embeddable":true,"href":"https:\/\/grandepremio.com\/br\/wp-json\/wp\/v2\/42wp_author?post=111270"}],"curies":[{"name":"wp","href":"https:\/\/api.w.org\/{rel}","templated":true}]}}