{"id":111276,"date":"2022-06-19T20:37:32","date_gmt":"2022-06-19T23:37:32","guid":{"rendered":"https:\/\/grandepremio.com\/br\/noticias\/sebastian-vettel-justifica-performance-frustrante-canada-nao-era-nosso-dia\/"},"modified":"2022-06-19T20:38:45","modified_gmt":"2022-06-19T23:38:45","slug":"sebastian-vettel-justifica-performance-frustrante-canada-nao-era-nosso-dia","status":"publish","type":"post","link":"https:\/\/grandepremio.com\/br\/f1\/sebastian-vettel-justifica-performance-frustrante-canada-nao-era-nosso-dia\/","title":{"rendered":"Vettel justifica performance frustrante no Canad\u00e1: &#8220;N\u00e3o era nosso dia&#8221;"},"content":{"rendered":"\n<figure class=\"wp-block-embed is-type-video is-provider-youtube wp-block-embed-youtube wp-embed-aspect-16-9 wp-has-aspect-ratio\"><div class=\"wp-block-embed__wrapper\">\n<iframe loading=\"lazy\" title=\"F\u00d3RMULA 1 2022: VERSTAPPEN SEGURA SAINZ E VENCE GP DO CANAD\u00c1 DE F1. LECLERC \u00c9 5\u00ba  | Briefing\" width=\"500\" height=\"281\" src=\"https:\/\/www.youtube.com\/embed\/oYLDhNoxMeQ?feature=oembed\" frameborder=\"0\" allow=\"accelerometer; autoplay; clipboard-write; encrypted-media; gyroscope; picture-in-picture; web-share\" referrerpolicy=\"strict-origin-when-cross-origin\" allowfullscreen><\/iframe>\n<\/div><\/figure>\n\n\n\n<p class=\"wp-block-paragraph\">Sebastian Vettel teve um fim de semana para se esquecer no Canad\u00e1. O 12\u00ba lugar deste domingo (19), que <a href=\"https:\/\/www.grandepremio.com\/br\/f1\/noticias\/max-verstappen-segura-carlos-sainz-vence-gp-canada-formula-1-leclerc-escala-pelotao-quinto\/\" class=\"ek-link\">teve vit\u00f3ria de<\/a> Max Verstappen, ficou com um sabor amargo, visto o que poderia ter feito com a Aston Martin ap\u00f3s um sopro de esperan\u00e7a ao fazer um grande TL3, ficando em segundo.<\/p>\n\n\n\n<p class=\"wp-block-paragraph\">O tetracampe\u00e3o mundial lamentou a performance de seu AMR22 na pista de Montreal e tentou se justificar. &#8220;Simplesmente n\u00e3o era nosso dia. Fizemos uma parada cedo para encontrar um ar mais limpo, mas os VSC&#8217;s apareceram na hora errada e comprometeu minha corrida&#8221;.<\/p>\n\n\n\n<p class=\"wp-block-paragraph\">O alem\u00e3o bem que chegou a andar na zona de pontua\u00e7\u00e3o na primeira parte da corrida, mas seu rendimento caiu consideravelmente ap\u00f3s a entrada do carro de seguran\u00e7a e n\u00e3o conseguiu acompanhar o ritmo do seu companheiro de equipe. <\/p>\n\n\n\n<figure class=\"wp-block-image size-large\"><img decoding=\"async\" src=\"https:\/\/www.grandepremio.com\/br\/wp-content\/uploads\/2022\/06\/astonmartin-sebastianvettel-01-9-1024x683.jpg\" alt=\"\" class=\"wp-image-587150\"\/><figcaption>Sebastian Vettel ficou apenas em 12\u00ba no GP do Canad\u00e1 (Foto: Aston Martin)<\/figcaption><\/figure>\n\n\n\n<p class=\"wp-block-paragraph\">&#8220;No final, estava com um pneu bastante gasto e tentei me segurar, mas n\u00e3o deu certo. Lance [Stroll] estava com pneus mais novos e a equipe me pediu para deix\u00e1-lo passar para atacar Daniel [Ricciardo], o que fiquei feliz em fazer. Parabens a ele por marcar um ponto hoje&#8221;, disse Vettel.<\/p>\n\n\n\n<p class=\"wp-block-paragraph\"><strong>\u25b6\ufe0f\u00a0Inscreva-se nos dois canais do GRANDE PR\u00caMIO no YouTube:\u00a0<a href=\"https:\/\/www.youtube.com\/channel\/UC9OlHEgxoaY6QY6nWPoiqQg?sub_confirmation=1\" target=\"_blank\" rel=\"noreferrer noopener\">GP<\/a>\u00a0|\u00a0<a href=\"https:\/\/www.youtube.com\/channel\/UC9csiS6q_C3C0FYhyr1rnFA?sub_confirmation=1\" target=\"_blank\" rel=\"noreferrer noopener\">GP2<\/a><\/strong><br><strong>\u25b6\ufe0f\u00a0<a href=\"https:\/\/www.twitch.tv\/grandepremio\" target=\"_blank\" rel=\"noreferrer noopener\">Conhe\u00e7a o canal do GRANDE PR\u00caMIO na Twitch clicando aqui!<\/a><\/strong><\/p>\n\n\n\n<p class=\"wp-block-paragraph\">Seb tratou, enfim, de continuar as explica\u00e7\u00f5es do resultado em Montreal, que em certo momento, pareceu repetir a atua\u00e7\u00e3o no Azerbaij\u00e3o e somar pontos na tabela de classifica\u00e7\u00e3o. &#8220;O resultado foi frustrante, afinal, t\u00ednhamos ritmo neste fim de semana e poder\u00edamos ir melhor, mas por vezes as coisas n\u00e3o andam bem e hoje parecia ser um desses dias&#8221;.<\/p>\n\n\n\n<p class=\"wp-block-paragraph\">A F\u00f3rmula 1 volta em quinze dias para disputar o Grande Pr\u00eamio da Inglaterra, d\u00e9cima etapa da temporada 2022, no Circuito de Silverstone.<\/p>\n","protected":false},"excerpt":{"rendered":"<p>O piloto da Aston Martin saiu de uma grande performance no TL3 para um lamurioso 12\u00ba lugar em Montreal. E ainda viu o companheiro Lance Stroll somar um pontinho na corrida<\/p>\n","protected":false},"author":0,"featured_media":1000587151,"comment_status":"closed","ping_status":"closed","sticky":false,"template":"","format":"standard","meta":{"42wp_featured_image_caption":"","42wp_featured_image_credits":"","42wp_featured_video":"","42wp_featured_image_hidden":false,"42wp_authors_list":[],"footnotes":""},"categories":[2],"tags":[309,1357,31769,31768,24837,31064,14357,485,203,210],"42wp_author":[47128],"class_list":["post-111276","post","type-post","status-publish","format-standard","has-post-thumbnail","hentry","category-f1","tag-aston-martin","tag-f1-2022","tag-f1-canada","tag-f1-montreal","tag-formula-1-2","tag-formula-1-2022-3","tag-gp-do-canada","tag-lance-stroll","tag-max-verstappen","tag-sebastian-vettel","42wp_author-guilherme-bloisi"],"_links":{"self":[{"href":"https:\/\/grandepremio.com\/br\/wp-json\/wp\/v2\/posts\/111276","targetHints":{"allow":["GET"]}}],"collection":[{"href":"https:\/\/grandepremio.com\/br\/wp-json\/wp\/v2\/posts"}],"about":[{"href":"https:\/\/grandepremio.com\/br\/wp-json\/wp\/v2\/types\/post"}],"replies":[{"embeddable":true,"href":"https:\/\/grandepremio.com\/br\/wp-json\/wp\/v2\/comments?post=111276"}],"version-history":[{"count":0,"href":"https:\/\/grandepremio.com\/br\/wp-json\/wp\/v2\/posts\/111276\/revisions"}],"wp:featuredmedia":[{"embeddable":true,"href":"https:\/\/grandepremio.com\/br\/wp-json\/wp\/v2\/media\/1000587151"}],"wp:attachment":[{"href":"https:\/\/grandepremio.com\/br\/wp-json\/wp\/v2\/media?parent=111276"}],"wp:term":[{"taxonomy":"category","embeddable":true,"href":"https:\/\/grandepremio.com\/br\/wp-json\/wp\/v2\/categories?post=111276"},{"taxonomy":"post_tag","embeddable":true,"href":"https:\/\/grandepremio.com\/br\/wp-json\/wp\/v2\/tags?post=111276"},{"taxonomy":"42wp_author","embeddable":true,"href":"https:\/\/grandepremio.com\/br\/wp-json\/wp\/v2\/42wp_author?post=111276"}],"curies":[{"name":"wp","href":"https:\/\/api.w.org\/{rel}","templated":true}]}}