{"id":111295,"date":"2022-06-19T15:33:23","date_gmt":"2022-06-19T18:33:23","guid":{"rendered":"https:\/\/grandepremio.com\/br\/noticias\/sergio-perez-abandona-gp-canada-problemas-motor-nove-voltas\/"},"modified":"2022-06-19T15:34:56","modified_gmt":"2022-06-19T18:34:56","slug":"sergio-perez-abandona-gp-canada-problemas-motor-nove-voltas","status":"publish","type":"post","link":"https:\/\/grandepremio.com\/br\/f1\/sergio-perez-abandona-gp-canada-problemas-motor-nove-voltas\/","title":{"rendered":"P\u00e9rez abandona GP do Canad\u00e1 com problemas no motor ap\u00f3s nove voltas"},"content":{"rendered":"\n<figure class=\"wp-block-video\"><video class=\"video-js vjs-big-play-centered\" data-gp-vjs=\"1\" controls src=\"https:\/\/www.grandepremio.com\/br\/wp-content\/uploads\/2022\/06\/oe6PS7edSR6OS119.mp4\"><\/video><figcaption>Sergio P\u00e9rez abandona o GP do Canad\u00e1 (V\u00eddeo: Reprodu\u00e7\u00e3o\/Twitter)<\/figcaption><\/figure>\n\n\n\n<p class=\"wp-block-paragraph\">Sergio P\u00e9rez abandonou o GP do Canad\u00e1 neste domingo (19) por conta de problemas no motor de sua Red Bull. O mexicano tentou acelerar na sa\u00edda da curva 7 e sua unidade de pot\u00eancia falhou. Sem desempenho algum, foi rapidamente ultrapassado pelos advers\u00e1rios que vinham atr\u00e1s, e acabou estacionando o carro na \u00e1rea de escape da curva 8.<\/p>\n\n\n\n<p class=\"wp-block-paragraph\">A dire\u00e7\u00e3o de prova acionou o safety-car virtual para a retirada do carro da Red Bull. Alguns pilotos, dentre eles o pr\u00f3prio companheiro de equipe de Checo, Max Verstappen, e o heptacampe\u00e3o Lewis Hamilton, aproveitaram a situa\u00e7\u00e3o para trocar os pneus m\u00e9dios por pneus duros.<\/p>\n\n\n\n<p class=\"wp-block-paragraph\"><strong>\u25b6\ufe0f\u00a0Inscreva-se nos dois canais do GRANDE PR\u00caMIO no YouTube:\u00a0<a href=\"https:\/\/www.youtube.com\/channel\/UC9OlHEgxoaY6QY6nWPoiqQg?sub_confirmation=1\" target=\"_blank\" rel=\"noreferrer noopener\">GP<\/a>\u00a0|\u00a0<a href=\"https:\/\/www.youtube.com\/channel\/UC9csiS6q_C3C0FYhyr1rnFA?sub_confirmation=1\" target=\"_blank\" rel=\"noreferrer noopener\">GP2<\/a><\/strong><\/p>\n\n\n\n<figure class=\"wp-block-image size-large\"><img decoding=\"async\" src=\"https:\/\/www.grandepremio.com\/br\/wp-content\/uploads\/2022\/06\/2022-06-19-15_14_20-F1TV-_-2022-Grande-Premio-do-Canada-1024x573.png\" alt=\"\" class=\"wp-image-587123\"\/><figcaption>P\u00e9rez teve problemas de motor no in\u00edcio da corrida (Foto: Reprodu\u00e7\u00e3o \/ F1)<\/figcaption><\/figure>\n\n\n\n<p class=\"wp-block-paragraph\">P\u00e9rez n\u00e3o vinha tendo um bom final de semana. O mexicano teve problemas no segundo treino livre, terminando apenas na d\u00e9cima primeira coloca\u00e7\u00e3o. No s\u00e1bado, <a href=\"https:\/\/www.grandepremio.com\/br\/f1\/noticias\/sergio-perez-erra-chuva-bate-frente-cai-q2-classificacao-canada\/\" class=\"ek-link\">a situa\u00e7\u00e3o s\u00f3 piorou quando Sergio errou na classifica\u00e7\u00e3o e bateu de frente, caindo ainda no Q2<\/a>.<\/p>\n\n\n\n<p class=\"wp-block-paragraph\">Largando apenas na 13\u00aa posi\u00e7\u00e3o, Checo vinha fazendo uma corrida de recupera\u00e7\u00e3o e j\u00e1 havia conquistado duas posi\u00e7\u00f5es antes dos problemas mec\u00e2nicos. Este foi o segundo abandono de P\u00e9rez na temporada. O primeiro havia sido na prova de abertura da temporada, no GP do Bahrein.<\/p>\n\n\n\n<figure class=\"wp-block-embed is-type-video is-provider-youtube wp-block-embed-youtube wp-embed-aspect-16-9 wp-has-aspect-ratio\"><div class=\"wp-block-embed__wrapper\">\n<iframe loading=\"lazy\" title=\"QUAL O LIMITE PARA VERSTAPPEN NA F\u00d3RMULA 1 2022?\" width=\"500\" height=\"281\" src=\"https:\/\/www.youtube.com\/embed\/DLsRPsUboXE?feature=oembed\" frameborder=\"0\" allow=\"accelerometer; autoplay; clipboard-write; encrypted-media; gyroscope; picture-in-picture; web-share\" referrerpolicy=\"strict-origin-when-cross-origin\" allowfullscreen><\/iframe>\n<\/div><figcaption>QUAL O LIMITE PARA VERSTAPPEN NA F\u00d3RMULA 1 2022?<\/figcaption><\/figure>\n","protected":false},"excerpt":{"rendered":"<p>Sergio P\u00e9rez teve um final de semana dif\u00edcil em Montreal que terminou com o mexicano abandonando a corrida ap\u00f3s apenas nove voltas com problemas no motor de sua Red Bull<\/p>\n","protected":false},"author":0,"featured_media":1000587128,"comment_status":"closed","ping_status":"closed","sticky":false,"template":"","format":"standard","meta":{"42wp_featured_image_caption":"","42wp_featured_image_credits":"","42wp_featured_video":"","42wp_featured_image_hidden":false,"42wp_authors_list":[],"footnotes":""},"categories":[2],"tags":[147,1357,24837,31064,14357,2356,204,30309],"42wp_author":[47144],"class_list":["post-111295","post","type-post","status-publish","format-standard","has-post-thumbnail","hentry","category-f1","tag-f1","tag-f1-2022","tag-formula-1-2","tag-formula-1-2022-3","tag-gp-do-canada","tag-quebra","tag-red-bull","tag-sergio-perez-4","42wp_author-andre-netto"],"_links":{"self":[{"href":"https:\/\/grandepremio.com\/br\/wp-json\/wp\/v2\/posts\/111295","targetHints":{"allow":["GET"]}}],"collection":[{"href":"https:\/\/grandepremio.com\/br\/wp-json\/wp\/v2\/posts"}],"about":[{"href":"https:\/\/grandepremio.com\/br\/wp-json\/wp\/v2\/types\/post"}],"replies":[{"embeddable":true,"href":"https:\/\/grandepremio.com\/br\/wp-json\/wp\/v2\/comments?post=111295"}],"version-history":[{"count":0,"href":"https:\/\/grandepremio.com\/br\/wp-json\/wp\/v2\/posts\/111295\/revisions"}],"wp:featuredmedia":[{"embeddable":true,"href":"https:\/\/grandepremio.com\/br\/wp-json\/wp\/v2\/media\/1000587128"}],"wp:attachment":[{"href":"https:\/\/grandepremio.com\/br\/wp-json\/wp\/v2\/media?parent=111295"}],"wp:term":[{"taxonomy":"category","embeddable":true,"href":"https:\/\/grandepremio.com\/br\/wp-json\/wp\/v2\/categories?post=111295"},{"taxonomy":"post_tag","embeddable":true,"href":"https:\/\/grandepremio.com\/br\/wp-json\/wp\/v2\/tags?post=111295"},{"taxonomy":"42wp_author","embeddable":true,"href":"https:\/\/grandepremio.com\/br\/wp-json\/wp\/v2\/42wp_author?post=111295"}],"curies":[{"name":"wp","href":"https:\/\/api.w.org\/{rel}","templated":true}]}}