{"id":111318,"date":"2022-06-18T19:20:18","date_gmt":"2022-06-18T22:20:18","guid":{"rendered":"https:\/\/grandepremio.com\/br\/noticias\/charles-leclerc-confia-ritmo-ferrari-escalar-pelotao-mais-rapido-possivel-canada\/"},"modified":"2022-06-18T19:24:07","modified_gmt":"2022-06-18T22:24:07","slug":"charles-leclerc-confia-ritmo-ferrari-escalar-pelotao-mais-rapido-possivel-canada","status":"publish","type":"post","link":"https:\/\/grandepremio.com\/br\/f1\/charles-leclerc-confia-ritmo-ferrari-escalar-pelotao-mais-rapido-possivel-canada\/","title":{"rendered":"Leclerc confia em ritmo da Ferrari para &#8220;escalar pelot\u00e3o o mais r\u00e1pido poss\u00edvel&#8221; no Canad\u00e1"},"content":{"rendered":"\n<figure class=\"wp-block-embed is-type-video is-provider-youtube wp-block-embed-youtube wp-embed-aspect-16-9 wp-has-aspect-ratio\"><div class=\"wp-block-embed__wrapper\">\n<iframe loading=\"lazy\" title=\"F\u00d3RMULA 1 2022 AO VIVO: VERSTAPPEN \u00c9 POLE NO CANAD\u00c1. ALONSO \u00c9 2\u00ba | Briefing\" width=\"500\" height=\"281\" src=\"https:\/\/www.youtube.com\/embed\/l6ZafWJlDkk?feature=oembed\" frameborder=\"0\" allow=\"accelerometer; autoplay; clipboard-write; encrypted-media; gyroscope; picture-in-picture; web-share\" referrerpolicy=\"strict-origin-when-cross-origin\" allowfullscreen><\/iframe>\n<\/div><figcaption>F\u00d3RMULA 1 2022 AO VIVO: VERSTAPPEN \u00c9 POLE NO CANAD\u00c1. ALONSO \u00c9 2\u00ba | Briefing<\/figcaption><\/figure>\n\n\n\n<p class=\"wp-block-paragraph\">Charles Leclerc ir\u00e1 largar da 19\u00aa posi\u00e7\u00e3o no grid de largada para o GP do Canad\u00e1 de F\u00f3rmula 1. O monegasco viu a Ferrari trocar seu motor inteiro para a disputa em Montreal, o que acarretou na puni\u00e7\u00e3o. O mesmo aconteceu com Yuki Tsunoda e a AlphaTauri &#8211; e \u00e9 justamente por conta do japon\u00eas que o ferrarista n\u00e3o partir\u00e1 da \u00faltima coloca\u00e7\u00e3o.<\/p>\n\n\n\n<p class=\"wp-block-paragraph\">Isso porque, como ambos receberam puni\u00e7\u00f5es de fundo do grid, larga \u00e0 frente quem se classificar melhor. Tsunoda foi eliminado ainda na parte inicial do <a href=\"https:\/\/www.grandepremio.com\/br\/f1\/noticias\/max-verstappen-voa-chuva-crava-pole-dominante-gp-canada-fernando-alonso-segundo\/\" class=\"ek-link\">treino classificat\u00f3rio deste s\u00e1bado (18)<\/a> &#8211; ou seja, Leclerc sequer participou do Q2: pulou de sua F1-75 e deixou a garagem.<\/p>\n\n\n\n<p class=\"wp-block-paragraph\">&#8220;Yuki tem uma puni\u00e7\u00e3o tamb\u00e9m, ent\u00e3o s\u00f3 quer\u00edamos estar \u00e0 frente dele &#8211; por isso, participamos do Q1. \u00c9 uma posi\u00e7\u00e3o a menos para conquistar na corrida. N\u00e3o sei o quanto vai ajudar, mas foi bom fazer algumas voltas para valer em pista molhada &#8211; obviamente, sem correr muitos riscos, n\u00e3o poderia danificar o carro para a corrida&#8221;, explicou o monegasco.<\/p>\n\n\n\n<p class=\"wp-block-paragraph\"><strong>\u25b6\ufe0f\u00a0<a href=\"https:\/\/www.twitch.tv\/grandepremio\" target=\"_blank\" rel=\"noreferrer noopener\">Conhe\u00e7a o canal do GRANDE PR\u00caMIO na Twitch clicando aqui!<\/a><\/strong><\/p>\n\n\n\n<figure class=\"wp-block-image size-large\"><img decoding=\"async\" src=\"https:\/\/www.grandepremio.com\/br\/wp-content\/uploads\/2022\/06\/ferrari-charlesleclerc-01-5-1024x683.jpg\" alt=\"\" class=\"wp-image-586372\"\/><figcaption>Charles Leclerc deixou avisado: miss\u00e3o de escalar pelot\u00e3o n\u00e3o ser\u00e1 assim t\u00e3o f\u00e1cil (Foto: Ferrari)<\/figcaption><\/figure>\n\n\n\n<p class=\"wp-block-paragraph\"><strong>\u25b6\ufe0f&nbsp;Inscreva-se nos dois canais do GRANDE PR\u00caMIO no YouTube:&nbsp;<a href=\"https:\/\/www.youtube.com\/channel\/UC9OlHEgxoaY6QY6nWPoiqQg?sub_confirmation=1\" target=\"_blank\" rel=\"noreferrer noopener\">GP<\/a>&nbsp;|&nbsp;<a href=\"https:\/\/www.youtube.com\/channel\/UC9csiS6q_C3C0FYhyr1rnFA?sub_confirmation=1\" target=\"_blank\" rel=\"noreferrer noopener\">GP2<\/a><\/strong><\/p>\n\n\n\n<p class=\"wp-block-paragraph\">De olho em Max Verstappen e na tabela do Mundial de Pilotos, Leclerc reiterou confian\u00e7a na escuderia italiana para, rapidamente, voltar a figurar no pelot\u00e3o da frente no Circuito Gilles Villeneuve. Entretanto, fica o alerta: a miss\u00e3o n\u00e3o ser\u00e1 t\u00e3o simples quanto inicialmente pensada.<\/p>\n\n\n\n<p class=\"wp-block-paragraph\">&#8220;Em geral, foi ok. O sentimento \u00e9 bom. Tenho que admitir: ultrapassar foi um pouquinho mais dif\u00edcil do que eu estava esperando. Espero que a gente consiga escalar o pelot\u00e3o o mais r\u00e1pido poss\u00edvel e o ritmo, ao menos, nos d\u00e1 uma boa chance de recupera\u00e7\u00e3o&#8221;, finalizou o monegasco.<\/p>\n\n\n\n<p class=\"wp-block-paragraph\">O\u00a0<strong>GRANDE PR\u00caMIO<\/strong>\u00a0acompanha todas as atividades da\u00a0F\u00f3rmula 1\u00a0no Canad\u00e1 <strong>AO VIVO<\/strong>\u00a0e\u00a0<strong>EM\u00a0<a href=\"https:\/\/www.grandepremio.com\/br\/ao-vivo\/\" target=\"_blank\" rel=\"noreferrer noopener\">TEMPO REAL<\/a><\/strong>. No domingo, a largada est\u00e1 prevista para as 15h (de Bras\u00edlia, GMT -3).<\/p>\n\n\n\n<figure class=\"wp-block-embed is-type-video is-provider-youtube wp-block-embed-youtube wp-embed-aspect-16-9 wp-has-aspect-ratio\"><div class=\"wp-block-embed__wrapper\">\n<iframe loading=\"lazy\" title=\"QUAL O LIMITE PARA VERSTAPPEN NA F\u00d3RMULA 1 2022?\" width=\"500\" height=\"281\" src=\"https:\/\/www.youtube.com\/embed\/DLsRPsUboXE?feature=oembed\" frameborder=\"0\" allow=\"accelerometer; autoplay; clipboard-write; encrypted-media; gyroscope; picture-in-picture; web-share\" referrerpolicy=\"strict-origin-when-cross-origin\" allowfullscreen><\/iframe>\n<\/div><figcaption>QUAL O LIMITE PARA VERSTAPPEN NA F\u00d3RMULA 1 2022?<\/figcaption><\/figure>\n","protected":false},"excerpt":{"rendered":"<p>Piloto monegasco, entretanto, destacou que miss\u00e3o na corrida em Montreal ser\u00e1 &#8220;um pouquinho mais dif\u00edcil do que estava esperando&#8221;. Ferrarista larga do fundo do grid ap\u00f3s trocas no motor<\/p>\n","protected":false},"author":0,"featured_media":1000586517,"comment_status":"closed","ping_status":"closed","sticky":false,"template":"","format":"standard","meta":{"42wp_featured_image_caption":"","42wp_featured_image_credits":"","42wp_featured_video":"","42wp_featured_image_hidden":false,"42wp_authors_list":[],"footnotes":""},"categories":[2],"tags":[209,147,1357,207,24837,31064,14357,24836,28285,2780],"42wp_author":[47143],"class_list":["post-111318","post","type-post","status-publish","format-standard","has-post-thumbnail","hentry","category-f1","tag-charles-leclerc","tag-f1","tag-f1-2022","tag-ferrari","tag-formula-1-2","tag-formula-1-2022-3","tag-gp-do-canada","tag-grande-premio-2","tag-grandepremio","tag-leclerc","42wp_author-felipe-leite"],"_links":{"self":[{"href":"https:\/\/grandepremio.com\/br\/wp-json\/wp\/v2\/posts\/111318","targetHints":{"allow":["GET"]}}],"collection":[{"href":"https:\/\/grandepremio.com\/br\/wp-json\/wp\/v2\/posts"}],"about":[{"href":"https:\/\/grandepremio.com\/br\/wp-json\/wp\/v2\/types\/post"}],"replies":[{"embeddable":true,"href":"https:\/\/grandepremio.com\/br\/wp-json\/wp\/v2\/comments?post=111318"}],"version-history":[{"count":0,"href":"https:\/\/grandepremio.com\/br\/wp-json\/wp\/v2\/posts\/111318\/revisions"}],"wp:featuredmedia":[{"embeddable":true,"href":"https:\/\/grandepremio.com\/br\/wp-json\/wp\/v2\/media\/1000586517"}],"wp:attachment":[{"href":"https:\/\/grandepremio.com\/br\/wp-json\/wp\/v2\/media?parent=111318"}],"wp:term":[{"taxonomy":"category","embeddable":true,"href":"https:\/\/grandepremio.com\/br\/wp-json\/wp\/v2\/categories?post=111318"},{"taxonomy":"post_tag","embeddable":true,"href":"https:\/\/grandepremio.com\/br\/wp-json\/wp\/v2\/tags?post=111318"},{"taxonomy":"42wp_author","embeddable":true,"href":"https:\/\/grandepremio.com\/br\/wp-json\/wp\/v2\/42wp_author?post=111318"}],"curies":[{"name":"wp","href":"https:\/\/api.w.org\/{rel}","templated":true}]}}