{"id":111357,"date":"2022-06-17T20:44:59","date_gmt":"2022-06-17T23:44:59","guid":{"rendered":"https:\/\/grandepremio.com\/br\/noticias\/max-verstappen-destaca-dia-positivo-canada-alerta-temos-trabalho-fazer\/"},"modified":"2022-06-17T20:46:21","modified_gmt":"2022-06-17T23:46:21","slug":"max-verstappen-destaca-dia-positivo-canada-alerta-temos-trabalho-fazer","status":"publish","type":"post","link":"https:\/\/grandepremio.com\/br\/f1\/max-verstappen-destaca-dia-positivo-canada-alerta-temos-trabalho-fazer\/","title":{"rendered":"Verstappen destaca dia positivo no Canad\u00e1, mas alerta: &#8220;Temos trabalho a fazer&#8221;"},"content":{"rendered":"\n<figure class=\"wp-block-embed is-type-video is-provider-youtube wp-block-embed-youtube wp-embed-aspect-16-9 wp-has-aspect-ratio\"><div class=\"wp-block-embed__wrapper\">\n<iframe loading=\"lazy\" title=\"F\u00d3RMULA 1 2022: VERSTAPPEN SUPERA FERRARI E LIDERA TREINOS LIVRES GP DO CANAD\u00c1 DE F1 | Briefing\" width=\"500\" height=\"281\" src=\"https:\/\/www.youtube.com\/embed\/fWnRCfT8YL0?feature=oembed\" frameborder=\"0\" allow=\"accelerometer; autoplay; clipboard-write; encrypted-media; gyroscope; picture-in-picture; web-share\" referrerpolicy=\"strict-origin-when-cross-origin\" allowfullscreen><\/iframe>\n<\/div><\/figure>\n\n\n\n<p class=\"wp-block-paragraph\">Max Verstappen teve uma sexta-feira (17) de cinema ao liderar tanto <a href=\"https:\/\/www.grandepremio.com\/br\/f1\/noticias\/max-verstappen-supera-carlos-sainz-lidera-primeiro-treino-livre-gp-canada-formula-1\/\" class=\"ek-link\">o TL1<\/a> como <a href=\"https:\/\/www.grandepremio.com\/br\/f1\/noticias\/max-verstappen-vai-bem-de-novo-supera-ferrari-lidera-tl2-canada\/\" class=\"ek-link\">o TL2<\/a> em Montreal. O holand\u00eas n\u00e3o liderava um treino livre desde \u00cdmola, mas quebrou o jejum de forma impressionante.<\/p>\n\n\n\n<p class=\"wp-block-paragraph\">O campe\u00e3o mundial analisou, ap\u00f3s o fim da sess\u00e3o, seu desempenho na pista canadense. &#8220;Foi um dia positivo, claro que sempre h\u00e1 coisas que voc\u00ea pode olhar para tentar encontrar um equil\u00edbro melhor mas, no geral, tive um bom come\u00e7o de fim de semana&#8221;, disse Max.<\/p>\n\n\n\n<p class=\"wp-block-paragraph\"><strong>\u25b6\ufe0f\u00a0Inscreva-se nos dois canais do GRANDE PR\u00caMIO no YouTube:\u00a0<\/strong><a href=\"https:\/\/www.youtube.com\/channel\/UC9OlHEgxoaY6QY6nWPoiqQg?sub_confirmation=1\" target=\"_blank\" rel=\"noreferrer noopener\"><strong>GP\u00a0|\u00a0GP2<\/strong><br><strong>\u25b6\ufe0f\u00a0Conhe\u00e7a o canal do GRANDE PR\u00caMIO na Twitch clicando aqui!<\/strong><\/a><\/p>\n\n\n\n<p class=\"wp-block-paragraph\">O tempo de 1min14s127 foi feito com pneu macio que, na vis\u00e3o de Verstappen, \u00e9 o mais dif\u00edcil de proporcionar uma boa volta. &#8220;Tivemos um carro competitivo, o que \u00e9 bom. A longo prazo, \u00e9 um come\u00e7o legal, mas \u00e9 dif\u00edcil acertar os pneus por aqui, ent\u00e3o, temos algumas coisas para trabalhar&#8221;.<\/p>\n\n\n\n<figure class=\"wp-block-image size-large\"><img decoding=\"async\" src=\"https:\/\/www.grandepremio.com\/br\/wp-content\/uploads\/2022\/06\/redbull-maxverstappen-02-6-1024x683.jpg\" alt=\"\" class=\"wp-image-585878\"\/><figcaption>Verstappen gostou do desempenho nos TL&#8217;s em Montreal (Foto: Red Bull Content Pool)<\/figcaption><\/figure>\n\n\n\n<p class=\"wp-block-paragraph\">O piloto da Red Bull pensa sempre em evoluir e falou tamb\u00e9m sobre a possibilidade de chuva durante a classfica\u00e7\u00e3o do s\u00e1bado. &#8220;Mesmo com as coisas que quero melhorar, acredito que foi um dia legal. Caso venha a chover, vai ser igual para todo mundo, apenas vamos ter de lidar com isso&#8221;, minimizou.<\/p>\n\n\n\n<p class=\"wp-block-paragraph\"> Com tudo isso, o saldo \u00e9 mais do que positivo para Max, que espera ainda mais para a corrida. &#8220;\u00c9 bom ver que, para domingo, teremos um carro competitivo, ent\u00e3o, aconte\u00e7a o que acontecer na classifica\u00e7\u00e3o, estamos na briga&#8221;, completou Verstappen.<\/p>\n\n\n\n<p class=\"wp-block-paragraph\">O\u00a0<strong>GRANDE PR\u00caMIO<\/strong>\u00a0acompanha todas as atividades\u00a0<a href=\"https:\/\/www.grandepremio.com\/br\/f1\/ao-vivo\"><strong>AO VIVO<\/strong>\u00a0e\u00a0<strong>EM\u00a0<\/strong><\/a><strong><a href=\"https:\/\/www.grandepremio.com\/br\/ao-vivo\/\" target=\"_blank\" rel=\"noreferrer noopener\"><\/a><a href=\"https:\/\/www.grandepremio.com\/br\/ao-vivo\/\" target=\"_blank\" rel=\"noreferrer noopener\"><\/a><a href=\"https:\/\/www.grandepremio.com\/br\/ao-vivo\/\" target=\"_blank\" rel=\"noreferrer noopener\">TEMPO REAL<\/a><\/strong>. No s\u00e1bado, o TL3 est\u00e1 marcado para as 14h (de Bras\u00edlia, GMT-3), enquanto a classifica\u00e7\u00e3o come\u00e7a \u00e0s 17h.<\/p>\n","protected":false},"excerpt":{"rendered":"<p>Piloto da Red Bull est\u00e1 satisfeito com seu desempenho liderando os dois treinos livres em Montreal, por\u00e9m quer ir al\u00e9m at\u00e9 a corrida de domingo<\/p>\n","protected":false},"author":0,"featured_media":1000585756,"comment_status":"closed","ping_status":"closed","sticky":false,"template":"","format":"standard","meta":{"42wp_featured_image_caption":"","42wp_featured_image_credits":"","42wp_featured_video":"","42wp_featured_image_hidden":false,"42wp_authors_list":[],"footnotes":""},"categories":[2],"tags":[1357,31064,14357,203,4486,204],"42wp_author":[47128],"class_list":["post-111357","post","type-post","status-publish","format-standard","has-post-thumbnail","hentry","category-f1","tag-f1-2022","tag-formula-1-2022-3","tag-gp-do-canada","tag-max-verstappen","tag-montreal","tag-red-bull","42wp_author-guilherme-bloisi"],"_links":{"self":[{"href":"https:\/\/grandepremio.com\/br\/wp-json\/wp\/v2\/posts\/111357","targetHints":{"allow":["GET"]}}],"collection":[{"href":"https:\/\/grandepremio.com\/br\/wp-json\/wp\/v2\/posts"}],"about":[{"href":"https:\/\/grandepremio.com\/br\/wp-json\/wp\/v2\/types\/post"}],"replies":[{"embeddable":true,"href":"https:\/\/grandepremio.com\/br\/wp-json\/wp\/v2\/comments?post=111357"}],"version-history":[{"count":0,"href":"https:\/\/grandepremio.com\/br\/wp-json\/wp\/v2\/posts\/111357\/revisions"}],"wp:featuredmedia":[{"embeddable":true,"href":"https:\/\/grandepremio.com\/br\/wp-json\/wp\/v2\/media\/1000585756"}],"wp:attachment":[{"href":"https:\/\/grandepremio.com\/br\/wp-json\/wp\/v2\/media?parent=111357"}],"wp:term":[{"taxonomy":"category","embeddable":true,"href":"https:\/\/grandepremio.com\/br\/wp-json\/wp\/v2\/categories?post=111357"},{"taxonomy":"post_tag","embeddable":true,"href":"https:\/\/grandepremio.com\/br\/wp-json\/wp\/v2\/tags?post=111357"},{"taxonomy":"42wp_author","embeddable":true,"href":"https:\/\/grandepremio.com\/br\/wp-json\/wp\/v2\/42wp_author?post=111357"}],"curies":[{"name":"wp","href":"https:\/\/api.w.org\/{rel}","templated":true}]}}