{"id":111367,"date":"2022-06-17T16:01:00","date_gmt":"2022-06-17T19:01:00","guid":{"rendered":"https:\/\/grandepremio.com\/br\/noticias\/max-verstappen-supera-carlos-sainz-lidera-primeiro-treino-livre-gp-canada-formula-1\/"},"modified":"2022-06-17T16:19:13","modified_gmt":"2022-06-17T19:19:13","slug":"max-verstappen-supera-carlos-sainz-lidera-primeiro-treino-livre-gp-canada-formula-1","status":"publish","type":"post","link":"https:\/\/grandepremio.com\/br\/f1\/max-verstappen-supera-carlos-sainz-lidera-primeiro-treino-livre-gp-canada-formula-1\/","title":{"rendered":"Verstappen supera Sainz e lidera primeiro treino livre do GP do Canad\u00e1 de F\u00f3rmula 1"},"content":{"rendered":"\n<figure class=\"wp-block-embed is-type-video is-provider-youtube wp-block-embed-youtube wp-embed-aspect-16-9 wp-has-aspect-ratio\"><div class=\"wp-block-embed__wrapper\">\n<iframe loading=\"lazy\" title=\"F1 2022 NO CANAD\u00c1, FIA COM MEDIDAS PARA DIMINUIR QUIQUES + MOTOGP NA ALEMANHA | WGP\" width=\"500\" height=\"281\" src=\"https:\/\/www.youtube.com\/embed\/dEde_Kq03wM?feature=oembed\" frameborder=\"0\" allow=\"accelerometer; autoplay; clipboard-write; encrypted-media; gyroscope; picture-in-picture; web-share\" referrerpolicy=\"strict-origin-when-cross-origin\" allowfullscreen><\/iframe>\n<\/div><figcaption>F1 2022 NO CANAD\u00c1, FIA COM MEDIDAS PARA DIMINUIR QUIQUES + MOTOGP NA ALEMANHA | WGP<\/figcaption><\/figure>\n\n\n\n<p class=\"wp-block-paragraph\">A F\u00f3rmula 1 abriu os trabalhos de sua nona etapa do calend\u00e1rio de 2022 neste in\u00edcio de tarde de sexta-feira (17). O primeiro treino livre para o GP do Canad\u00e1 contou com Max Verstappen na lideran\u00e7a da sess\u00e3o, que <a href=\"https:\/\/www.grandepremio.com\/br\/f1\/noticias\/formula-1-clima-instavel-chances-chuva-sexta-feira-gp-canada\/\" class=\"ek-link\">prometeu &#8211; mas n\u00e3o cumpriu &#8211; chuva<\/a>. <\/p>\n\n\n\n<p class=\"wp-block-paragraph\"><strong>\u25b6\ufe0f&nbsp;Inscreva-se nos dois canais do GRANDE PR\u00caMIO no YouTube:&nbsp;<a href=\"https:\/\/www.youtube.com\/channel\/UC9OlHEgxoaY6QY6nWPoiqQg?sub_confirmation=1\" target=\"_blank\" rel=\"noreferrer noopener\">GP<\/a>&nbsp;|&nbsp;<a href=\"https:\/\/www.youtube.com\/channel\/UC9csiS6q_C3C0FYhyr1rnFA?sub_confirmation=1\" target=\"_blank\" rel=\"noreferrer noopener\">GP2<\/a><\/strong><br><strong>\u25b6\ufe0f&nbsp;<a href=\"https:\/\/www.twitch.tv\/grandepremio\" target=\"_blank\" rel=\"noreferrer noopener\">Conhe\u00e7a o canal do GRANDE PR\u00caMIO na Twitch clicando aqui!<\/a><\/strong><\/p>\n\n\n\n<p class=\"wp-block-paragraph\">Falando das principais postulantes ao t\u00edtulo, a Red Bull iniciou o TL1 com uma clara vantagem com rela\u00e7\u00e3o \u00e0 Ferrari. Verstappen e Sergio P\u00e9rez foram melhores na sequ\u00eancia inicial de pneus m\u00e9dios, mas quando os compostos macios foram acionados, a escuderia italiana equilibrou as a\u00e7\u00f5es.<\/p>\n\n\n\n<p class=\"wp-block-paragraph\">Ainda assim, os taurinos levaram a melhor. O atual campe\u00e3o mundial foi o mais r\u00e1pido, com 1min15s158 &#8211; enfim deixando de lado a irreconhec\u00edvel timidez que o acompanhou nos treinos livres em M\u00f4naco e Baku. Carlos Sainz foi o segundo, enquanto o &#8216;intruso&#8217; Fernando Alonso se colocou \u00e0 frente de Sergio P\u00e9rez e Charles Leclerc, em ordem.<\/p>\n\n\n\n<p class=\"wp-block-paragraph\">Atr\u00e1s do top-5, ficaram George Russell, Lance Stroll, Lewis Hamilton, Sebastian Vettel e Daniel Ricciardo. A Mercedes cumpriu seu papel de terceira for\u00e7a, enquanto a Aston Martin surpreendeu &#8211; assim como o australiano, que voltou a andar \u00e0 frente de Lando Norris.<\/p>\n\n\n\n<p class=\"wp-block-paragraph\">O&nbsp;<strong>GRANDE PR\u00caMIO<\/strong>&nbsp;acompanha todas as atividades&nbsp;<a href=\"https:\/\/www.grandepremio.com\/br\/f1\/ao-vivo\" class=\"ek-link\"><strong>AO VIVO<\/strong>&nbsp;e&nbsp;<strong>EM&nbsp;<\/strong><\/a><strong><a href=\"https:\/\/www.grandepremio.com\/br\/ao-vivo\/\" target=\"_blank\" rel=\"noreferrer noopener\" class=\"ek-link\">TEMPO REAL<\/a><\/strong>. Logo mais, o TL2 est\u00e1 marcado para as 18h (de Bras\u00edlia, GMT-3).<\/p>\n\n\n\n<figure class=\"wp-block-image size-large\"><img decoding=\"async\" src=\"https:\/\/www.grandepremio.com\/br\/wp-content\/uploads\/2022\/06\/redbull-maxverstappen-03-2-1024x683.jpg\" alt=\"\" class=\"wp-image-585756\"\/><figcaption>Max Verstappen: l\u00edder do TL1 em Montreal (Foto: Red Bull Content Pool)<\/figcaption><\/figure>\n\n\n\n<figure class=\"wp-block-embed is-type-rich is-provider-spotify wp-block-embed-spotify wp-embed-aspect-21-9 wp-has-aspect-ratio\"><div class=\"wp-block-embed__wrapper\">\n<iframe title=\"Spotify Embed: Paddockast #152: A Ferrari acabou? O que vai ser da temporada 2022 da F1?\" style=\"border-radius: 12px\" width=\"100%\" height=\"152\" frameborder=\"0\" allowfullscreen allow=\"autoplay; clipboard-write; encrypted-media; fullscreen; picture-in-picture\" loading=\"lazy\" src=\"https:\/\/open.spotify.com\/embed\/episode\/3T3jursphwqDWoLTnu2wx4?utm_source=oembed\"><\/iframe>\n<\/div><\/figure>\n\n\n\n<h3 class=\"wp-block-heading\" id=\"h-confira-como-foi-o-tl1-do-gp-do-canada-de-f1\"><strong>Confira como foi o TL1 do GP do Canad\u00e1 de F1:<\/strong><\/h3>\n\n\n\n<p class=\"wp-block-paragraph\">Assim que o cron\u00f4metro permitiu, os pilotos logo sa\u00edram \u00e0 pista para o in\u00edcio oficial das a\u00e7\u00f5es da F\u00f3rmula 1 no Canad\u00e1. Com exce\u00e7\u00e3o de Nicholas Latifi, Fernando Alonso e Alexander Albon, todos j\u00e1 estavam circulando pelo Circuito Gilles Villeneuve com somente dois minutos de sess\u00e3o.<\/p>\n\n\n\n<p class=\"wp-block-paragraph\">De in\u00edcio, somente Charles Leclerc e Yuki Tsunoda escolheram pneus macios para suas sequ\u00eancias iniciais de voltas. O restante do grid optou pelos compostos m\u00e9dios &#8211; a Pirelli, vale lembrar, disponibilizou sua gama mais macia (C3, C4 e C5) para o GP do Canad\u00e1.<\/p>\n\n\n\n<figure class=\"wp-block-image size-large\"><img decoding=\"async\" src=\"https:\/\/www.grandepremio.com\/br\/wp-content\/uploads\/2022\/06\/FVeR5X1WAAQ8hNR-1024x576.jpg\" alt=\"\" class=\"wp-image-585750\"\/><figcaption>Pilotos na pista (Foto: Reprodu\u00e7\u00e3o\/F\u00f3rmula 1)<\/figcaption><\/figure>\n\n\n\n<p class=\"wp-block-paragraph\">O primeiro a figurar no topo da tabela de tempos foi Max Verstappen. O atual campe\u00e3o mundial cravou 1min17s991, imediatamente \u00e0 frente de Lewis Hamilton, levando sua Mercedes para o pelot\u00e3o da frente, com 1min18s613. Diferen\u00e7a significativa entre os dois, portanto.<\/p>\n\n\n\n<p class=\"wp-block-paragraph\">Isso mudou com somente cinco minutos de TL1, quando Valtteri Bottas marcou 1min17s902, de m\u00e9dios, e tirou a lideran\u00e7a provis\u00f3ria da sess\u00e3o de Verstappen &#8211; ao passo que Carlos Sainz errava no \u00faltimo setor e George Russell, via r\u00e1dio, reclamava do vento. <\/p>\n\n\n\n<p class=\"wp-block-paragraph\">O holand\u00eas da Red Bull n\u00e3o demorou para voltar \u00e0 lideran\u00e7a, trazendo consigo seu companheiro de equipe, Sergio P\u00e9rez. A equipe dos energ\u00e9ticos, com 1-2, estabeleceu ritmo r\u00e1pido desde o in\u00edcio do primeiro treino livre em Montreal. <\/p>\n\n\n\n<p class=\"wp-block-paragraph\"><strong>LEIA TAMB\u00c9M<br>+ <a href=\"https:\/\/www.grandepremio.com\/br\/f1\/noticias\/russell-critica-rivais-priorizando-desempenho-sobre-seguranca-quanto-a-quiques\/\" class=\"ek-link\">Russell critica rivais \u201cpriorizando desempenho sobre seguran\u00e7a\u201d quanto a quiques<\/a><\/strong><\/p>\n\n\n\n<p class=\"wp-block-paragraph\">Na marca de 10 minutos de sess\u00e3o, isso se comprovava. Verstappen registrou, ent\u00e3o, 1min15s799 &#8211; o primeiro a baixar para a casa de 1min16s e, consequentemente, 1min15s. Leclerc enfim encaixava boas voltas, subindo ao terceiro posto com seus pneus macios, mas sem amea\u00e7ar de qualquer maneira o in\u00edcio dominante taurino.<\/p>\n\n\n\n<p class=\"wp-block-paragraph\">Pouco depois, a transmiss\u00e3o da FOM mostrou Mick Schumacher escapando da pista &#8211; provando que o calv\u00e1rio do alem\u00e3o na temporada 2022 segue. Enquanto isso, P\u00e9rez roubava a lideran\u00e7a de Verstappen com 1min15s660 e Esteban Ocon via os freios dianteiros direitos de sua Alpine esfuma\u00e7arem. <\/p>\n\n\n\n<p class=\"wp-block-paragraph\">A equipe francesa inicialmente pediu para o piloto esfriar os freios, mas Ocon apontou quebra via r\u00e1dio &#8211; assim, a Alpine chamou o franc\u00eas de 25 anos aos boxes para recolher o carro de volta \u00e0 garagem e iniciar o processo de an\u00e1lise. N\u00e3o que fosse necess\u00e1ria muita investiga\u00e7\u00e3o: o replay da transmiss\u00e3o mostrou um saco pl\u00e1stico voando ao b\u00f3lido e cobrindo a sa\u00edda de ar dos pedais da A522.<\/p>\n\n\n\n<figure class=\"wp-block-image size-large\"><img decoding=\"async\" src=\"https:\/\/www.grandepremio.com\/br\/wp-content\/uploads\/2022\/06\/FVeWTeuXoAIPuyw-1024x576.jpg\" alt=\"\" class=\"wp-image-585749\"\/><figcaption>O fat\u00eddico saco pl\u00e1stico na Alpine de Esteban Ocon (Foto: Reprodu\u00e7\u00e3o\/F\u00f3rmula 1)<\/figcaption><\/figure>\n\n\n\n<p class=\"wp-block-paragraph\">Na marca de 20 minutos de TL1, as a\u00e7\u00f5es de pista diminu\u00edram consideravelmente. Fernando Alonso era o \u00fanico piloto do top-5 &#8211; o espanhol, inclusive, conseguiu um bom terceiro lugar provis\u00f3rio com marca 0s652 atr\u00e1s de P\u00e9rez &#8211; rodando no Circuito Gilles Villeneuve. A maioria do grid se encontrava nos boxes.<\/p>\n\n\n\n<p class=\"wp-block-paragraph\">Quando foram \u00e0 pista, os dois pilotos da Mercedes usaram o r\u00e1dio para informarem diferentes reclama\u00e7\u00f5es. Russell apontou que o vento estava &#8220;impratic\u00e1vel&#8221;, Hamilton destacou que &#8220;estava sem traseira&#8221;. Na tabela de tempos, nada a se destacar para as Flechas de Prata, que encaravam mais uma t\u00edmida sess\u00e3o.<\/p>\n\n\n\n<p class=\"wp-block-paragraph\">O mesmo n\u00e3o podia ser dito da Aston Martin. Com 30 minutos de TL1, bem na metade da sess\u00e3o, Lance Stroll ocupava a terceira posi\u00e7\u00e3o e, Sebastian Vettel, a quarta. Com os dois carros da Red Bull \u00e0 frente, Alonso, Sainz, Leclerc, Bottas, Hamilton e Yuki Tsunoda, em ordem, completavam o top-10.<\/p>\n\n\n\n<p class=\"wp-block-paragraph\"><strong>LEIA TAMB\u00c9M<br>+ Leclerc diz que Ferrari <a href=\"https:\/\/www.grandepremio.com\/br\/f1\/noticias\/charles-leclerc-admite-ferrari-pode-escolher-punicao-por-ser-facil-ultrapassar-canada\/\" class=\"ek-link\">pode escolher puni\u00e7\u00e3o no Canad\u00e1 por ser \u201cf\u00e1cil ultrapassar\u201d<\/a><\/strong><\/p>\n\n\n\n<p class=\"wp-block-paragraph\">Tal ordem n\u00e3o durou muito tempo. A Ferrari enfim respondeu \u00e0 altura da Red Bull: Leclerc cruzou a linha de chegada em 1min15s666, Sainz registrou 1min15s441. Terceiro lugar para o monegasco e lideran\u00e7a provis\u00f3ria da sess\u00e3o para o espanhol.<\/p>\n\n\n\n<p class=\"wp-block-paragraph\">Pelo lado taurino, problemas. Verstappen reclamou que seu RB18 saltou demais ao passar por uma zebra e a equipe o chamou de volta aos boxes. P\u00e9rez, por outro lado, foi acusado de bloquear Latifi na \u00faltima curva da pista &#8211; obrigando o piloto da Williams a sair do tra\u00e7ado.<\/p>\n\n\n\n<p class=\"wp-block-paragraph\">Faltando pouco menos de 24 minutos, Verstappen retomou a lideran\u00e7a do TL1: 1min15s158, de pneus macios, para o atual campe\u00e3o mundial. Pouco a pouco, as equipes lan\u00e7avam seus pilotos \u00e0 pista com os compostos de faixa vermelha.<\/p>\n\n\n\n<figure class=\"wp-block-image size-large\"><img decoding=\"async\" src=\"https:\/\/www.grandepremio.com\/br\/wp-content\/uploads\/2022\/06\/FVebMTmXEAAv3xB-1024x576.jpg\" alt=\"\" class=\"wp-image-585761\"\/><figcaption>Yuki Tsunoda beijando o muro de leve (Foto: Reprodu\u00e7\u00e3o\/F\u00f3rmula 1)<\/figcaption><\/figure>\n\n\n\n<p class=\"wp-block-paragraph\">Isso n\u00e3o necessariamente implicou em mudan\u00e7as intensas na tabela de tempos. Uma coisa a se destacar, entretanto: Alonso mais uma vez mostrou r\u00e1pido ritmo na sexta-feira e se colocou no top-3, atr\u00e1s de Verstappen e Sainz.<\/p>\n\n\n\n<p class=\"wp-block-paragraph\">Na reta final de sess\u00e3o, com a pista mais fria e equipes apostando em sequ\u00eancias maiores de voltas, com pneus m\u00e9dios &#8211; caso de Verstappen -, a ordem de for\u00e7as do primeiro treino livre n\u00e3o se alterou. Verstappen saiu l\u00edder e colocou a Red Bull em vantagem no in\u00edcio dos trabalhos da F1 em Montreal.<\/p>\n\n\n\n<h3 class=\"wp-block-heading\"><strong>F1 2022, GP do Canad\u00e1, Montreal, TL1:<\/strong><\/h3>\n\n\n\n<figure class=\"wp-block-table\"><table><tbody><tr><td>1<\/td><td>M VERSTAPPEN<\/td><td>Red Bull<\/td><td>1:15.158<\/td><td>&nbsp;<\/td><td>27<\/td><\/tr><tr><td>2<\/td><td>C SAINZ<\/td><td>Ferrari<\/td><td>1:15.404<\/td><td>+0.246<\/td><td>34<\/td><\/tr><tr><td>3<\/td><td>F ALONSO<\/td><td>Alpine<\/td><td>1:15.531<\/td><td>+0.373<\/td><td>31<\/td><\/tr><tr><td>4<\/td><td>S P\u00c9REZ<\/td><td>Red Bull<\/td><td>1:15.619<\/td><td>+0.461<\/td><td>32<\/td><\/tr><tr><td>5<\/td><td>C LECLERC<\/td><td>Ferrari<\/td><td>1:15.666<\/td><td>+0.508<\/td><td>30<\/td><\/tr><tr><td>6<\/td><td>G RUSSELL<\/td><td>Mercedes<\/td><td>1:15.822<\/td><td>+0.664<\/td><td>29<\/td><\/tr><tr><td>7<\/td><td>L STROLL<\/td><td>Aston Martin Mercedes<\/td><td>1:15.877<\/td><td>+0.719<\/td><td>32<\/td><\/tr><tr><td>8<\/td><td>L HAMILTON<\/td><td>Mercedes<\/td><td>1:15.877<\/td><td>+0.719<\/td><td>27<\/td><\/tr><tr><td>9<\/td><td>S VETTEL<\/td><td>Aston Martin Mercedes<\/td><td>1:16.041<\/td><td>+0.883<\/td><td>33<\/td><\/tr><tr><td>10<\/td><td>D RICCIARDO<\/td><td>McLaren Mercedes<\/td><td>1:16.083<\/td><td>+0.925<\/td><td>29<\/td><\/tr><tr><td>11<\/td><td>P GASLY<\/td><td>AlphaTauri Honda<\/td><td>1:16.165<\/td><td>+1.007<\/td><td>29<\/td><\/tr><tr><td>12<\/td><td>L NORRIS<\/td><td>McLaren Mercedes<\/td><td>1:16.211<\/td><td>+1.053<\/td><td>17<\/td><\/tr><tr><td>13<\/td><td>A ALBON<\/td><td>Williams Mercedes<\/td><td>1:16.308<\/td><td>+1.150<\/td><td>29<\/td><\/tr><tr><td>14<\/td><td>Y TSUNODA<\/td><td>AlphaTauri Honda<\/td><td>1:16.322<\/td><td>+1.164<\/td><td>33<\/td><\/tr><tr><td>15<\/td><td>E OCON<\/td><td>Alpine<\/td><td>1:16.421<\/td><td>+1.263<\/td><td>26<\/td><\/tr><tr><td>16<\/td><td>V BOTTAS<\/td><td>Alfa Romeo Ferrari<\/td><td>1:16.426<\/td><td>+1.268<\/td><td>27<\/td><\/tr><tr><td>17<\/td><td>G ZHOU<\/td><td>Alfa Romeo Ferrari<\/td><td>1:17.152<\/td><td>+1.994<\/td><td>30<\/td><\/tr><tr><td>18<\/td><td>M SCHUMACHER<\/td><td>Haas Ferrari<\/td><td>1:17.223<\/td><td>+2.065<\/td><td>25<\/td><\/tr><tr><td>19<\/td><td>N LATIFI<\/td><td>Williams Mercedes<\/td><td>1:17.241<\/td><td>+2.083<\/td><td>33<\/td><\/tr><tr><td>20<\/td><td>K MAGNUSSEN<\/td><td>Haas Ferrari<\/td><td>1:17.555<\/td><td>+2.397<\/td><td>31<\/td><\/tr><\/tbody><\/table><\/figure>\n\n\n\n<figure class=\"wp-block-embed is-type-video is-provider-youtube wp-block-embed-youtube wp-embed-aspect-16-9 wp-has-aspect-ratio\"><div class=\"wp-block-embed__wrapper\">\n<iframe loading=\"lazy\" title=\"QUIQUES COMO NUNCA EM BAKU + CASAMENTOS NA F\u00d3RMULA 1 2022 | TT GP #57\" width=\"500\" height=\"281\" src=\"https:\/\/www.youtube.com\/embed\/uXoCr3uStHg?feature=oembed\" frameborder=\"0\" allow=\"accelerometer; autoplay; clipboard-write; encrypted-media; gyroscope; picture-in-picture; web-share\" referrerpolicy=\"strict-origin-when-cross-origin\" allowfullscreen><\/iframe>\n<\/div><figcaption>QUIQUES COMO NUNCA EM BAKU + CASAMENTOS NA F\u00d3RMULA 1 2022 | TT GP #57<br><\/figcaption><\/figure>\n","protected":false},"excerpt":{"rendered":"<p>Red Bull sobrou no in\u00edcio da sess\u00e3o, Ferrari respondeu \u00e0 altura quando os pneus macios foram acionados. No fim das contas, entretanto, atual campe\u00e3o mundial colocou 0s246 de vantagem para o segundo colocado Carlos Sainz e deu o primeiro ponto do fim de semana aos taurinos<\/p>\n","protected":false},"author":0,"featured_media":1000585755,"comment_status":"closed","ping_status":"closed","sticky":false,"template":"","format":"standard","meta":{"42wp_featured_image_caption":"","42wp_featured_image_credits":"","42wp_featured_video":"","42wp_featured_image_hidden":false,"42wp_authors_list":[],"footnotes":""},"categories":[2],"tags":[654,457,524,20491,309,546,209,211,302,1357,176,207,31064,800,14357,24836,28285,3746,119,117,547,87,203,90,82,1294,801,676,204,210,30309,612,215,597],"42wp_author":[47143],"class_list":["post-111367","post","type-post","status-publish","format-standard","has-post-thumbnail","hentry","category-f1","tag-alexander-albon","tag-alfa-romeo","tag-alphatauri","tag-alpine","tag-aston-martin","tag-carlos-sainz","tag-charles-leclerc","tag-daniel-ricciardo","tag-esteban-ocon","tag-f1-2022","tag-fernando-alonso","tag-ferrari","tag-formula-1-2022-3","tag-george-russell","tag-gp-do-canada","tag-grande-premio-2","tag-grandepremio","tag-guanyu-zhou","tag-haas","tag-kevin-magnussen","tag-lando-norris","tag-lewis-hamilton","tag-max-verstappen","tag-mclaren","tag-mercedes","tag-mick-schumacher","tag-nicholas-latifi","tag-pierre-gasly","tag-red-bull","tag-sebastian-vettel","tag-sergio-perez-4","tag-valtteri-bottas","tag-williams","tag-yuki-tsunoda","42wp_author-felipe-leite"],"_links":{"self":[{"href":"https:\/\/grandepremio.com\/br\/wp-json\/wp\/v2\/posts\/111367","targetHints":{"allow":["GET"]}}],"collection":[{"href":"https:\/\/grandepremio.com\/br\/wp-json\/wp\/v2\/posts"}],"about":[{"href":"https:\/\/grandepremio.com\/br\/wp-json\/wp\/v2\/types\/post"}],"replies":[{"embeddable":true,"href":"https:\/\/grandepremio.com\/br\/wp-json\/wp\/v2\/comments?post=111367"}],"version-history":[{"count":0,"href":"https:\/\/grandepremio.com\/br\/wp-json\/wp\/v2\/posts\/111367\/revisions"}],"wp:featuredmedia":[{"embeddable":true,"href":"https:\/\/grandepremio.com\/br\/wp-json\/wp\/v2\/media\/1000585755"}],"wp:attachment":[{"href":"https:\/\/grandepremio.com\/br\/wp-json\/wp\/v2\/media?parent=111367"}],"wp:term":[{"taxonomy":"category","embeddable":true,"href":"https:\/\/grandepremio.com\/br\/wp-json\/wp\/v2\/categories?post=111367"},{"taxonomy":"post_tag","embeddable":true,"href":"https:\/\/grandepremio.com\/br\/wp-json\/wp\/v2\/tags?post=111367"},{"taxonomy":"42wp_author","embeddable":true,"href":"https:\/\/grandepremio.com\/br\/wp-json\/wp\/v2\/42wp_author?post=111367"}],"curies":[{"name":"wp","href":"https:\/\/api.w.org\/{rel}","templated":true}]}}