{"id":11137,"date":"2026-03-13T04:29:51","date_gmt":"2026-03-13T07:29:51","guid":{"rendered":"https:\/\/grandepremio.com\/br\/noticias\/flavio-briatore-confirma-interesse-mercedes-ve-quatro-potenciais-compradores-alpine\/"},"modified":"2026-03-13T04:38:41","modified_gmt":"2026-03-13T07:38:41","slug":"flavio-briatore-confirma-interesse-mercedes-ve-quatro-potenciais-compradores-alpine","status":"publish","type":"post","link":"https:\/\/grandepremio.com\/br\/f1\/flavio-briatore-confirma-interesse-mercedes-ve-quatro-potenciais-compradores-alpine\/","title":{"rendered":"Briatore confirma interesse da Mercedes e v\u00ea &#8220;quatro potenciais compradores&#8221; para Alpine"},"content":{"rendered":"\n<p class=\"wp-block-paragraph\"><strong>Flavio Briatore<\/strong> confirmou que a <strong>Mercedes <\/strong>\u00e9 uma das interessadas em comprar uma participa\u00e7\u00e3o acion\u00e1ria da <strong>Alpine<\/strong>. O conselheiro-executivo da equipe francesa deixou claro que a negocia\u00e7\u00e3o \u00e9 diretamente com a montadora alem\u00e3, n\u00e3o apenas com <strong>Toto Wolff<\/strong>, e citou o caso da <strong>Red Bull<\/strong> para defender que n\u00e3o h\u00e1 conflito de interesses em uma mesma empresa possuir a\u00e7\u00f5es de dois times no grid da <strong>F\u00f3rmula 1<\/strong>.<\/p>\n\n\n\n<p class=\"wp-block-paragraph\">No in\u00edcio da semana, o jornal brit\u00e2nico <em>Telegraph <\/em>noticiou <a href=\"https:\/\/www.grandepremio.com\/br\/f1\/noticias\/toto-wolff-entra-disputa-christian-horner-compra-acoes-alpine-formula-1\/\">o interesse da Mercedes em adquirir os 24% da escuderia de Enstone<\/a> atualmente pertencentes ao fundo de investimentos <strong>Otro Capital<\/strong>. O grupo adquiriu a participa\u00e7\u00e3o em 2023 por cerca de US$ 233 milh\u00f5es (cerca de R$ 1,2 bilh\u00e3o \u00e0 \u00e9poca), mas a valoriza\u00e7\u00e3o das equipes da F1 nos \u00faltimos anos elevou significativamente o valor de mercado. Hoje, a Alpine \u00e9 estimada em aproximadamente US$ 3 bilh\u00f5es (cerca de R$ 15,4 bilh\u00f5es).<\/p>\n\n\n\n<figure class=\"wp-block-embed is-type-video is-provider-youtube wp-block-embed-youtube wp-embed-aspect-16-9 wp-has-aspect-ratio\"><div class=\"wp-block-embed__wrapper\">\n<iframe loading=\"lazy\" title=\"AO VIVO F1 2026: FOI BOM? RUSSELL E MERCEDES V\u00c3O DOMINAR? REGULAMENTO VAI MUDAR? | Paddock GP #446\" width=\"500\" height=\"281\" src=\"https:\/\/www.youtube.com\/embed\/hzSrkwynQd8?feature=oembed\" frameborder=\"0\" allow=\"accelerometer; autoplay; clipboard-write; encrypted-media; gyroscope; picture-in-picture; web-share\" referrerpolicy=\"strict-origin-when-cross-origin\" allowfullscreen><\/iframe>\n<\/div><\/figure>\n\n\n\n<h3 class=\"wp-block-heading\" id=\"h-gp-experience-o-novo-produto-do-grande-premio-conecta-voce-aos-maiores-eventos-de-esporte-a-motor-do-mundo-va-para-indianapolis-com-a-gente-nbsp-saiba-aqui-todos-os-detalhes\"><strong><mark style=\"background-color:rgba(0, 0, 0, 0)\" class=\"has-inline-color has-vivid-red-color\">+ GP EXPERIENCE: o novo produto do GRANDE PR\u00caMIO conecta voc\u00ea aos maiores eventos de esporte a motor do mundo. V\u00e1 para Indian\u00e1polis com a gente:&nbsp;<a href=\"https:\/\/gpexperience.tur.br\/\" target=\"_blank\" rel=\"noreferrer noopener\">saiba aqui todos os detalhes<\/a>.<\/mark><\/strong><\/h3>\n\n\n\n<p class=\"wp-block-paragraph\">Briatore foi questionado sobre o assunto durante entrevista coletiva do <strong>GP da China<\/strong> e confirmou a informa\u00e7\u00e3o. O dirigente explicou ainda que a Mercedes n\u00e3o \u00e9 a \u00fanica interessada na opera\u00e7\u00e3o e afirmou que existem outros potenciais compradores avaliando o neg\u00f3cio.<\/p>\n\n\n\n<p class=\"wp-block-paragraph\">&#8220;Todos os dias surge uma nova situa\u00e7\u00e3o. O que posso dizer \u00e9 que conhe\u00e7o a negocia\u00e7\u00e3o da Mercedes \u2014 n\u00e3o \u00e9 com Toto, mas com a Mercedes \u2014 e vamos ver o que acontece&#8221;, afirmou.<\/p>\n\n\n\n<figure class=\"wp-block-image size-full\"><img decoding=\"async\" src=\"https:\/\/www.grandepremio.com\/br\/wp-content\/uploads\/2026\/03\/AFP__20260306__A2739PW__v1__MidRes__AutoPrixF1AusPractice.jpg\" alt=\"\" class=\"wp-image-1065985\"\/><figcaption class=\"wp-element-caption\">Mercedes \u00e9 uma das interessadas em adquirir a\u00e7\u00f5es da Alpine (Foto: AFP)<\/figcaption><\/figure>\n\n\n\n<p class=\"wp-block-paragraph\">&#8220;No momento, temos tr\u00eas ou quatro potenciais compradores. N\u00e3o esque\u00e7am que estamos falando apenas da participa\u00e7\u00e3o da Otro, n\u00e3o da Alpine em si. Existem alguns candidatos prontos para fechar o acordo&#8221;, disse.<\/p>\n\n\n\n<p class=\"wp-block-paragraph\">Um eventual investimento da Mercedes teria reflexos diretos em outro tema recorrente do paddock: o futuro de <strong>Christian Horner<\/strong>. No in\u00edcio de 2026, Briatore confirmou que <a href=\"https:\/\/www.grandepremio.com\/br\/f1\/noticias\/flavio-briatore-confirma-negociacoes-christian-horner-alpine-novo-acionista\/\">o ex-chefe da Red Bull \u00e9 um dos interessados nas a\u00e7\u00f5es da Alpine<\/a>. O pr\u00f3prio brit\u00e2nico <a href=\"https:\/\/www.grandepremio.com\/br\/f1\/noticias\/christian-horner-rejeita-voltar-como-chefe-de-equipe-detalha-condicoes-retorno-f1\/\">j\u00e1 admitiu o interesse em retornar \u00e0 categoria<\/a>, desde que em papel mais influente que apenas como comandante de uma equipe nas pistas.<\/p>\n\n\n\n<p class=\"wp-block-paragraph\">A aproxima\u00e7\u00e3o entre Mercedes e Alpine ganhou for\u00e7a ap\u00f3s a equipe francesa decidir abandonar o pr\u00f3prio projeto de unidade de pot\u00eancia e adotar motores da fabricante alem\u00e3 a partir da temporada 2026. A mudan\u00e7a foi uma condi\u00e7\u00e3o colocada por Briatore para retornar \u00e0 estrutura.<\/p>\n\n\n\n<p class=\"wp-block-paragraph\">Mesmo assim, o dirigente minimizou o risco de influ\u00eancia da Mercedes nas decis\u00f5es esportivas da Alpine caso o neg\u00f3cio se concretize. Segundo Briatore, a estrutura acion\u00e1ria da equipe impediria que um acionista minorit\u00e1rio tivesse poder decis\u00f3rio.<\/p>\n\n\n\n<figure class=\"wp-block-image size-large\"><img decoding=\"async\" src=\"https:\/\/www.grandepremio.com\/br\/wp-content\/uploads\/2025\/06\/SI202506140263-1200x801.jpg\" alt=\"\" class=\"wp-image-985047\"\/><figcaption class=\"wp-element-caption\">Christian Horner \u00e9 outro interessado em comprar fatia da Alpine (Foto: Red Bull Content Pool)<\/figcaption><\/figure>\n\n\n\n<p class=\"wp-block-paragraph\">&#8220;Acredito que n\u00e3o haveria problema. A Red Bull j\u00e1 foi pioneira nisso [ter duas equipes no grid] nos \u00faltimos 10 ou 15 anos. Normalmente, em uma empresa, 75% decidem e 25% s\u00e3o passageiros. Essa \u00e9 a realidade&#8221;, concluiu.<\/p>\n\n\n\n<p class=\"wp-block-paragraph\">Outro forte nome que surgiu entre os interessados nas a\u00e7\u00f5es da Alpine \u00e9 a <strong>BYD<\/strong>, marca chinesa focada especialmente na produ\u00e7\u00e3o de ve\u00edculos el\u00e9tricos e h\u00edbridos. Segundo informa\u00e7\u00f5es da revista alem\u00e3 <em>Auto Motor und Sport<\/em>, a empresa <a href=\"https:\/\/www.grandepremio.com\/br\/f1\/noticias\/byd-ve-alpine-aston-martin-como-alvos-para-compra-aumenta-interesse-vaga-f1\/\">estuda a possibilidade de comprar uma equipe j\u00e1 presente no grid da F1<\/a> \u2014&nbsp;e o time franc\u00eas surge como op\u00e7\u00e3o, assim como a <strong>Aston Martin<\/strong>.<\/p>\n\n\n\n<p class=\"wp-block-paragraph\">Questionado sobre a possibilidade de adquirir ele pr\u00f3prio as a\u00e7\u00f5es, Briatore descartou qualquer interesse e disse acompanhar a situa\u00e7\u00e3o apenas como observador.<\/p>\n\n\n\n<p class=\"wp-block-paragraph\">\u201cN\u00e3o, n\u00e3o, n\u00e3o. Estou apenas olhando o que est\u00e1 acontecendo. N\u00e3o temos comunica\u00e7\u00e3o com a Otro neste momento. Se algu\u00e9m comprar as a\u00e7\u00f5es, ficaremos felizes\u201d, finalizou.<\/p>\n\n\n\n<p class=\"wp-block-paragraph\">O&nbsp;<strong>GRANDE PR\u00caMIO<\/strong>&nbsp;acompanha todas as atividades do&nbsp;<strong>GP da China<\/strong>&nbsp;<a href=\"https:\/\/www.grandepremio.com\/br\/ao-vivo\/f1\/\"><strong>AO VIVO E EM&nbsp;<\/strong><\/a><strong><a href=\"https:\/\/www.grandepremio.com\/br\/ao-vivo\/\" target=\"_blank\" rel=\"noreferrer noopener\">TEMPO REAL<\/a><\/strong>,&nbsp;<a href=\"https:\/\/www.youtube.com\/@GrandePremio1\/streams\">al\u00e9m de classifica\u00e7\u00e3o e corrida em&nbsp;<strong>SEGUNDA TELA&nbsp;<\/strong>no YouTube<\/a>, em parceria com a&nbsp;<strong>Voz do Esporte<\/strong>. O&nbsp;<strong>Briefing&nbsp;<\/strong>chega para analisar ap\u00f3s o fim de cada dia de atividades nas redes sociais e na&nbsp;<strong>GPTV<\/strong>.<\/p>\n\n\n\n<p class=\"wp-block-paragraph\"><strong>GP da China de F1: veja os hor\u00e1rios em Brasil, Cabo Verde,&nbsp;<a href=\"https:\/\/grandepremio.pt\/\" target=\"_blank\" rel=\"noreferrer noopener\">Portugal<\/a>, Angola e Mo\u00e7ambique:<\/strong><\/p>\n\n\n\n<figure class=\"wp-block-table\"><table class=\"has-fixed-layout\"><tbody><tr><td><strong>Sess\u00e3o<\/strong><\/td><td><strong>BRA*<\/strong><\/td><td><strong>CBV<\/strong><\/td><td><strong>POR<\/strong><br><strong>ANG<\/strong><\/td><td><strong>MOZ<\/strong><\/td><\/tr><tr><td>Classifica\u00e7\u00e3o Sprint<\/td><td>04:30<\/td><td>06:30<\/td><td>08:30<\/td><td>09:30<\/td><\/tr><tr><td>Corrida Sprint<\/td><td>00:00<\/td><td>02:00<\/td><td>04:00<\/td><td>05:00<\/td><\/tr><tr><td>Classifica\u00e7\u00e3o<\/td><td>04:00<\/td><td>06:00<\/td><td>08:00<\/td><td>09:00<\/td><\/tr><tr><td>Corrida<\/td><td>04:00<\/td><td>06:00<\/td><td>08:00<\/td><td>09:00<\/td><\/tr><\/tbody><\/table><\/figure>\n\n\n\n<p class=\"wp-block-paragraph\"><em>*Hor\u00e1rio de Bras\u00edlia<\/em><\/p>\n\n\n\n<p class=\"wp-block-paragraph\">\u25b6\ufe0f&nbsp;<strong>Inscreva-se nos dois canais do GRANDE PR\u00caMIO no YouTube:&nbsp;<a href=\"https:\/\/www.youtube.com\/channel\/UC9OlHEgxoaY6QY6nWPoiqQg?sub_confirmation=1\">GP<\/a>&nbsp;|&nbsp;<a href=\"https:\/\/www.youtube.com\/channel\/UC9csiS6q_C3C0FYhyr1rnFA?sub_confirmation=1\">GPTV<\/a><\/strong><\/p>\n\n\n\n<h2 class=\"wp-block-heading\" id=\"h-f1-hoje-saiba-aqui-as-noticias-mais-importantes-do-dia-da-formula-1\"><strong>F1 hoje: saiba aqui as not\u00edcias mais importantes do dia da F\u00f3rmula 1<\/strong><\/h2>\n\n\n\n<p class=\"wp-block-paragraph\">\u25b6\ufe0f&nbsp;<a href=\"https:\/\/www.grandepremio.com\/br\/f1\/noticias\/cofundador-formula-e-ve-aproximacao-conceitual-formula-1-crava-um-erro\/\"><\/a><strong><a href=\"https:\/\/www.grandepremio.com\/br\/f1\/noticias\/george-russell-tira-onda-lidera-tl1-diferenca-assustadora-entre-mercedes-ferrari-china\/\">Russell tira onda e lidera TL1 com diferen\u00e7a assustadora entre Mercedes e Ferrari na China<\/a><\/strong><br>\u25b6\ufe0f&nbsp;<a href=\"https:\/\/www.grandepremio.com\/br\/f1\/noticias\/george-russell-desaprova-criticas-regras-formula-1-reclamavam-corridas-eram-ruins\/\"><\/a><strong><a href=\"https:\/\/www.grandepremio.com\/br\/video\/f1\/denilson-contra-turquia-franco-colapinto-ole-mecanicos-alpine-quase-problema-china\/\">Den\u00edlson contra a Turquia? Colapinto d\u00e1 ol\u00e9 em mec\u00e2nicos da Alpine ap\u00f3s \u2018quase problema\u2019 na China<\/a><\/strong><br>\u25b6\ufe0f&nbsp;<a href=\"https:\/\/www.grandepremio.com\/br\/f1\/noticias\/ferrari-pede-calma-lewis-hamilton-mais-confortavel-carro-f1-2026\/\"><\/a><strong><a href=\"https:\/\/www.grandepremio.com\/br\/video\/f1\/arvid-lindblad-ve-fumaca-carro-racing-bulls-abandona-tl1-gp-da-china\/\">Lindblad v\u00ea fuma\u00e7a em carro da Racing Bulls e abandona TL1 do GP da China<\/a><\/strong><br>\u25b6\ufe0f&nbsp;<a href=\"https:\/\/www.grandepremio.com\/br\/f1\/noticias\/max-verstappen-admite-problema-red-bull-australia-pode-repetir-china\/\"><\/a><strong><a href=\"https:\/\/www.grandepremio.com\/br\/video\/f1\/lewis-hamilton-aciona-asa-macarena-pela-1-vez-perde-traseira-ferrari-roda-tl1-china\/\">Hamilton aciona asa \u2018Macarena\u2019 pela 1\u00aa vez, perde traseira da Ferrari e roda no TL1 na China<\/a><\/strong><br>\u25b6\ufe0f&nbsp;<a href=\"https:\/\/www.grandepremio.com\/br\/grandepremium\/10\/f1\/materias\/as-notas-gp-australia-f1-2026\/\"><\/a><strong><a href=\"https:\/\/www.grandepremio.com\/br\/f1\/noticias\/byd-ve-alpine-aston-martin-como-alvos-para-compra-aumenta-interesse-vaga-f1\/\">BYD v\u00ea Alpine e Aston Martin como alvos para compra e aumenta interesse por vaga na F1<\/a><\/strong><a href=\"https:\/\/www.grandepremio.com\/br\/chefao\/\" target=\"_blank\" rel=\"noreferrer noopener\"><\/a><a href=\"https:\/\/www.grandepremio.com\/br\/chefao\/\" target=\"_blank\" rel=\"noreferrer noopener\"><\/a><a href=\"https:\/\/www.grandepremio.com\/br\/chefao\/\" target=\"_blank\" rel=\"noreferrer noopener\"><\/a><\/p>\n","protected":false},"excerpt":{"rendered":"<p>Conselheiro-executivo da Alpine, Flavio Briatore confirmou que Mercedes \u00e9 uma das interessadas em comprar fatia minorit\u00e1ria da equipe francesa e disse n\u00e3o ver conflito de interesses em poss\u00edvel neg\u00f3cio<\/p>\n","protected":false},"author":0,"featured_media":1000930036,"comment_status":"closed","ping_status":"closed","sticky":false,"template":"","format":"standard","meta":{"42wp_featured_image_caption":"","42wp_featured_image_credits":"","42wp_featured_video":"","42wp_featured_image_hidden":false,"42wp_authors_list":[],"footnotes":""},"categories":[2],"tags":[20491,309,26271,441,655,5273,147,29516,29148,885,180,31425,28995,222,39114,1491,28285,30840,82,35129,204,229,31470,150,223,46178,39121],"42wp_author":[47164],"class_list":["post-11137","post","type-post","status-publish","format-standard","has-post-thumbnail","hentry","category-f1","tag-alpine","tag-aston-martin","tag-calendario-f1","tag-china","tag-christian-horner","tag-classificacao-f1","tag-f1","tag-f1-2026","tag-f1-hoje","tag-flavio-briatore","tag-formula-1","tag-formula-1-2026","tag-formula-1-hoje","tag-gp-da-china","tag-gp-da-china-f1","tag-grande-premio","tag-grandepremio","tag-horarios-f1","tag-mercedes","tag-onde-assistir-f1","tag-red-bull","tag-renault","tag-temporada-2026-f1","tag-toto-wolff","tag-xangai","tag-xangai-2026","tag-xangai-f1","42wp_author-marcos-gil-ribeiro"],"_links":{"self":[{"href":"https:\/\/grandepremio.com\/br\/wp-json\/wp\/v2\/posts\/11137","targetHints":{"allow":["GET"]}}],"collection":[{"href":"https:\/\/grandepremio.com\/br\/wp-json\/wp\/v2\/posts"}],"about":[{"href":"https:\/\/grandepremio.com\/br\/wp-json\/wp\/v2\/types\/post"}],"replies":[{"embeddable":true,"href":"https:\/\/grandepremio.com\/br\/wp-json\/wp\/v2\/comments?post=11137"}],"version-history":[{"count":0,"href":"https:\/\/grandepremio.com\/br\/wp-json\/wp\/v2\/posts\/11137\/revisions"}],"wp:featuredmedia":[{"embeddable":true,"href":"https:\/\/grandepremio.com\/br\/wp-json\/wp\/v2\/media\/1000930036"}],"wp:attachment":[{"href":"https:\/\/grandepremio.com\/br\/wp-json\/wp\/v2\/media?parent=11137"}],"wp:term":[{"taxonomy":"category","embeddable":true,"href":"https:\/\/grandepremio.com\/br\/wp-json\/wp\/v2\/categories?post=11137"},{"taxonomy":"post_tag","embeddable":true,"href":"https:\/\/grandepremio.com\/br\/wp-json\/wp\/v2\/tags?post=11137"},{"taxonomy":"42wp_author","embeddable":true,"href":"https:\/\/grandepremio.com\/br\/wp-json\/wp\/v2\/42wp_author?post=11137"}],"curies":[{"name":"wp","href":"https:\/\/api.w.org\/{rel}","templated":true}]}}