{"id":111371,"date":"2022-06-17T13:29:30","date_gmt":"2022-06-17T16:29:30","guid":{"rendered":"https:\/\/grandepremio.com\/br\/noticias\/formula-1-clima-instavel-chances-chuva-sexta-feira-gp-canada\/"},"modified":"2022-06-17T13:31:39","modified_gmt":"2022-06-17T16:31:39","slug":"formula-1-clima-instavel-chances-chuva-sexta-feira-gp-canada","status":"publish","type":"post","link":"https:\/\/grandepremio.com\/br\/f1\/formula-1-clima-instavel-chances-chuva-sexta-feira-gp-canada\/","title":{"rendered":"F\u00f3rmula 1 v\u00ea clima inst\u00e1vel e chances de chuva na sexta-feira do GP do Canad\u00e1"},"content":{"rendered":"\n<figure class=\"wp-block-embed is-type-video is-provider-youtube wp-block-embed-youtube wp-embed-aspect-16-9 wp-has-aspect-ratio\"><div class=\"wp-block-embed__wrapper\">\n<iframe loading=\"lazy\" title=\"F1 2022 NO CANAD\u00c1, FIA COM MEDIDAS PARA DIMINUIR QUIQUES + MOTOGP NA ALEMANHA | WGP\" width=\"500\" height=\"281\" src=\"https:\/\/www.youtube.com\/embed\/dEde_Kq03wM?feature=oembed\" frameborder=\"0\" allow=\"accelerometer; autoplay; clipboard-write; encrypted-media; gyroscope; picture-in-picture; web-share\" referrerpolicy=\"strict-origin-when-cross-origin\" allowfullscreen><\/iframe>\n<\/div><figcaption>F1 2022 NO CANAD\u00c1, FIA COM MEDIDAS PARA DIMINUIR QUIQUES + MOTOGP NA ALEMANHA | WGP<\/figcaption><\/figure>\n\n\n\n<p class=\"wp-block-paragraph\">Um famoso ditado canadense diz que &#8220;se voc\u00ea n\u00e3o gosta de como o tempo est\u00e1 agora, espere cinco minutos&#8221;. A F\u00f3rmula 1 vai encarar de perto a instabilidade do clima em Montreal, ao desembarcar para o primeiro dia de a\u00e7\u00f5es do GP do Canad\u00e1 da temporada 2022, nesta sexta-feira (17).<\/p>\n\n\n\n<p class=\"wp-block-paragraph\">Na quinta-feira, ao chegarem ao Circuito Gilles Villeneuve, pilotos e equipes passaram por momentos de c\u00e9u aberto, nublado e inclusive uma tempestade para fechar o dia. A categoria, inclusive, ficou em alerta ap\u00f3s aviso meteorol\u00f3gico de ventos fortes e at\u00e9 granizo durante o fim de semana do GP do Canad\u00e1. No entanto, parece que n\u00e3o teremos tal clima ca\u00f3tico durante as a\u00e7\u00f5es da F1: o primeiro treino livre est\u00e1 marcado para as 14h locais (15h de Bras\u00edlia, GMT -3) desta sexta e conta com expectativa de sol e nuvens esparsas.<\/p>\n\n\n\n<p class=\"wp-block-paragraph\"><strong>\u25b6\ufe0f&nbsp;Inscreva-se nos dois canais do GRANDE PR\u00caMIO no YouTube:&nbsp;<a href=\"https:\/\/www.youtube.com\/channel\/UC9OlHEgxoaY6QY6nWPoiqQg?sub_confirmation=1\" target=\"_blank\" rel=\"noreferrer noopener\">GP<\/a>&nbsp;|&nbsp;<a href=\"https:\/\/www.youtube.com\/channel\/UC9csiS6q_C3C0FYhyr1rnFA?sub_confirmation=1\" target=\"_blank\" rel=\"noreferrer noopener\">GP2<\/a><\/strong><br><strong>\u25b6\ufe0f&nbsp;<a href=\"https:\/\/www.twitch.tv\/grandepremio\" target=\"_blank\" rel=\"noreferrer noopener\">Conhe\u00e7a o canal do GRANDE PR\u00caMIO na Twitch clicando aqui!<\/a><\/strong><\/p>\n\n\n\n<p class=\"wp-block-paragraph\">A temperatura esperada em Montreal \u00e9 de 24\u00baC, com sensa\u00e7\u00e3o t\u00e9rmica de 27\u00baC. A umidade relativa do ar chega aos 49% e teremos rajadas de vento de at\u00e9 21 km\/h, com m\u00e9dia de 11 km\/h. N\u00e3o deve chover durante o TL1.<\/p>\n\n\n\n<p class=\"wp-block-paragraph\">A chuva s\u00f3 deve cair mesmo na hora seguinte ao primeiro treino livre da F\u00f3rmula 1. Uma chuva leve est\u00e1 prevista para cair das 15h09 locais at\u00e9 \u00e0s 15h22. As informa\u00e7\u00f5es s\u00e3o do servi\u00e7o meteorol\u00f3gico Accuweather.<\/p>\n\n\n\n<p class=\"wp-block-paragraph\">Para o segundo treino livre, marcado para as 17h locais (18h de Bras\u00edlia, GMT -3), o tempo estar\u00e1 predominantemente nublado, com ventos mais fortes (rajadas de at\u00e9 31 km\/h) e queda na temperatura: 21\u00baC. Assim como no TL1, a chuva s\u00f3 deve retornar na hora seguinte ao da segunda sess\u00e3o da F\u00f3rmula 1. A possibilidade, entretanto, \u00e9 significantemente maior.<\/p>\n\n\n\n<figure class=\"wp-block-embed is-type-rich is-provider-spotify wp-block-embed-spotify wp-embed-aspect-21-9 wp-has-aspect-ratio\"><div class=\"wp-block-embed__wrapper\">\n<iframe title=\"Spotify Embed: Paddockast #152: A Ferrari acabou? O que vai ser da temporada 2022 da F1?\" style=\"border-radius: 12px\" width=\"100%\" height=\"152\" frameborder=\"0\" allowfullscreen allow=\"autoplay; clipboard-write; encrypted-media; fullscreen; picture-in-picture\" loading=\"lazy\" src=\"https:\/\/open.spotify.com\/embed\/episode\/3T3jursphwqDWoLTnu2wx4?utm_source=oembed\"><\/iframe>\n<\/div><\/figure>\n\n\n\n<p class=\"wp-block-paragraph\">Isso porque meteorologistas do instituto Environmment Canada monitoram a passagem de uma tempestade capaz de produzir ventos semelhantes aos de um tornado e que pode atingir o circuito Gilles Villeneuve, em Montreal.<\/p>\n\n\n\n<p class=\"wp-block-paragraph\">O comunicado meteorol\u00f3gico emitido fala de uma situa\u00e7\u00e3o perigosa por conta da possibilidade de granizo. O texto alerta que as forma\u00e7\u00f5es de gelo podem ser grandes o bastante &#8220;a ponto de quebrar janelas, danificar ve\u00edculos e causar ferimentos&#8221;. A recomenda\u00e7\u00e3o, em casos assim, \u00e9 que a popula\u00e7\u00e3o fique em casa em caso de trovoadas e tempestades. <\/p>\n\n\n\n<p class=\"wp-block-paragraph\">\u00c9 esperar para ver. Enquanto isso, o <strong>GRANDE PR\u00caMIO<\/strong> acompanha todas as atividades do GP do Canad\u00e1 <strong>AO VIVO e EM TEMPO REAL.<\/strong><\/p>\n\n\n\n<figure class=\"wp-block-embed is-type-video is-provider-youtube wp-block-embed-youtube wp-embed-aspect-16-9 wp-has-aspect-ratio\"><div class=\"wp-block-embed__wrapper\">\n<iframe loading=\"lazy\" title=\"QUIQUES COMO NUNCA EM BAKU + CASAMENTOS NA F\u00d3RMULA 1 2022 | TT GP #57\" width=\"500\" height=\"281\" src=\"https:\/\/www.youtube.com\/embed\/uXoCr3uStHg?feature=oembed\" frameborder=\"0\" allow=\"accelerometer; autoplay; clipboard-write; encrypted-media; gyroscope; picture-in-picture; web-share\" referrerpolicy=\"strict-origin-when-cross-origin\" allowfullscreen><\/iframe>\n<\/div><figcaption>QUIQUES COMO NUNCA EM BAKU + CASAMENTOS NA F\u00d3RMULA 1 2022 | TT GP #57<\/figcaption><\/figure>\n","protected":false},"excerpt":{"rendered":"<p>H\u00e1 expectativa de chuva, mas ela deve chegar atrasada nas duas sess\u00f5es do primeiro dia de a\u00e7\u00f5es da categoria em Montreal. Entretanto, risco existe e n\u00e3o deve ser desconsiderado<\/p>\n","protected":false},"author":0,"featured_media":0,"comment_status":"closed","ping_status":"closed","sticky":false,"template":"","format":"standard","meta":{"42wp_featured_image_caption":"","42wp_featured_image_credits":"","42wp_featured_video":"","42wp_featured_image_hidden":false,"42wp_authors_list":[],"footnotes":""},"categories":[2],"tags":[1357,31064,14357,24836,28285,2033],"42wp_author":[47143],"class_list":["post-111371","post","type-post","status-publish","format-standard","hentry","category-f1","tag-f1-2022","tag-formula-1-2022-3","tag-gp-do-canada","tag-grande-premio-2","tag-grandepremio","tag-temperatura","42wp_author-felipe-leite"],"_links":{"self":[{"href":"https:\/\/grandepremio.com\/br\/wp-json\/wp\/v2\/posts\/111371","targetHints":{"allow":["GET"]}}],"collection":[{"href":"https:\/\/grandepremio.com\/br\/wp-json\/wp\/v2\/posts"}],"about":[{"href":"https:\/\/grandepremio.com\/br\/wp-json\/wp\/v2\/types\/post"}],"replies":[{"embeddable":true,"href":"https:\/\/grandepremio.com\/br\/wp-json\/wp\/v2\/comments?post=111371"}],"version-history":[{"count":0,"href":"https:\/\/grandepremio.com\/br\/wp-json\/wp\/v2\/posts\/111371\/revisions"}],"wp:attachment":[{"href":"https:\/\/grandepremio.com\/br\/wp-json\/wp\/v2\/media?parent=111371"}],"wp:term":[{"taxonomy":"category","embeddable":true,"href":"https:\/\/grandepremio.com\/br\/wp-json\/wp\/v2\/categories?post=111371"},{"taxonomy":"post_tag","embeddable":true,"href":"https:\/\/grandepremio.com\/br\/wp-json\/wp\/v2\/tags?post=111371"},{"taxonomy":"42wp_author","embeddable":true,"href":"https:\/\/grandepremio.com\/br\/wp-json\/wp\/v2\/42wp_author?post=111371"}],"curies":[{"name":"wp","href":"https:\/\/api.w.org\/{rel}","templated":true}]}}