{"id":111380,"date":"2022-06-17T05:48:47","date_gmt":"2022-06-17T08:48:47","guid":{"rendered":"https:\/\/grandepremio.com\/br\/noticias\/jack-miller-comanda-ducati-lidera-treino-1-motogp-gp-alemanha\/"},"modified":"2022-06-17T06:15:18","modified_gmt":"2022-06-17T09:15:18","slug":"jack-miller-comanda-ducati-lidera-treino-1-motogp-gp-alemanha","status":"publish","type":"post","link":"https:\/\/grandepremio.com\/br\/motogp\/jack-miller-comanda-ducati-lidera-treino-1-motogp-gp-alemanha\/","title":{"rendered":"Miller comanda 1-2 da Ducati e lidera treino 1 da MotoGP no GP da Alemanha"},"content":{"rendered":"\n<figure class=\"wp-block-embed is-type-video is-provider-youtube wp-block-embed-youtube wp-embed-aspect-16-9 wp-has-aspect-ratio\"><div class=\"wp-block-embed__wrapper\">\n<iframe loading=\"lazy\" title=\"MILLER MANT\u00c9M STATUS, MAS D\u00c1 PASSO ATR\u00c1S COM IDA PARA KTM NA MOTOGP\" width=\"500\" height=\"281\" src=\"https:\/\/www.youtube.com\/embed\/MMFvsVz3D0Y?feature=oembed\" frameborder=\"0\" allow=\"accelerometer; autoplay; clipboard-write; encrypted-media; gyroscope; picture-in-picture; web-share\" referrerpolicy=\"strict-origin-when-cross-origin\" allowfullscreen><\/iframe>\n<\/div><figcaption>MILLER MANT\u00c9M STATUS, MAS D\u00c1 PASSO ATR\u00c1S COM IDA PARA KTM NA MOTOGP<br><\/figcaption><\/figure>\n\n\n\n<p class=\"wp-block-paragraph\">A\u00a0<a href=\"https:\/\/grandepremio.com\/motovelocidade\/\" target=\"_blank\" rel=\"noreferrer noopener\">MotoGP<\/a>\u00a0come\u00e7ou o\u00a0GP da Alemanha, em Sachsenring, com Jack Miller liderando o primeiro treino livre desta sexta-feira (17). Numa manh\u00e3 muito agitada, cheia de trocas de posi\u00e7\u00e3o, o australiano assegurou a ponta da sess\u00e3o com 1min21s479. <\/p>\n\n\n\n<p class=\"wp-block-paragraph\">O dono da moto #43 deixou seu companheiro de equipe, Francesco Bagnaia, apenas 0s015 atr\u00e1s. Quem fechou as tr\u00eas primeiras posi\u00e7\u00f5es foi Fabio Quartararo, com 1min21s557. Johann Zarco e Takaaki Nakagami aparecem na quarta e quinta coloca\u00e7\u00f5es, respectivamente.<\/p>\n\n\n\n<p class=\"wp-block-paragraph\"><strong>\u25b6\ufe0f&nbsp;Inscreva-se nos dois canais do GRANDE PR\u00caMIO no YouTube:&nbsp;<a href=\"https:\/\/www.youtube.com\/channel\/UC9OlHEgxoaY6QY6nWPoiqQg?sub_confirmation=1\" target=\"_blank\" rel=\"noreferrer noopener\">GP<\/a>&nbsp;|&nbsp;<a href=\"https:\/\/www.youtube.com\/channel\/UC9csiS6q_C3C0FYhyr1rnFA?sub_confirmation=1\" target=\"_blank\" rel=\"noreferrer noopener\">GP2<\/a><\/strong>.<\/p>\n\n\n\n<figure class=\"wp-block-image size-large\"><img decoding=\"async\" src=\"https:\/\/www.grandepremio.com\/br\/wp-content\/uploads\/2022\/06\/SI202206030234_hires_jpeg_24bit_rgb-1024x683.jpg\" alt=\"\" class=\"wp-image-580017\"\/><figcaption>Miller lideou o TL1 (Foto: Red Bull Content Pool)<\/figcaption><\/figure>\n\n\n\n<p class=\"wp-block-paragraph\"><strong>CLASSIFICA\u00c7\u00c3O DA MOTOGP<\/strong><br><strong>\u25b6\ufe0f<\/strong>&nbsp;<strong><a href=\"https:\/\/www.grandepremio.com\/br\/motogp\/noticias\/fabio-quartararo-conta-talento-sorte-amplia-vantagem-motogp-confira-classificacao\/\">Quartararo conta com talento e sorte e amplia vantagem na&nbsp;<\/a><a href=\"https:\/\/grandepremio.com\/motovelocidade\/\" target=\"_blank\" rel=\"noreferrer noopener\"><\/a><a href=\"https:\/\/grandepremio.com\/motovelocidade\/\" target=\"_blank\" rel=\"noreferrer noopener\"><\/a><a href=\"https:\/\/grandepremio.com\/motovelocidade\/\" target=\"_blank\" rel=\"noreferrer noopener\"><\/a><a href=\"https:\/\/grandepremio.com\/motovelocidade\/\" target=\"_blank\" rel=\"noreferrer noopener\"><\/a><a href=\"https:\/\/grandepremio.com\/motovelocidade\/\" target=\"_blank\" rel=\"noreferrer noopener\"><\/a><a href=\"https:\/\/grandepremio.com\/motovelocidade\/\" target=\"_blank\" rel=\"noreferrer noopener\"><\/a><a href=\"https:\/\/grandepremio.com\/motovelocidade\/\" target=\"_blank\" rel=\"noreferrer noopener\"><\/a><a href=\"https:\/\/grandepremio.com\/motovelocidade\/\" target=\"_blank\" rel=\"noreferrer noopener\"><\/a><a href=\"https:\/\/grandepremio.com\/motovelocidade\/\" target=\"_blank\" rel=\"noreferrer noopener\">MotoGP<\/a><\/strong><\/p>\n\n\n\n<p class=\"wp-block-paragraph\">Completam o top-10: Aleix Espargar\u00f3, Luca Marini, Andrea Dovizioso, Jorge Mart\u00edn e \u00c1lex M\u00e1rquez.<\/p>\n\n\n\n<p class=\"wp-block-paragraph\">O TL2 da\u00a0<a href=\"https:\/\/grandepremio.com\/motovelocidade\/\" target=\"_blank\" rel=\"noreferrer noopener\"><\/a><a href=\"https:\/\/grandepremio.com\/motovelocidade\/\" target=\"_blank\" rel=\"noreferrer noopener\"><\/a><a href=\"https:\/\/grandepremio.com\/motovelocidade\/\" target=\"_blank\" rel=\"noreferrer noopener\">MotoGP<\/a>\u00a0para o GP da Alemanha, em Sachsenring, d\u00e9cima etapa da temporada, acontece \u00e0s 9h10 (de Bras\u00edlia). O\u00a0<strong>GRANDE PR\u00caMIO<\/strong>\u00a0acompanha todas as atividades\u00a0do Mundial de\u00a0<a href=\"https:\/\/www.grandepremio.com\/motovelocidade\/\" target=\"_blank\" rel=\"noreferrer noopener\"><\/a><a href=\"https:\/\/www.grandepremio.com\/motovelocidade\/\" target=\"_blank\" rel=\"noreferrer noopener\"><\/a><a href=\"https:\/\/www.grandepremio.com\/motovelocidade\/\" target=\"_blank\" rel=\"noreferrer noopener\"><\/a><strong><a href=\"https:\/\/www.grandepremio.com\/motovelocidade\/\" target=\"_blank\" rel=\"noreferrer noopener\"><\/a><a href=\"https:\/\/www.grandepremio.com\/motovelocidade\/\" target=\"_blank\" rel=\"noreferrer noopener\"><\/a><a href=\"https:\/\/www.grandepremio.com\/motovelocidade\/\" target=\"_blank\" rel=\"noreferrer noopener\"><\/a><a href=\"https:\/\/www.grandepremio.com\/motovelocidade\/\" target=\"_blank\" rel=\"noreferrer noopener\"><\/a><a href=\"https:\/\/www.grandepremio.com\/motovelocidade\/\" target=\"_blank\" rel=\"noreferrer noopener\"><\/a><a href=\"https:\/\/www.grandepremio.com\/motovelocidade\/\" target=\"_blank\" rel=\"noreferrer noopener\"><\/a><a href=\"https:\/\/www.grandepremio.com\/motovelocidade\/\" target=\"_blank\" rel=\"noreferrer noopener\"><\/a><a href=\"https:\/\/www.grandepremio.com\/motovelocidade\/\" target=\"_blank\" rel=\"noreferrer noopener\"><\/a><a href=\"https:\/\/www.grandepremio.com\/motovelocidade\/\" target=\"_blank\" rel=\"noreferrer noopener\"><\/a><a href=\"https:\/\/www.grandepremio.com\/motovelocidade\/\" target=\"_blank\" rel=\"noreferrer noopener\">Motovelocidade<\/a><\/strong>\u00a02022.<\/p>\n\n\n\n<h3 class=\"wp-block-heading\" id=\"h-saiba-como-foi-o-primeiro-treino-da-motogp-em-sachsenring\"><strong>Saiba como foi o primeiro treino da MotoGP em Sachsenring:<\/strong><\/h3>\n\n\n\n<p class=\"wp-block-paragraph\">A\u00a0<a href=\"https:\/\/grandepremio.com\/motovelocidade\/\" target=\"_blank\" rel=\"noreferrer noopener\"><\/a><a href=\"https:\/\/grandepremio.com\/motovelocidade\/\" target=\"_blank\" rel=\"noreferrer noopener\">MotoGP<\/a>\u00a0encontrou sol no primeiro treino livre para o\u00a0GP da Alemanha. Quando a pista foi liberada para os 45 minutos do TL1, os term\u00f4metros mediam 21\u00baC, com o asfalto chegando a 32\u00baC. A umidade relativa do ar estava na casa dos 46%, com o vento soprando a 5 km\/h.<\/p>\n\n\n\n<p class=\"wp-block-paragraph\">T\u00e3o logo o circuito de\u00a0Sachsenring\u00a0foi liberado, os pilotos deixaram os boxes e partiram para a pista para iniciar os trabalhos. Joan Mir foi o primeiro a pontear a tabela de tempos, com 1min24s867. Ele logo foi superado por Franco Morbidelli, que anotou 1min24s350.<\/p>\n\n\n\n<figure class=\"wp-block-video\"><video class=\"video-js vjs-big-play-centered\" data-gp-vjs=\"1\" controls src=\"https:\/\/www.grandepremio.com\/br\/wp-content\/uploads\/2022\/06\/eM4DKz9cfhZhiF28.mp4\"><\/video><figcaption>Bagnaia chegou a liderar nos primeiros minutos (V\u00eddeo: MotoGP)<\/figcaption><\/figure>\n\n\n\n<p class=\"wp-block-paragraph\">Aleix Espargar\u00f3 baixou quase 1s: chegou a 1min23s562. Mir tratou de retomar a lideran\u00e7a segundos depois, com 1min23s226, mas logo foi ultrapassado por Franco Morbidelli mais uma vez: 1min22s965. O que n\u00e3o durou muito. Jorge Mart\u00edn colocou a Pramac na lideran\u00e7a com 1min22s081. Atr\u00e1s dele, vinham Mir, Fabio Quartararo, Morbidelli e Marini.<\/p>\n\n\n\n<p class=\"wp-block-paragraph\">Johann Zarco saltou para a segunda posi\u00e7\u00e3o, atr\u00e1s de seu companheiro de equipe. S\u00f3 que logo o superou tamb\u00e9m: 1min21s791. Mir aparecia em segundo, Espargar\u00f3 era terceiro. Com apenas sete minutos de treino, as trocas de posi\u00e7\u00f5es eram in\u00fameras. <\/p>\n\n\n\n<figure class=\"wp-block-video\"><video class=\"video-js vjs-big-play-centered\" data-gp-vjs=\"1\" controls src=\"https:\/\/www.grandepremio.com\/br\/wp-content\/uploads\/2022\/06\/R1qYf_DLCqw6Gm0W-1.mp4\"><\/video><figcaption>Miller tomou a ponta na metade da sess\u00e3o (V\u00eddeo: MotoGP)<\/figcaption><\/figure>\n\n\n\n<p class=\"wp-block-paragraph\">Aleix ficou \u00e0 frente quando chegou a 1min21s699, 0s020 de Zarco. Takaaki Nakagami, <a href=\"https:\/\/www.grandepremio.com\/br\/motogp\/noticias\/takaaki-nakagami-reitera-culpa-queda-feia-aprecio-muito-estar-vivo\/\" class=\"ek-link\">que se recuperou de um acidente bizarro no GP da Catalunha<\/a>, foi quem saltou para a segunda posi\u00e7\u00e3o. O piloto da Aprilia segurou sua coloca\u00e7\u00e3o por alguns minutos, mas Jack Miller foi o pr\u00f3ximo a reivindic\u00e1-la com 1min21s479. Quem aparecia logo atr\u00e1s era Fabio Quartararo a apenas 0s078.<\/p>\n\n\n\n<p class=\"wp-block-paragraph\">A primeira queda foi de Andrea Dovizioso na curva 1, mas ele se levantou sem muitos problemas. Pol Espargar\u00f3 foi o segundo a ir ao ch\u00e3o, no mesmo ponto. Assim como Andrea, o piloto da Honda se levantou tranquilamente. Minutos depois, mesma coisa com \u00c1lex Rins: queda na primeira curva. <\/p>\n\n\n\n<figure class=\"wp-block-video\"><video class=\"video-js vjs-big-play-centered\" data-gp-vjs=\"1\" controls src=\"https:\/\/www.grandepremio.com\/br\/wp-content\/uploads\/2022\/06\/qUE28OTIF2LOt7hZ.mp4\"><\/video><figcaption>Pol Espargar\u00f3 sofreu queda na curva 1 (V\u00eddeo: MotoGP)<\/figcaption><\/figure>\n\n\n\n<p class=\"wp-block-paragraph\">A 10 minutos para o fim, Miller mantinha a ponta, mas via seu companheiro de equipe apenas 0s015 atr\u00e1s. Pol Espargar\u00f3 sofreu queda feia mais uma vez na primeira curva. Ele teve dificuldades para se levantar, mas conseguiu sair andando da pista. <\/p>\n\n\n\n<p class=\"wp-block-paragraph\">A um minuto para o fim, boa parte dos pilotos foi \u00e0 pista uma \u00faltima tentativa. Mas ningu\u00e9m conseguiu realmente amea\u00e7ar as primeiras posi\u00e7\u00f5es. O top-3 terminou com Miller na lideran\u00e7a, Bagnaia atr\u00e1s e Fabio Quartararo fechando as tr\u00eas primeiras posi\u00e7\u00f5es. <\/p>\n\n\n\n<h3 class=\"wp-block-heading\">MotoGP 2022, GP da Alemanha, Sachsenring, TL1:<\/h3>\n\n\n\n<figure class=\"wp-block-table\"><table><tbody><tr><td>1<\/td><td>J MILLER<\/td><td>Ducati<\/td><td>1:21.479<\/td><td>&nbsp;<\/td><\/tr><tr><td>2<\/td><td>F BAGNAIA<\/td><td>Ducati<\/td><td>1:21.494<\/td><td>+0.015<\/td><\/tr><tr><td>3<\/td><td>F QUARTARARO<\/td><td>Yamaha<\/td><td>1:21.557<\/td><td>+0.078<\/td><\/tr><tr><td>4<\/td><td>J ZARCO<\/td><td>Pramac Ducati<\/td><td>1:21.655<\/td><td>+0.176<\/td><\/tr><tr><td>5<\/td><td>T NAKAGAMI<\/td><td>LCR Honda<\/td><td>1:21.660<\/td><td>+0.181<\/td><\/tr><tr><td>6<\/td><td>A ESPARGAR\u00d3<\/td><td>Aprilia<\/td><td>1:21.665<\/td><td>+0.186<\/td><\/tr><tr><td>7<\/td><td>L MARINI<\/td><td>VR46 Ducati<\/td><td>1:21.671<\/td><td>+0.192<\/td><\/tr><tr><td>8<\/td><td>A DOVIZIOSO<\/td><td>RNF Yamaha<\/td><td>1:21.730<\/td><td>+0.251<\/td><\/tr><tr><td>9<\/td><td>J MART\u00cdN<\/td><td>Pramac Ducati<\/td><td>1:21.735<\/td><td>+0.256<\/td><\/tr><tr><td>10<\/td><td>A M\u00c1RQUEZ<\/td><td>LCR Honda<\/td><td>1:21.772<\/td><td>+0.293<\/td><\/tr><tr><td>11<\/td><td>M VI\u00d1ALES<\/td><td>Aprilia<\/td><td>1:21.813<\/td><td>+0.334<\/td><\/tr><tr><td>12<\/td><td>P ESPARGAR\u00d3<\/td><td>Honda<\/td><td>1:21.822<\/td><td>+0.343<\/td><\/tr><tr><td>13<\/td><td>J MIR<\/td><td>Suzuki<\/td><td>1:21.845<\/td><td>+0.366<\/td><\/tr><tr><td>14<\/td><td>F MORBIDELLI<\/td><td>Yamaha<\/td><td>1:21.939<\/td><td>+0.460<\/td><\/tr><tr><td>15<\/td><td>B BINDER<\/td><td>KTM<\/td><td>1:21.944<\/td><td>+0.465<\/td><\/tr><tr><td>16<\/td><td>E BASTIANINI<\/td><td>Gresini Ducati<\/td><td>1:22.057<\/td><td>+0.578<\/td><\/tr><tr><td>17<\/td><td>F DI GIANNANTONIO<\/td><td>Gresini Ducati<\/td><td>1:22.162<\/td><td>+0.683<\/td><\/tr><tr><td>18<\/td><td>M OLIVEIRA<\/td><td>KTM<\/td><td>1:22.237<\/td><td>+0.758<\/td><\/tr><tr><td>19<\/td><td>\u00c1 RINS<\/td><td>Suzuki<\/td><td>1:22.251<\/td><td>+0.772<\/td><\/tr><tr><td>20<\/td><td>M BEZZECCHI<\/td><td>VR46 Ducati<\/td><td>1:22.475<\/td><td>+0.996<\/td><\/tr><tr><td>21<\/td><td>S BRADL<\/td><td>Honda<\/td><td>1:22.547<\/td><td>+1.068<\/td><\/tr><tr><td>22<\/td><td>R GARDNER&nbsp;<\/td><td>Tech3 KTM<\/td><td>1:22.598<\/td><td>+1.119<\/td><\/tr><tr><td>23<\/td><td>R FERN\u00c1NDEZ<\/td><td>Tech3 KTM<\/td><td>1:22.807<\/td><td>+1.328<\/td><\/tr><tr><td>24<\/td><td>D BINDER<\/td><td>RNF Yamaha<\/td><td>1:22.996<\/td><td>+1.517<\/td><\/tr><\/tbody><\/table><\/figure>\n\n\n\n<p class=\"wp-block-paragraph\"><strong>LEIA TAMB\u00c9M<\/strong><br><strong>#\u00a0<a href=\"https:\/\/www.grandepremio.com\/br\/piloto\/pol-espargaro\/\" target=\"_blank\" rel=\"noreferrer noopener\"><\/a><a href=\"https:\/\/www.grandepremio.com\/br\/piloto\/pol-espargaro\/\" target=\"_blank\" rel=\"noreferrer noopener\"><\/a><a href=\"https:\/\/www.grandepremio.com\/br\/piloto\/pol-espargaro\/\" target=\"_blank\" rel=\"noreferrer noopener\">Pol Espargar\u00f3<\/a><a href=\"https:\/\/www.grandepremio.com\/br\/motogp\/noticias\/pol-espargaro-analisa-opcoes-aceita-rebaixamento-lcr\/\">\u00a0analisa op\u00e7\u00f5es e aceita \u2018rebaixamento\u2019 para\u00a0<\/a><a href=\"https:\/\/www.grandepremio.com\/br\/equipe\/motogp\/2021\/lcr-honda\/\" target=\"_blank\" rel=\"noreferrer noopener\">LCR<\/a><a href=\"https:\/\/www.grandepremio.com\/br\/motogp\/noticias\/pol-espargaro-analisa-opcoes-aceita-rebaixamento-lcr\/\">: \u201cN\u00e3o \u00e9 um problema\u201d<\/a><\/strong><br>#\u00a0<strong><a href=\"https:\/\/www.grandepremio.com\/br\/motogp\/noticias\/yamaha-reitera-confianca-franco-morbidelli-diz-nunca-pensamos-dispensa\/\"><\/a><a href=\"https:\/\/www.grandepremio.com\/br\/equipe\/motogp\/2021\/monster-energy-yamaha-motogp\/\" target=\"_blank\" rel=\"noreferrer noopener\"><\/a><a href=\"https:\/\/www.grandepremio.com\/br\/equipe\/motogp\/2021\/monster-energy-yamaha-motogp\/\" target=\"_blank\" rel=\"noreferrer noopener\"><\/a><a href=\"https:\/\/www.grandepremio.com\/br\/equipe\/motogp\/2021\/monster-energy-yamaha-motogp\/\" target=\"_blank\" rel=\"noreferrer noopener\"><\/a><a href=\"https:\/\/www.grandepremio.com\/br\/equipe\/motogp\/2021\/monster-energy-yamaha-motogp\/\" target=\"_blank\" rel=\"noreferrer noopener\"><\/a><a href=\"https:\/\/www.grandepremio.com\/br\/equipe\/motogp\/2021\/monster-energy-yamaha-motogp\/\" target=\"_blank\" rel=\"noreferrer noopener\">Yamaha<\/a><a href=\"https:\/\/www.grandepremio.com\/br\/motogp\/noticias\/yamaha-reitera-confianca-franco-morbidelli-diz-nunca-pensamos-dispensa\/\">\u00a0reitera confian\u00e7a em Morbidelli e diz: \u201cNunca pensamos em dispens\u00e1-lo\u201d<\/a><\/strong><br>#\u00a0<strong><a href=\"https:\/\/www.grandepremio.com\/br\/motogp\/noticias\/aleix-espargaro-admite-culpa-explica-erro-catalunha-aqui-diferente-enganei\/\">Espargar\u00f3 admite culpa e explica erro na\u00a0<\/a><a href=\"https:\/\/es.grandepremio.com\/\" target=\"_blank\" rel=\"noreferrer noopener\">Catalunha<\/a><a href=\"https:\/\/www.grandepremio.com\/br\/motogp\/noticias\/aleix-espargaro-admite-culpa-explica-erro-catalunha-aqui-diferente-enganei\/\">: \u201cAqui \u00e9 diferente, me enganei\u201d<\/a><\/strong><br>#\u00a0<strong><a href=\"https:\/\/www.grandepremio.com\/br\/motogp\/noticias\/fabio-quartararo-impecavel-da-passo-firme-campeonato-dia-reves-rivais\/\">Quartararo se p\u00f5e impec\u00e1vel e d\u00e1 passo firme no campeonato em dia de rev\u00e9s de rivais<\/a><\/strong><br>#\u00a0<strong><a href=\"https:\/\/www.grandepremio.com\/br\/motogp\/noticias\/alex-rins-critica-pilotagem-takaaki-nakagami-detona-direcao-prova-fora-nivel-motogp\/\">Rins critica pilotagem de Nakagami e detona dire\u00e7\u00e3o de prova: \u201cFora do n\u00edvel da\u00a0<\/a><a href=\"https:\/\/grandepremio.com\/motovelocidade\/\" target=\"_blank\" rel=\"noreferrer noopener\">MotoGP<\/a>\u201d<\/strong><br>#\u00a0<strong><a href=\"https:\/\/www.grandepremio.com\/br\/motogp\/noticias\/suzuki-culpa-takaaki-nakagami-contesta-comissarios-inaceitavel-considerar-acidente-corrida\/\"><\/a><a href=\"https:\/\/www.grandepremio.com\/br\/equipe\/motogp\/2021\/team-suzuki-ecstar\/\" target=\"_blank\" rel=\"noreferrer noopener\"><\/a><a href=\"https:\/\/www.grandepremio.com\/br\/equipe\/motogp\/2021\/team-suzuki-ecstar\/\" target=\"_blank\" rel=\"noreferrer noopener\"><\/a><a href=\"https:\/\/www.grandepremio.com\/br\/equipe\/motogp\/2021\/team-suzuki-ecstar\/\" target=\"_blank\" rel=\"noreferrer noopener\"><\/a><a href=\"https:\/\/www.grandepremio.com\/br\/equipe\/motogp\/2021\/team-suzuki-ecstar\/\" target=\"_blank\" rel=\"noreferrer noopener\"><\/a><a href=\"https:\/\/www.grandepremio.com\/br\/equipe\/motogp\/2021\/team-suzuki-ecstar\/\" target=\"_blank\" rel=\"noreferrer noopener\"><\/a><a href=\"https:\/\/www.grandepremio.com\/br\/equipe\/motogp\/2021\/team-suzuki-ecstar\/\" target=\"_blank\" rel=\"noreferrer noopener\"><\/a><a href=\"https:\/\/www.grandepremio.com\/br\/equipe\/motogp\/2021\/team-suzuki-ecstar\/\" target=\"_blank\" rel=\"noreferrer noopener\"><\/a><a href=\"https:\/\/www.grandepremio.com\/br\/equipe\/motogp\/2021\/team-suzuki-ecstar\/\" target=\"_blank\" rel=\"noreferrer noopener\"><\/a><a href=\"https:\/\/www.grandepremio.com\/br\/equipe\/motogp\/2021\/team-suzuki-ecstar\/\" target=\"_blank\" rel=\"noreferrer noopener\"><\/a><a href=\"https:\/\/www.grandepremio.com\/br\/equipe\/motogp\/2021\/team-suzuki-ecstar\/\" target=\"_blank\" rel=\"noreferrer noopener\">Suzuki<\/a><a href=\"https:\/\/www.grandepremio.com\/br\/motogp\/noticias\/suzuki-culpa-takaaki-nakagami-contesta-comissarios-inaceitavel-considerar-acidente-corrida\/\">\u00a0culpa Nakagami e contesta comiss\u00e1rios: \u201cInaceit\u00e1vel considerar acidente de corrida\u201d<\/a><\/strong><br>#\u00a0<strong><a href=\"https:\/\/www.grandepremio.com\/br\/motogp\/noticias\/miguel-oliveira-nega-acerto-admite-reuniao-gresini-queriamos-nos-conhecer\/\">Oliveira nega acerto, mas admite \u201cpequena reuni\u00e3o\u201d com Gresini: \u201cQuer\u00edamos nos conhecer\u201d<\/a><\/strong><br>#\u00a0<strong><a href=\"https:\/\/www.grandepremio.com\/br\/motogp\/noticias\/ducati-prolonga-avaliacao-adia-escolha-enea-bastianini-jorge-martin-2023\/\"><\/a><a href=\"https:\/\/www.grandepremio.com\/br\/equipe\/motogp\/2021\/ducati-lenovo-team\/\" target=\"_blank\" rel=\"noreferrer noopener\"><\/a><a href=\"https:\/\/www.grandepremio.com\/br\/equipe\/motogp\/2021\/ducati-lenovo-team\/\" target=\"_blank\" rel=\"noreferrer noopener\"><\/a><a href=\"https:\/\/www.grandepremio.com\/br\/equipe\/motogp\/2021\/ducati-lenovo-team\/\" target=\"_blank\" rel=\"noreferrer noopener\">Ducati<\/a><a href=\"https:\/\/www.grandepremio.com\/br\/motogp\/noticias\/ducati-prolonga-avaliacao-adia-escolha-enea-bastianini-jorge-martin-2023\/\" class=\"ek-link\">\u00a0prolonga avalia\u00e7\u00e3o e adia escolha entre Bastianini e Mart\u00edn para vaga de Miller em 2023<\/a><\/strong><br>#\u00a0<strong><a href=\"https:\/\/www.grandepremio.com\/br\/motogp\/noticias\/motogp-disponibiliza-documentario-motogp-unlimited-star-america-latina\/\">MotoGP disponibiliza document\u00e1rio \u2018MotoGP Unlimited\u2019 no Star+ para\u00a0<\/a><a href=\"https:\/\/es.grandepremio.com\/\" target=\"_blank\" rel=\"noreferrer noopener\"><\/a><a href=\"https:\/\/es.grandepremio.com\/\" target=\"_blank\" rel=\"noreferrer noopener\"><\/a><a href=\"https:\/\/es.grandepremio.com\/\" target=\"_blank\" rel=\"noreferrer noopener\">Am\u00e9rica Latina<\/a><\/strong><\/p>\n\n\n\n<figure class=\"wp-block-embed is-type-video is-provider-youtube wp-block-embed-youtube wp-embed-aspect-16-9 wp-has-aspect-ratio\"><div class=\"wp-block-embed__wrapper\">\n<iframe loading=\"lazy\" title=\"PASSE LIVRE A NAKAGAMI MOSTRA INCOER\u00caNCIA E P\u00d5E EM XEQUE DIRE\u00c7\u00c3O DE PROVA DA MOTOGP\" width=\"500\" height=\"281\" src=\"https:\/\/www.youtube.com\/embed\/xJwp-qq_hJo?feature=oembed\" frameborder=\"0\" allow=\"accelerometer; autoplay; clipboard-write; encrypted-media; gyroscope; picture-in-picture; web-share\" referrerpolicy=\"strict-origin-when-cross-origin\" allowfullscreen><\/iframe>\n<\/div><\/figure>\n\n\n\n<p class=\"wp-block-paragraph\">&nbsp;<\/p>\n","protected":false},"excerpt":{"rendered":"<p>Jack Miller segurou a lideran\u00e7a do primeiro treino livre por mais da metade da sess\u00e3o com 1min21s479. Ele teve a companhia de Francesco Bagnaia, 0s015 atr\u00e1s<\/p>\n","protected":false},"author":0,"featured_media":1000580675,"comment_status":"closed","ping_status":"closed","sticky":false,"template":"","format":"standard","meta":{"42wp_featured_image_caption":"","42wp_featured_image_credits":"","42wp_featured_video":"","42wp_featured_image_hidden":false,"42wp_authors_list":[],"footnotes":""},"categories":[8],"tags":[983,1504,79,78,2997,30733,30728,30734,25819,28345,28766,26690,3346],"42wp_author":[47139],"class_list":["post-111380","post","type-post","status-publish","format-standard","has-post-thumbnail","hentry","category-motogp","tag-alemanha","tag-gp-da-alemanha","tag-moto-gp","tag-motogp","tag-motogp-2022","tag-motogp-2022-calendario","tag-motogp-calendario-2022","tag-motogp-classificacao-2022","tag-motogp-hoje","tag-motogp-horarios","tag-motogp-standings","tag-pilotos-motogp","tag-sachsenring","42wp_author-ana-cerveira"],"_links":{"self":[{"href":"https:\/\/grandepremio.com\/br\/wp-json\/wp\/v2\/posts\/111380","targetHints":{"allow":["GET"]}}],"collection":[{"href":"https:\/\/grandepremio.com\/br\/wp-json\/wp\/v2\/posts"}],"about":[{"href":"https:\/\/grandepremio.com\/br\/wp-json\/wp\/v2\/types\/post"}],"replies":[{"embeddable":true,"href":"https:\/\/grandepremio.com\/br\/wp-json\/wp\/v2\/comments?post=111380"}],"version-history":[{"count":0,"href":"https:\/\/grandepremio.com\/br\/wp-json\/wp\/v2\/posts\/111380\/revisions"}],"wp:featuredmedia":[{"embeddable":true,"href":"https:\/\/grandepremio.com\/br\/wp-json\/wp\/v2\/media\/1000580675"}],"wp:attachment":[{"href":"https:\/\/grandepremio.com\/br\/wp-json\/wp\/v2\/media?parent=111380"}],"wp:term":[{"taxonomy":"category","embeddable":true,"href":"https:\/\/grandepremio.com\/br\/wp-json\/wp\/v2\/categories?post=111380"},{"taxonomy":"post_tag","embeddable":true,"href":"https:\/\/grandepremio.com\/br\/wp-json\/wp\/v2\/tags?post=111380"},{"taxonomy":"42wp_author","embeddable":true,"href":"https:\/\/grandepremio.com\/br\/wp-json\/wp\/v2\/42wp_author?post=111380"}],"curies":[{"name":"wp","href":"https:\/\/api.w.org\/{rel}","templated":true}]}}