{"id":111389,"date":"2022-06-16T12:31:32","date_gmt":"2022-06-16T15:31:32","guid":{"rendered":"https:\/\/grandepremio.com\/br\/noticias\/nio-divulga-primeiras-imagens-do-er9-novo-carro-gen3-na-formula-e\/"},"modified":"2022-06-16T12:36:55","modified_gmt":"2022-06-16T15:36:55","slug":"nio-divulga-primeiras-imagens-do-er9-novo-carro-gen3-na-formula-e","status":"publish","type":"post","link":"https:\/\/grandepremio.com\/br\/formula-e\/nio-divulga-primeiras-imagens-do-er9-novo-carro-gen3-na-formula-e\/","title":{"rendered":"NIO divulga primeiras imagens do ER9, novo carro Gen3 na F\u00f3rmula E"},"content":{"rendered":"\n<figure class=\"wp-block-embed is-type-video is-provider-youtube wp-block-embed-youtube wp-embed-aspect-16-9 wp-has-aspect-ratio\"><div class=\"wp-block-embed__wrapper\">\n<iframe loading=\"lazy\" title=\"EVANS EMBOLA CAMPEONATO COM VIT\u00d3RIA EM JACARTA E QUATRO PILOTOS BRIGAM PELA F\u00d3RMULA E\" width=\"500\" height=\"281\" src=\"https:\/\/www.youtube.com\/embed\/Mgr4cIAnLyw?start=1&amp;feature=oembed\" frameborder=\"0\" allow=\"accelerometer; autoplay; clipboard-write; encrypted-media; gyroscope; picture-in-picture; web-share\" referrerpolicy=\"strict-origin-when-cross-origin\" allowfullscreen><\/iframe>\n<\/div><figcaption>EVANS EMBOLA CAMPEONATO COM VIT\u00d3RIA EM JACARTA E QUATRO PILOTOS BRIGAM PELA F\u00d3RMULA E<\/figcaption><\/figure>\n\n\n\n<p class=\"wp-block-paragraph\">Depois de Porsche e Jaguar serem as primeiras equipes da F\u00f3rmula E a divulgarem imagens de seus novos carros Gen3 para a temporada do ano que vem, agora \u00e9 a vez da NIO colocar seu monoposto em a\u00e7\u00e3o pela primeira vez. A equipe divulgou em suas redes sociais os primeiros registros do NIO 333 ER9, b\u00f3lido que ser\u00e1 utilizado pelo time na temporada que vem da categoria.<\/p>\n\n\n\n<p class=\"wp-block-paragraph\">O respons\u00e1vel por testar pela primeira vez o carro da equipe foi o brit\u00e2nico Oliver Turvey, titular da NIO em 2022 e que deve permanecer na equipe para o ano que vem. Os primeiros testes foram realizados em Silverstone, na Inglaterra, na \u00faltima quarta-feira (15) e indicaram um carro quase que totalmente azul para a equipe na pr\u00f3xima temporada. No entanto, o esquema de cores ainda pode passar por altera\u00e7\u00f5es daqui at\u00e9 o in\u00edcio do campeonato seguinte.<\/p>\n\n\n\n<p class=\"wp-block-paragraph\">LEIA MAIS<br>\u2014 <a href=\"https:\/\/www.grandepremio.com\/br\/formula-e\/noticias\/porsche-divulga-primeiras-imagens-do-carro-gen3-da-formula-e-em-teste-de-pista\/\" target=\"_blank\" aria-label=\"Porsche divulga primeiras imagens do carro Gen3 da F\u00f3rmula E em teste de pista (opens in a new tab)\" rel=\"noreferrer noopener\" class=\"ek-link\">Porsche divulga primeiras imagens do carro Gen3 da F\u00f3rmula E em teste de pista<\/a><\/p>\n\n\n\n<figure class=\"wp-block-image size-large\"><img decoding=\"async\" src=\"https:\/\/www.grandepremio.com\/br\/wp-content\/uploads\/2022\/06\/2-1024x682.jpg\" alt=\"\" class=\"wp-image-585308\"\/><figcaption>Oliver Turvey comandou o primeiro ensaio do ER9 em Silverstone (Foto: NIO)<\/figcaption><\/figure>\n\n\n\n<p class=\"wp-block-paragraph\"><strong>\u25b6\ufe0f&nbsp;Inscreva-se nos dois canais do GRANDE PR\u00caMIO no YouTube:&nbsp;<a href=\"https:\/\/www.youtube.com\/channel\/UC9OlHEgxoaY6QY6nWPoiqQg?sub_confirmation=1\" target=\"_blank\" rel=\"noreferrer noopener\">GP<\/a>&nbsp;|&nbsp;<a href=\"https:\/\/www.youtube.com\/channel\/UC9csiS6q_C3C0FYhyr1rnFA?sub_confirmation=1\" target=\"_blank\" rel=\"noreferrer noopener\">GP2<\/a><\/strong><\/p>\n\n\n\n<p class=\"wp-block-paragraph\">O novo carro Gen3 da F\u00f3rmula E promete ser o mais veloz da hist\u00f3ria da categoria, com uma velocidade m\u00e1xima de at\u00e9 322 km\/h. O monoposto ser\u00e1 o primeiro a contar com trens de for\u00e7a na frente e atr\u00e1s, com a parte frontal sendo respons\u00e1vel por regenerar at\u00e9 250 kW de energia nas frenagens. Na traseira, a pot\u00eancia de 350 kW faz com que os novos carros tenham mais do que o dobro de for\u00e7a dos atuais.<\/p>\n\n\n\n<p class=\"wp-block-paragraph\">Al\u00e9m disso, os freios v\u00e3o ser completamente diferentes \u2014 pela primeira vez, n\u00e3o ser\u00e3o hidr\u00e1ulicos. Como as novas baterias ter\u00e3o uma efici\u00eancia alt\u00edssima \u2014 de at\u00e9 95% \u2014, \u00e9 esperado que a energia total recuperada pelos pilotos ao longo das corridas represente at\u00e9 40% do total gasto na disputa.<\/p>\n\n\n\n<p class=\"wp-block-paragraph\"><strong>\u25b6\ufe0f&nbsp;<a href=\"https:\/\/www.twitch.tv\/grandepremio\" target=\"_blank\" rel=\"noreferrer noopener\">Conhe\u00e7a o canal do GRANDE PR\u00caMIO na Twitch clicando aqui!<\/a><\/strong><\/p>\n\n\n\n<p class=\"wp-block-paragraph\"><strong>Confira mais fotos do ER9, novo carro Gen3 da NIO:<\/strong><\/p>\n\n\n\n<figure class=\"wp-block-gallery has-nested-images columns-default is-cropped wp-block-gallery-1 is-layout-flex wp-block-gallery-is-layout-flex\">\n<figure class=\"wp-block-image size-large\"><img decoding=\"async\" data-id=\"585312\" src=\"https:\/\/www.grandepremio.com\/br\/wp-content\/uploads\/2022\/06\/6.jpg\" alt=\"\" class=\"wp-image-585312\"\/><figcaption>O ER9, carro Gen3 da NIO para a pr\u00f3xima temporada (Foto: NIO)<\/figcaption><\/figure>\n\n\n\n<figure class=\"wp-block-image size-large\"><img decoding=\"async\" data-id=\"585309\" src=\"https:\/\/www.grandepremio.com\/br\/wp-content\/uploads\/2022\/06\/3.jpg\" alt=\"\" class=\"wp-image-585309\"\/><figcaption>O ER9, carro Gen3 da NIO para a pr\u00f3xima temporada (Foto: NIO)<\/figcaption><\/figure>\n\n\n\n<figure class=\"wp-block-image size-large\"><img decoding=\"async\" data-id=\"585310\" src=\"https:\/\/www.grandepremio.com\/br\/wp-content\/uploads\/2022\/06\/4.jpg\" alt=\"\" class=\"wp-image-585310\"\/><figcaption>O ER9, carro Gen3 da NIO para a pr\u00f3xima temporada (Foto: NIO)<\/figcaption><\/figure>\n\n\n\n<figure class=\"wp-block-image size-large\"><img decoding=\"async\" data-id=\"585311\" src=\"https:\/\/www.grandepremio.com\/br\/wp-content\/uploads\/2022\/06\/5.jpg\" alt=\"\" class=\"wp-image-585311\"\/><figcaption>O ER9, carro Gen3 da NIO para a pr\u00f3xima temporada (Foto: NIO)<\/figcaption><\/figure>\n\n\n\n<figure class=\"wp-block-image size-large\"><img decoding=\"async\" data-id=\"585307\" src=\"https:\/\/www.grandepremio.com\/br\/wp-content\/uploads\/2022\/06\/1.jpg\" alt=\"\" class=\"wp-image-585307\"\/><figcaption>A NIO divulgou as primeiras imagens de seu carro Gen3 para o ano que vem (Foto: NIO)<\/figcaption><\/figure>\n<\/figure>\n\n\n\n<p class=\"wp-block-paragraph\"><\/p>\n","protected":false},"excerpt":{"rendered":"<p>NIO testou carro Gen3 com Oliver Turvey em Silverstone e foi a terceira equipe da F\u00f3rmula E a divulgar imagens do novo monoposto, programado para estrear na categoria em 2023<\/p>\n","protected":false},"author":0,"featured_media":1000585307,"comment_status":"closed","ping_status":"closed","sticky":false,"template":"","format":"standard","meta":{"42wp_featured_image_caption":"","42wp_featured_image_credits":"","42wp_featured_video":"","42wp_featured_image_hidden":false,"42wp_authors_list":[],"footnotes":""},"categories":[19],"tags":[189,379,27903,840,28327,1601,24836,28285,26794,910,375,2216,1194,736,3632],"42wp_author":[47142],"class_list":["post-111389","post","type-post","status-publish","format-standard","has-post-thumbnail","hentry","category-formula-e","tag-ep-de-jacarta","tag-fe","tag-fe-2022","tag-formula-e","tag-formula-e-2022","tag-gen3","tag-grande-premio-2","tag-grandepremio","tag-indonesia","tag-jaguar","tag-nio","tag-oliver-turvey","tag-pascal-wehrlein","tag-porsche","tag-silverstone","42wp_author-jp-nascimento"],"_links":{"self":[{"href":"https:\/\/grandepremio.com\/br\/wp-json\/wp\/v2\/posts\/111389","targetHints":{"allow":["GET"]}}],"collection":[{"href":"https:\/\/grandepremio.com\/br\/wp-json\/wp\/v2\/posts"}],"about":[{"href":"https:\/\/grandepremio.com\/br\/wp-json\/wp\/v2\/types\/post"}],"replies":[{"embeddable":true,"href":"https:\/\/grandepremio.com\/br\/wp-json\/wp\/v2\/comments?post=111389"}],"version-history":[{"count":0,"href":"https:\/\/grandepremio.com\/br\/wp-json\/wp\/v2\/posts\/111389\/revisions"}],"wp:featuredmedia":[{"embeddable":true,"href":"https:\/\/grandepremio.com\/br\/wp-json\/wp\/v2\/media\/1000585307"}],"wp:attachment":[{"href":"https:\/\/grandepremio.com\/br\/wp-json\/wp\/v2\/media?parent=111389"}],"wp:term":[{"taxonomy":"category","embeddable":true,"href":"https:\/\/grandepremio.com\/br\/wp-json\/wp\/v2\/categories?post=111389"},{"taxonomy":"post_tag","embeddable":true,"href":"https:\/\/grandepremio.com\/br\/wp-json\/wp\/v2\/tags?post=111389"},{"taxonomy":"42wp_author","embeddable":true,"href":"https:\/\/grandepremio.com\/br\/wp-json\/wp\/v2\/42wp_author?post=111389"}],"curies":[{"name":"wp","href":"https:\/\/api.w.org\/{rel}","templated":true}]}}