{"id":111409,"date":"2022-06-15T13:00:44","date_gmt":"2022-06-15T16:00:44","guid":{"rendered":"https:\/\/grandepremio.com\/br\/noticias\/charles-leclerc-continua-mentalmente-forte-garante-ainda-podemos-ser-campeoes\/"},"modified":"2022-06-16T08:25:20","modified_gmt":"2022-06-16T11:25:20","slug":"charles-leclerc-continua-mentalmente-forte-garante-ainda-podemos-ser-campeoes","status":"publish","type":"post","link":"https:\/\/grandepremio.com\/br\/f1\/charles-leclerc-continua-mentalmente-forte-garante-ainda-podemos-ser-campeoes\/","title":{"rendered":"Leclerc diz que continua &#8220;mentalmente forte&#8221; e garante: &#8220;Ainda podemos ser campe\u00f5es&#8221;"},"content":{"rendered":"\n<figure class=\"wp-block-embed is-type-video is-provider-youtube wp-block-embed-youtube wp-embed-aspect-16-9 wp-has-aspect-ratio\"><div class=\"wp-block-embed__wrapper\">\n<iframe loading=\"lazy\" title=\"VERSTAPPEN ASSUME POSTO DE FAVORITO NA F\u00d3RMULA 1 2022 COM VIRADA DA RED BULL\" width=\"500\" height=\"281\" src=\"https:\/\/www.youtube.com\/embed\/is9gWeWun_U?feature=oembed\" frameborder=\"0\" allow=\"accelerometer; autoplay; clipboard-write; encrypted-media; gyroscope; picture-in-picture; web-share\" referrerpolicy=\"strict-origin-when-cross-origin\" allowfullscreen><\/iframe>\n<\/div><\/figure>\n\n\n\n<p class=\"wp-block-paragraph\">Os tr\u00eas reveses seguidos na temporada 2022 da F\u00f3rmula 1 foram dolorosos para Charles Leclerc, mas o piloto vai para o Canad\u00e1 certo de que n\u00e3o h\u00e1 nada perdido ainda para a Ferrari. E ao contr\u00e1rio do que tem declarado Mattia Binotto, sobre o foco em ser apenas competitivo, o monegasco declarou que ainda mant\u00e9m a mesma mentalidade de quando era l\u00edder, confiante de que pode vencer o Mundial.<\/p>\n\n\n\n<p class=\"wp-block-paragraph\">Tal como em Barcelona, Leclerc vinha novamente na lideran\u00e7a em Baku quando viu o seu motor Ferrari estourar. <a href=\"https:\/\/www.grandepremio.com\/br\/f1\/noticias\/charles-leclerc-quebra-baku-doeu-nao-pode-acontecer-mais\/\" class=\"ek-link\">Foi a terceira corrida consecutiva que o monegasco perdeu a chance de vencer<\/a> e conter o avan\u00e7o de Max Verstappen, que agora lidera com 34 pontos de vantagem para Leclerc.<\/p>\n\n\n\n<p class=\"wp-block-paragraph\"><strong>\u25b6\ufe0f\u00a0Inscreva-se nos dois canais do GRANDE PR\u00caMIO no YouTube:\u00a0<a href=\"https:\/\/www.youtube.com\/channel\/UC9OlHEgxoaY6QY6nWPoiqQg?sub_confirmation=1\" target=\"_blank\" rel=\"noreferrer noopener\">GP<\/a>\u00a0|\u00a0<a href=\"https:\/\/www.youtube.com\/channel\/UC9csiS6q_C3C0FYhyr1rnFA?sub_confirmation=1\" target=\"_blank\" rel=\"noreferrer noopener\">GP2<\/a><\/strong><\/p>\n\n\n\n<figure class=\"wp-block-image size-large\"><img decoding=\"async\" src=\"https:\/\/www.grandepremio.com\/br\/wp-content\/uploads\/2022\/06\/ferrari-charlesleclerc-01-2-1024x683.jpg\" alt=\"\" class=\"wp-image-583797\"\/><figcaption>Charles Leclerc abandonou em Baku ap\u00f3s largar na pole (Foto: Ferrari)<\/figcaption><\/figure>\n\n\n\n<p class=\"wp-block-paragraph\">O ferrarista, por sua vez, ainda viu Sergio P\u00e9rez ultrapass\u00e1-lo na tabela e assumir a vice-lideran\u00e7a. &#8220;\u00c9 a terceira decep\u00e7\u00e3o consecutiva, ent\u00e3o n\u00e3o \u00e9 f\u00e1cil&#8221;, admitiu Leclerc. &#8220;Mas no geral, estou confiante de que serei na pr\u00f3xima corrida t\u00e3o mentalmente forte quanto fui h\u00e1 cinco, quando liderava o campeonato. A motiva\u00e7\u00e3o ainda est\u00e1 l\u00e1&#8221;, garantiu o #16.<\/p>\n\n\n\n<p class=\"wp-block-paragraph\"><strong>LEIA MAIS<br>Ferrari <a href=\"https:\/\/www.grandepremio.com\/br\/f1\/noticias\/ferrari-arranja-solucao-carro-carlos-sainz-montreal-mas-tem-duvidas-charles-leclerc\/\" class=\"ek-link\">arranja solu\u00e7\u00e3o para carro de<\/a> Sainz em Montreal, mas tem d\u00favidas sobre Leclerc<\/strong><\/p>\n\n\n\n<p class=\"wp-block-paragraph\">Leclerc chegou a ter 46 pontos de vantagem sobre Verstappen ap\u00f3s as tr\u00eas primeiras etapas do calend\u00e1rio. No in\u00edcio, no entanto, era a Red Bull quem sofria com a confiabilidade do RB18, mas os taurinos conseguiram n\u00e3o s\u00f3 equilibrar o jogo, como agora quem sofre com problemas na F1-75 \u00e9 a Ferrari. O monegasco ressaltou que a equipe precisa resolver essa quest\u00f5es para voltar ao topo.<\/p>\n\n\n\n<p class=\"wp-block-paragraph\">&#8220;Acredito que ainda podemos vencer o campeonato, mas temos de estar no controle dessas coisas&#8221;, avaliou. &#8220;Ap\u00f3s as \u00faltimas corridas, perdemos muitos pontos e precisamos analisar isso. Mas precisamos estar no controle disso. E, sem d\u00favida, precisamos olhar para a confiabilidade ap\u00f3s essas tr\u00eas \u00faltimas corridas. Como equipe, temos de avan\u00e7ar nessa \u00e1rea&#8221;, finalizou Leclerc.<\/p>\n","protected":false},"excerpt":{"rendered":"<p>Ao contr\u00e1rio do que pensa Mattia Binotto sobre a Ferrari ser apenas competitiva, Charles Leclerc est\u00e1 certo de que a equipe italiana tem chances de vencer a temporada 2022 da F1. Mas para isso acontecer, ela tem de estar no controle dos problemas que assolam a F1-75<\/p>\n","protected":false},"author":0,"featured_media":1000577278,"comment_status":"closed","ping_status":"closed","sticky":false,"template":"","format":"standard","meta":{"42wp_featured_image_caption":"","42wp_featured_image_credits":"","42wp_featured_video":"","42wp_featured_image_hidden":false,"42wp_authors_list":[],"footnotes":""},"categories":[2],"tags":[4371,209,147,1357,207,24837,24976,442,203,2341,204,30309,30986],"42wp_author":[47147],"class_list":["post-111409","post","type-post","status-publish","format-standard","has-post-thumbnail","hentry","category-f1","tag-baku","tag-charles-leclerc","tag-f1","tag-f1-2022","tag-ferrari","tag-formula-1-2","tag-gp-do-azerbaijao","tag-mattia-binotto","tag-max-verstappen","tag-motor-ferrari","tag-red-bull","tag-sergio-perez-4","tag-temporada-2022-f1","42wp_author-luana-marino"],"_links":{"self":[{"href":"https:\/\/grandepremio.com\/br\/wp-json\/wp\/v2\/posts\/111409","targetHints":{"allow":["GET"]}}],"collection":[{"href":"https:\/\/grandepremio.com\/br\/wp-json\/wp\/v2\/posts"}],"about":[{"href":"https:\/\/grandepremio.com\/br\/wp-json\/wp\/v2\/types\/post"}],"replies":[{"embeddable":true,"href":"https:\/\/grandepremio.com\/br\/wp-json\/wp\/v2\/comments?post=111409"}],"version-history":[{"count":0,"href":"https:\/\/grandepremio.com\/br\/wp-json\/wp\/v2\/posts\/111409\/revisions"}],"wp:featuredmedia":[{"embeddable":true,"href":"https:\/\/grandepremio.com\/br\/wp-json\/wp\/v2\/media\/1000577278"}],"wp:attachment":[{"href":"https:\/\/grandepremio.com\/br\/wp-json\/wp\/v2\/media?parent=111409"}],"wp:term":[{"taxonomy":"category","embeddable":true,"href":"https:\/\/grandepremio.com\/br\/wp-json\/wp\/v2\/categories?post=111409"},{"taxonomy":"post_tag","embeddable":true,"href":"https:\/\/grandepremio.com\/br\/wp-json\/wp\/v2\/tags?post=111409"},{"taxonomy":"42wp_author","embeddable":true,"href":"https:\/\/grandepremio.com\/br\/wp-json\/wp\/v2\/42wp_author?post=111409"}],"curies":[{"name":"wp","href":"https:\/\/api.w.org\/{rel}","templated":true}]}}