{"id":111415,"date":"2022-06-15T10:36:41","date_gmt":"2022-06-15T13:36:41","guid":{"rendered":"https:\/\/grandepremio.com\/br\/noticias\/ktm-admite-arrependimento-alianca-forcada-raul-fernandez-motogp\/"},"modified":"2022-06-15T10:37:31","modified_gmt":"2022-06-15T13:37:31","slug":"ktm-admite-arrependimento-alianca-forcada-raul-fernandez-motogp","status":"publish","type":"post","link":"https:\/\/grandepremio.com\/br\/motogp\/ktm-admite-arrependimento-alianca-forcada-raul-fernandez-motogp\/","title":{"rendered":"KTM admite arrependimento com alian\u00e7a for\u00e7ada com Fern\u00e1ndez na MotoGP"},"content":{"rendered":"\n<figure class=\"wp-block-embed is-type-video is-provider-youtube wp-block-embed-youtube wp-embed-aspect-16-9 wp-has-aspect-ratio\"><div class=\"wp-block-embed__wrapper\">\n<iframe loading=\"lazy\" title=\"MILLER MANT\u00c9M STATUS, MAS D\u00c1 PASSO ATR\u00c1S COM IDA PARA KTM NA MOTOGP\" width=\"500\" height=\"281\" src=\"https:\/\/www.youtube.com\/embed\/MMFvsVz3D0Y?feature=oembed\" frameborder=\"0\" allow=\"accelerometer; autoplay; clipboard-write; encrypted-media; gyroscope; picture-in-picture; web-share\" referrerpolicy=\"strict-origin-when-cross-origin\" allowfullscreen><\/iframe>\n<\/div><figcaption>MILLER MANT\u00c9M STATUS, MAS D\u00c1 PASSO ATR\u00c1S COM IDA PARA KTM NA MOTOGP<\/figcaption><\/figure>\n\n\n\n<p class=\"wp-block-paragraph\">A KTM reconheceu que errou ao for\u00e7ar Ra\u00fal Fern\u00e1ndez a defender a marca austr\u00edaca na temporada de estreia na MotoGP. Pit Beirer assumiu que n\u00e3o foi a decis\u00e3o adequada fazer cumprir o contrato do espanhol e reconheceu que falhou ao colocar na RC16 algu\u00e9m que n\u00e3o acreditava no projeto de Mattighofen.<\/p>\n\n\n\n<p class=\"wp-block-paragraph\">No fim do ano passado, Ra\u00fal esteve pr\u00f3ximo de assinar com a Yamaha para correr na sat\u00e9lite RNF. A KTM, por\u00e9m, <a href=\"https:\/\/www.grandepremio.com\/br\/motogp\/noticias\/ktm-confirma-salto-raul-fernandez-motogp-tech3-2022\/\" class=\"ek-link\">fez valer uma cl\u00e1usula contratual que dava a ela a primeira op\u00e7\u00e3o com o espanhol na MotoGP<\/a>, em uma decis\u00e3o que, ali\u00e1s, <a href=\"https:\/\/www.grandepremio.com\/br\/motogp\/noticias\/ktm-define-demissoes-avisar-danilo-petrucci-iker-lecuona-tech3-reclama\/\" class=\"ek-link\">causou muito desconforto, j\u00e1 que o an\u00fancio da chegada de Ra\u00fal \u00e0 Tech3 foi feito antes mesmo de Danilo Petrucci e Iker Lecuona serem informados do desligamento da equipe<\/a>.<\/p>\n\n\n\n<p class=\"wp-block-paragraph\"><strong>CLASSIFICA\u00c7\u00c3O DA MOTOGP<\/strong><br><strong>\u25b6\ufe0f<\/strong> <strong><a href=\"https:\/\/www.grandepremio.com\/br\/motogp\/noticias\/fabio-quartararo-conta-talento-sorte-amplia-vantagem-motogp-confira-classificacao\/\">Quartararo conta com talento e sorte e amplia vantagem na <\/a><a href=\"https:\/\/grandepremio.com\/motovelocidade\/\" target=\"_blank\" rel=\"noreferrer noopener\"><\/a><a href=\"https:\/\/grandepremio.com\/motovelocidade\/\" target=\"_blank\" rel=\"noreferrer noopener\"><\/a><a href=\"https:\/\/grandepremio.com\/motovelocidade\/\" target=\"_blank\" rel=\"noreferrer noopener\"><\/a><a href=\"https:\/\/grandepremio.com\/motovelocidade\/\" target=\"_blank\" rel=\"noreferrer noopener\">MotoGP<\/a><\/strong><\/p>\n\n\n\n<figure class=\"wp-block-image size-large\"><img decoding=\"async\" src=\"https:\/\/www.grandepremio.com\/br\/wp-content\/uploads\/2022\/03\/Raul-Fernandez-MotoGP-2022-Qatar-Race-1024x683.jpg\" alt=\"\" class=\"wp-image-546564\"\/><figcaption>Ra\u00fal Fern\u00e1ndez nunca escondeu que n\u00e3o queria defender a KTM na estreia na MotoGP (Foto: KTM)<\/figcaption><\/figure>\n\n\n\n<p class=\"wp-block-paragraph\"><strong>\u25b6\ufe0f\u00a0Inscreva-se nos dois canais do GRANDE PR\u00caMIO no YouTube:\u00a0<a href=\"https:\/\/www.youtube.com\/channel\/UC9OlHEgxoaY6QY6nWPoiqQg?sub_confirmation=1\" target=\"_blank\" rel=\"noreferrer noopener\">GP<\/a>\u00a0|\u00a0<a href=\"https:\/\/www.youtube.com\/channel\/UC9csiS6q_C3C0FYhyr1rnFA?sub_confirmation=1\" target=\"_blank\" rel=\"noreferrer noopener\">GP2<\/a><\/strong><\/p>\n\n\n\n<p class=\"wp-block-paragraph\">Fern\u00e1ndez, por sinal, tampouco escondeu a insatisfa\u00e7\u00e3o e <a href=\"https:\/\/www.grandepremio.com\/br\/motogp\/noticias\/confirmado-motogp-raul-fernandez-nao-vai-estar-onde-gostaria-2022\/\" class=\"ek-link\">disse claramente que n\u00e3o estava subindo para a classe rainha do Mundial de Motovelocidade com quem queria<\/a>.<\/p>\n\n\n\n<p class=\"wp-block-paragraph\">\u201cExercemos uma op\u00e7\u00e3o de que agora me arrependo\u201d, admitiu Beirer em entrevista ao site alem\u00e3o motorsport-total.com. \u201cN\u00f3s ach\u00e1vamos que t\u00ednhamos percorrido um caminho genial juntos. Simplesmente sentimos que nos pertencia e que n\u00e3o o dar\u00edamos de presente\u201d, seguiu.<\/p>\n\n\n\n<p class=\"wp-block-paragraph\">\u201cEste ano tamb\u00e9m foi um aprendizado para mim. Voc\u00ea precisa de gente que acredita no projeto e d\u00ea tudo. Definitivamente, n\u00e3o foi a mescla adequada\u201d, reconheceu. \u201cSe voc\u00ea atrai um piloto t\u00e3o jovem para esta categoria, \u00e9 bom que tenha um l\u00edder experimentado nos boxes. Tivemos de aprender isso da maneira dif\u00edcil\u201d, reconheceu.<\/p>\n\n\n\n<p class=\"wp-block-paragraph\">Al\u00e9m de assumir o erro na abordagem com Ra\u00fal, Beirer reconheceu que a dupla da Tech3 como um todo n\u00e3o est\u00e1 funcionando, j\u00e1 que entende que os dois pilotos n\u00e3o est\u00e3o \u201cempurrando na dire\u00e7\u00e3o correta\u201d. O dirigente indicou que Remy Gardner tampouco est\u00e1 garantido na equipe em 2023.<\/p>\n\n\n\n<p class=\"wp-block-paragraph\">\u201cEle perdeu a f\u00e9 e disse que n\u00e3o dava, que a moto n\u00e3o funciona, que n\u00e3o \u00e9 divertido e que talvez no pr\u00f3ximo ano dispute o Mundial de Superbike. Ele simplesmente se deu por vencido\u201d, comentou. \u201cDesde Mugello, depende de n\u00f3s desenvolv\u00ea-lo. Agora ele entende luta e \u00e9 11\u00ba. Entendeu que \u00e9 preciso progredir mil\u00edmetro a mil\u00edmetro\u201d, detalhou.<\/p>\n\n\n\n<p class=\"wp-block-paragraph\">\u201cRa\u00fal Fern\u00e1ndez e Remy Gardner n\u00e3o parecem estar empurrando na dire\u00e7\u00e3o correta. Ambos se deram por vencidos. Falamos muito com eles e, em Barcelona, tinha um em 11\u00ba e um em 15\u00ba. Tinham expectativas altas demais e talvez tenham superestimado a categoria Moto2 para eles mesmos\u201d, ponderou. \u201cPensaram que na MotoGP precisariam de uma moto na qual tudo acontecesse sozinho. Mas veja onde est\u00e1 [Fabio] Quartararo e onde est\u00e3o as outras tr\u00eas Yamaha. \u00c9 o piloto que faz a diferen\u00e7a\u201d, frisou.<\/p>\n\n\n\n<p class=\"wp-block-paragraph\">\u201cFaz 14 dias que estamos dizendo a eles que eles precisam lutar. Como novatos, devem lutar por um ponto de campeonato. E se conseguem um ponto, dois pontos devem ser a meta seguinte. Com Gardner agora deu resultado\u201d, encerrou.<\/p>\n\n\n\n<p class=\"wp-block-paragraph\">A <a href=\"https:\/\/grandepremio.com\/motovelocidade\/\" target=\"_blank\" rel=\"noreferrer noopener\"><\/a><a href=\"https:\/\/grandepremio.com\/motovelocidade\/\" target=\"_blank\" rel=\"noreferrer noopener\"><\/a><a href=\"https:\/\/grandepremio.com\/motovelocidade\/\" target=\"_blank\" rel=\"noreferrer noopener\">MotoGP<\/a> volta \u00e0s pistas no pr\u00f3ximo dia 19 de junho, para o GP da Alemanha, em <a href=\"https:\/\/www.grandepremio.com\/br\/etapa\/motogp\/gp-alemanha-motogp-2022\/\" target=\"_blank\" rel=\"noreferrer noopener\">Sachsenring<\/a>, d\u00e9cima etapa da temporada 2022. O&nbsp;<strong>GRANDE PR\u00caMIO<\/strong>&nbsp;acompanha todas as atividades&nbsp;do Mundial de&nbsp;<a href=\"https:\/\/www.grandepremio.com\/motovelocidade\/\" target=\"_blank\" rel=\"noreferrer noopener\"><\/a><a href=\"https:\/\/www.grandepremio.com\/motovelocidade\/\" target=\"_blank\" rel=\"noreferrer noopener\"><\/a><a href=\"https:\/\/www.grandepremio.com\/motovelocidade\/\" target=\"_blank\" rel=\"noreferrer noopener\">Motovelocidade<\/a>&nbsp;2022.<\/p>\n\n\n\n<p class=\"wp-block-paragraph\"><strong>LEIA TAMB\u00c9M<\/strong><br><strong>#\u00a0<a href=\"https:\/\/www.grandepremio.com\/br\/piloto\/pol-espargaro\/\" target=\"_blank\" rel=\"noreferrer noopener\"><\/a><a href=\"https:\/\/www.grandepremio.com\/br\/piloto\/pol-espargaro\/\" target=\"_blank\" rel=\"noreferrer noopener\"><\/a><a href=\"https:\/\/www.grandepremio.com\/br\/piloto\/pol-espargaro\/\" target=\"_blank\" rel=\"noreferrer noopener\">Pol Espargar\u00f3<\/a><a href=\"https:\/\/www.grandepremio.com\/br\/motogp\/noticias\/pol-espargaro-analisa-opcoes-aceita-rebaixamento-lcr\/\"> analisa op\u00e7\u00f5es e aceita \u2018rebaixamento\u2019 para <\/a><a href=\"https:\/\/www.grandepremio.com\/br\/equipe\/motogp\/2021\/lcr-honda\/\" target=\"_blank\" rel=\"noreferrer noopener\">LCR<\/a><a href=\"https:\/\/www.grandepremio.com\/br\/motogp\/noticias\/pol-espargaro-analisa-opcoes-aceita-rebaixamento-lcr\/\">: \u201cN\u00e3o \u00e9 um problema\u201d<\/a><\/strong><br># <strong><a href=\"https:\/\/www.grandepremio.com\/br\/motogp\/noticias\/yamaha-reitera-confianca-franco-morbidelli-diz-nunca-pensamos-dispensa\/\"><\/a><a href=\"https:\/\/www.grandepremio.com\/br\/equipe\/motogp\/2021\/monster-energy-yamaha-motogp\/\" target=\"_blank\" rel=\"noreferrer noopener\"><\/a><a href=\"https:\/\/www.grandepremio.com\/br\/equipe\/motogp\/2021\/monster-energy-yamaha-motogp\/\" target=\"_blank\" rel=\"noreferrer noopener\"><\/a><a href=\"https:\/\/www.grandepremio.com\/br\/equipe\/motogp\/2021\/monster-energy-yamaha-motogp\/\" target=\"_blank\" rel=\"noreferrer noopener\"><\/a><a href=\"https:\/\/www.grandepremio.com\/br\/equipe\/motogp\/2021\/monster-energy-yamaha-motogp\/\" target=\"_blank\" rel=\"noreferrer noopener\"><\/a><a href=\"https:\/\/www.grandepremio.com\/br\/equipe\/motogp\/2021\/monster-energy-yamaha-motogp\/\" target=\"_blank\" rel=\"noreferrer noopener\">Yamaha<\/a><a href=\"https:\/\/www.grandepremio.com\/br\/motogp\/noticias\/yamaha-reitera-confianca-franco-morbidelli-diz-nunca-pensamos-dispensa\/\"> reitera confian\u00e7a em Morbidelli e diz: \u201cNunca pensamos em dispens\u00e1-lo\u201d<\/a><\/strong><br># <strong><a href=\"https:\/\/www.grandepremio.com\/br\/motogp\/noticias\/aleix-espargaro-admite-culpa-explica-erro-catalunha-aqui-diferente-enganei\/\">Espargar\u00f3 admite culpa e explica erro na <\/a><a href=\"https:\/\/es.grandepremio.com\/\" target=\"_blank\" rel=\"noreferrer noopener\">Catalunha<\/a><a href=\"https:\/\/www.grandepremio.com\/br\/motogp\/noticias\/aleix-espargaro-admite-culpa-explica-erro-catalunha-aqui-diferente-enganei\/\">: \u201cAqui \u00e9 diferente, me enganei\u201d<\/a><\/strong><br># <strong><a href=\"https:\/\/www.grandepremio.com\/br\/motogp\/noticias\/fabio-quartararo-impecavel-da-passo-firme-campeonato-dia-reves-rivais\/\">Quartararo se p\u00f5e impec\u00e1vel e d\u00e1 passo firme no campeonato em dia de rev\u00e9s de rivais<\/a><\/strong><br># <strong><a href=\"https:\/\/www.grandepremio.com\/br\/motogp\/noticias\/alex-rins-critica-pilotagem-takaaki-nakagami-detona-direcao-prova-fora-nivel-motogp\/\">Rins critica pilotagem de Nakagami e detona dire\u00e7\u00e3o de prova: \u201cFora do n\u00edvel da <\/a><a href=\"https:\/\/grandepremio.com\/motovelocidade\/\" target=\"_blank\" rel=\"noreferrer noopener\">MotoGP<\/a>\u201d<\/strong><br># <strong><a href=\"https:\/\/www.grandepremio.com\/br\/motogp\/noticias\/suzuki-culpa-takaaki-nakagami-contesta-comissarios-inaceitavel-considerar-acidente-corrida\/\"><\/a><a href=\"https:\/\/www.grandepremio.com\/br\/equipe\/motogp\/2021\/team-suzuki-ecstar\/\" target=\"_blank\" rel=\"noreferrer noopener\"><\/a><a href=\"https:\/\/www.grandepremio.com\/br\/equipe\/motogp\/2021\/team-suzuki-ecstar\/\" target=\"_blank\" rel=\"noreferrer noopener\"><\/a><a href=\"https:\/\/www.grandepremio.com\/br\/equipe\/motogp\/2021\/team-suzuki-ecstar\/\" target=\"_blank\" rel=\"noreferrer noopener\"><\/a><a href=\"https:\/\/www.grandepremio.com\/br\/equipe\/motogp\/2021\/team-suzuki-ecstar\/\" target=\"_blank\" rel=\"noreferrer noopener\"><\/a><a href=\"https:\/\/www.grandepremio.com\/br\/equipe\/motogp\/2021\/team-suzuki-ecstar\/\" target=\"_blank\" rel=\"noreferrer noopener\"><\/a><a href=\"https:\/\/www.grandepremio.com\/br\/equipe\/motogp\/2021\/team-suzuki-ecstar\/\" target=\"_blank\" rel=\"noreferrer noopener\"><\/a><a href=\"https:\/\/www.grandepremio.com\/br\/equipe\/motogp\/2021\/team-suzuki-ecstar\/\" target=\"_blank\" rel=\"noreferrer noopener\"><\/a><a href=\"https:\/\/www.grandepremio.com\/br\/equipe\/motogp\/2021\/team-suzuki-ecstar\/\" target=\"_blank\" rel=\"noreferrer noopener\"><\/a><a href=\"https:\/\/www.grandepremio.com\/br\/equipe\/motogp\/2021\/team-suzuki-ecstar\/\" target=\"_blank\" rel=\"noreferrer noopener\"><\/a><a href=\"https:\/\/www.grandepremio.com\/br\/equipe\/motogp\/2021\/team-suzuki-ecstar\/\" target=\"_blank\" rel=\"noreferrer noopener\">Suzuki<\/a><a href=\"https:\/\/www.grandepremio.com\/br\/motogp\/noticias\/suzuki-culpa-takaaki-nakagami-contesta-comissarios-inaceitavel-considerar-acidente-corrida\/\"> culpa Nakagami e contesta comiss\u00e1rios: \u201cInaceit\u00e1vel considerar acidente de corrida\u201d<\/a><\/strong><br># <strong><a href=\"https:\/\/www.grandepremio.com\/br\/motogp\/noticias\/miguel-oliveira-nega-acerto-admite-reuniao-gresini-queriamos-nos-conhecer\/\">Oliveira nega acerto, mas admite \u201cpequena reuni\u00e3o\u201d com Gresini: \u201cQuer\u00edamos nos conhecer\u201d<\/a><\/strong><br># <strong><a href=\"https:\/\/www.grandepremio.com\/br\/motogp\/noticias\/ducati-prolonga-avaliacao-adia-escolha-enea-bastianini-jorge-martin-2023\/\"><\/a><a href=\"https:\/\/www.grandepremio.com\/br\/equipe\/motogp\/2021\/ducati-lenovo-team\/\" target=\"_blank\" rel=\"noreferrer noopener\">Ducati<\/a><a href=\"https:\/\/www.grandepremio.com\/br\/motogp\/noticias\/ducati-prolonga-avaliacao-adia-escolha-enea-bastianini-jorge-martin-2023\/\" class=\"ek-link\"> prolonga avalia\u00e7\u00e3o e adia escolha entre Bastianini e Mart\u00edn para vaga de Miller em 2023<\/a><\/strong><\/p>\n\n\n\n<figure class=\"wp-block-embed is-type-video is-provider-youtube wp-block-embed-youtube wp-embed-aspect-16-9 wp-has-aspect-ratio\"><div class=\"wp-block-embed__wrapper\">\n<iframe loading=\"lazy\" title=\"PASSE LIVRE A NAKAGAMI MOSTRA INCOER\u00caNCIA E P\u00d5E EM XEQUE DIRE\u00c7\u00c3O DE PROVA DA MOTOGP\" width=\"500\" height=\"281\" src=\"https:\/\/www.youtube.com\/embed\/xJwp-qq_hJo?feature=oembed\" frameborder=\"0\" allow=\"accelerometer; autoplay; clipboard-write; encrypted-media; gyroscope; picture-in-picture; web-share\" referrerpolicy=\"strict-origin-when-cross-origin\" allowfullscreen><\/iframe>\n<\/div><figcaption>PASSE LIVRE A NAKAGAMI MOSTRA INCOER\u00caNCIA E P\u00d5E EM XEQUE DIRE\u00c7\u00c3O DE PROVA DA MOTOGP<\/figcaption><\/figure>\n","protected":false},"excerpt":{"rendered":"<p>Pit Beirer admitiu que errou ao for\u00e7ar a m\u00e3o e fazer valer uma cl\u00e1usula contratual que impediu o espanhol de acertar com a Yamaha e o fez saltar para a classe rainha com a Tech3. Dirigente considerou que foi errado colocar na RC16 algu\u00e9m que n\u00e3o acreditava no projeto<\/p>\n","protected":false},"author":0,"featured_media":1000572106,"comment_status":"closed","ping_status":"closed","sticky":false,"template":"","format":"standard","meta":{"42wp_featured_image_caption":"","42wp_featured_image_credits":"","42wp_featured_video":"","42wp_featured_image_hidden":false,"42wp_authors_list":[],"footnotes":""},"categories":[8],"tags":[983,24854,132,79,78,2997,30733,30728,30734,25819,28345,28766,26690,25818,3346],"42wp_author":[47113],"class_list":["post-111415","post","type-post","status-publish","format-standard","has-post-thumbnail","hentry","category-motogp","tag-alemanha","tag-classificacao-motogp-2","tag-ktm","tag-moto-gp","tag-motogp","tag-motogp-2022","tag-motogp-2022-calendario","tag-motogp-calendario-2022","tag-motogp-classificacao-2022","tag-motogp-hoje","tag-motogp-horarios","tag-motogp-standings","tag-pilotos-motogp","tag-raul-fernandez","tag-sachsenring","42wp_author-juliana-tesser"],"_links":{"self":[{"href":"https:\/\/grandepremio.com\/br\/wp-json\/wp\/v2\/posts\/111415","targetHints":{"allow":["GET"]}}],"collection":[{"href":"https:\/\/grandepremio.com\/br\/wp-json\/wp\/v2\/posts"}],"about":[{"href":"https:\/\/grandepremio.com\/br\/wp-json\/wp\/v2\/types\/post"}],"replies":[{"embeddable":true,"href":"https:\/\/grandepremio.com\/br\/wp-json\/wp\/v2\/comments?post=111415"}],"version-history":[{"count":0,"href":"https:\/\/grandepremio.com\/br\/wp-json\/wp\/v2\/posts\/111415\/revisions"}],"wp:featuredmedia":[{"embeddable":true,"href":"https:\/\/grandepremio.com\/br\/wp-json\/wp\/v2\/media\/1000572106"}],"wp:attachment":[{"href":"https:\/\/grandepremio.com\/br\/wp-json\/wp\/v2\/media?parent=111415"}],"wp:term":[{"taxonomy":"category","embeddable":true,"href":"https:\/\/grandepremio.com\/br\/wp-json\/wp\/v2\/categories?post=111415"},{"taxonomy":"post_tag","embeddable":true,"href":"https:\/\/grandepremio.com\/br\/wp-json\/wp\/v2\/tags?post=111415"},{"taxonomy":"42wp_author","embeddable":true,"href":"https:\/\/grandepremio.com\/br\/wp-json\/wp\/v2\/42wp_author?post=111415"}],"curies":[{"name":"wp","href":"https:\/\/api.w.org\/{rel}","templated":true}]}}