{"id":111431,"date":"2022-06-14T14:00:00","date_gmt":"2022-06-14T17:00:00","guid":{"rendered":"https:\/\/grandepremio.com\/br\/noticias\/gp-azerbaijao-deixou-desejar-pelo-historico-corridas-ve-evelyn-guimaraes\/"},"modified":"2022-06-14T12:07:46","modified_gmt":"2022-06-14T15:07:46","slug":"gp-azerbaijao-deixou-desejar-pelo-historico-corridas-ve-evelyn-guimaraes","status":"publish","type":"post","link":"https:\/\/grandepremio.com\/br\/f1\/gp-azerbaijao-deixou-desejar-pelo-historico-corridas-ve-evelyn-guimaraes\/","title":{"rendered":"GP do Azerbaij\u00e3o deixou a desejar pelo hist\u00f3rico das corridas, v\u00ea Evelyn Guimar\u00e3es"},"content":{"rendered":"\n<p class=\"wp-block-paragraph\">As corridas em Baku parecem seguir uma ordem bem definida: tem ano em que a prova \u00e9 legal, tem ano que n\u00e3o. Mas, pelo grande hist\u00f3rico de caos nas ruas do Azerbaij\u00e3o, esperava-se um GP \u00e0 altura. No entanto, para Evelyn Guimar\u00e3es, em discuss\u00e3o no Paddock GP #291, isso n\u00e3o aconteceu&#8230;<\/p>\n\n\n\n<p class=\"wp-block-paragraph\"><strong>Assista ao trecho completo abaixo:<\/strong><\/p>\n\n\n\n<figure class=\"wp-block-embed is-type-rich is-provider-incorporar-manipulador wp-block-embed-incorporar-manipulador wp-embed-aspect-16-9 wp-has-aspect-ratio\"><div class=\"wp-block-embed__wrapper\">\nhttps:\/\/www.youtube.com\/watch?v=Zfolo8TsGxg?t=1224\n<\/div><\/figure>\n\n\n\n<p class=\"wp-block-paragraph\"><strong>\u25b6\ufe0f&nbsp;Inscreva-se nos dois canais do GRANDE PR\u00caMIO no YouTube:&nbsp;<a href=\"https:\/\/www.youtube.com\/channel\/UC9OlHEgxoaY6QY6nWPoiqQg?sub_confirmation=1\" target=\"_blank\" rel=\"noreferrer noopener\">GP<\/a>&nbsp;|&nbsp;<a href=\"https:\/\/www.youtube.com\/channel\/UC9csiS6q_C3C0FYhyr1rnFA?sub_confirmation=1\" target=\"_blank\" rel=\"noreferrer noopener\">GP2<\/a><\/strong><\/p>\n","protected":false},"excerpt":{"rendered":"<p>Pelo hist\u00f3rico, o GP do Azerbaij\u00e3o poderia ter entregado mais. S\u00f3 que para Evelyn Guimar\u00e3es, a corrida de 2022 n\u00e3o foi t\u00e3o animadora assim&#8230;<\/p>\n","protected":false},"author":0,"featured_media":1000583867,"comment_status":"closed","ping_status":"closed","sticky":false,"template":"","format":"standard","meta":{"42wp_featured_image_caption":"","42wp_featured_image_credits":"","42wp_featured_video":"","42wp_featured_image_hidden":false,"42wp_authors_list":[],"footnotes":""},"categories":[2],"tags":[28198,2154,207,230,24976,24836,82,1537,29362,204,486],"42wp_author":[47139],"class_list":["post-111431","post","type-post","status-publish","format-standard","has-post-thumbnail","hentry","category-f1","tag-azerbaijao","tag-evelyn-guimaraes","tag-ferrari","tag-gabriel-curty","tag-gp-do-azerbaijao","tag-grande-premio-2","tag-mercedes","tag-paddock-gp","tag-programas-grande-premio-2","tag-red-bull","tag-victor-martins","42wp_author-ana-cerveira"],"_links":{"self":[{"href":"https:\/\/grandepremio.com\/br\/wp-json\/wp\/v2\/posts\/111431","targetHints":{"allow":["GET"]}}],"collection":[{"href":"https:\/\/grandepremio.com\/br\/wp-json\/wp\/v2\/posts"}],"about":[{"href":"https:\/\/grandepremio.com\/br\/wp-json\/wp\/v2\/types\/post"}],"replies":[{"embeddable":true,"href":"https:\/\/grandepremio.com\/br\/wp-json\/wp\/v2\/comments?post=111431"}],"version-history":[{"count":0,"href":"https:\/\/grandepremio.com\/br\/wp-json\/wp\/v2\/posts\/111431\/revisions"}],"wp:featuredmedia":[{"embeddable":true,"href":"https:\/\/grandepremio.com\/br\/wp-json\/wp\/v2\/media\/1000583867"}],"wp:attachment":[{"href":"https:\/\/grandepremio.com\/br\/wp-json\/wp\/v2\/media?parent=111431"}],"wp:term":[{"taxonomy":"category","embeddable":true,"href":"https:\/\/grandepremio.com\/br\/wp-json\/wp\/v2\/categories?post=111431"},{"taxonomy":"post_tag","embeddable":true,"href":"https:\/\/grandepremio.com\/br\/wp-json\/wp\/v2\/tags?post=111431"},{"taxonomy":"42wp_author","embeddable":true,"href":"https:\/\/grandepremio.com\/br\/wp-json\/wp\/v2\/42wp_author?post=111431"}],"curies":[{"name":"wp","href":"https:\/\/api.w.org\/{rel}","templated":true}]}}