{"id":111448,"date":"2022-06-13T16:23:48","date_gmt":"2022-06-13T19:23:48","guid":{"rendered":"https:\/\/grandepremio.com\/br\/noticias\/will-power-pede-suspensao-devlin-defrancesco-indy-seria-decisao-inteligente\/"},"modified":"2022-06-13T16:25:11","modified_gmt":"2022-06-13T19:25:11","slug":"will-power-pede-suspensao-devlin-defrancesco-indy-seria-decisao-inteligente","status":"publish","type":"post","link":"https:\/\/grandepremio.com\/br\/indy\/will-power-pede-suspensao-devlin-defrancesco-indy-seria-decisao-inteligente\/","title":{"rendered":"Power pede suspens\u00e3o de DeFrancesco da Indy: &#8220;Seria uma decis\u00e3o inteligente&#8221;"},"content":{"rendered":"\n<figure class=\"wp-block-video\"><video class=\"video-js vjs-big-play-centered\" data-gp-vjs=\"1\" controls src=\"https:\/\/www.grandepremio.com\/br\/wp-content\/uploads\/2022\/06\/The-championship-leader-Will-Power-and-Devlin-Defrancesco-collide-and-Power-tries-to-continue-minus-his-nose.-INDYCAR-@NBC-and-@Peacoc.mp4\"><\/video><figcaption>A batida de Devlin DeFrancesco em Will Power (V\u00eddeo: indyCar)<\/figcaption><\/figure>\n\n\n\n<p class=\"wp-block-paragraph\">Will Power chegou como l\u00edder da Indy em Road America ap\u00f3s vencer o GP de Detroit. Mas o final de semana do australiano n\u00e3o correu como o esperado. J\u00e1 na classifica\u00e7\u00e3o, o piloto da Penske n\u00e3o conseguiu acertar sua volta, e largou na 15\u00aa posi\u00e7\u00e3o. As coisas s\u00f3 pioraram na corrida, quando Devlin DeFrancesco acertou sua traseira em cheio e o joogu no muro na curva 5.<\/p>\n\n\n\n<p class=\"wp-block-paragraph\">Power ficou sem asa dianteira, mas conseguiu prosseguir na prova. O incidente, contudo, o tirou do s\u00e9rio. No r\u00e1dio, <a href=\"https:\/\/www.grandepremio.com\/br\/indy\/noticias\/will-power-recebe-pancada-devlin-defrancesco-ameaca-espere-ate-eu-encontra-lo\/\" class=\"ek-link\">o campe\u00e3o da Indy em 2014 amea\u00e7ou o canadense: &#8220;espere at\u00e9 eu encontr\u00e1-lo&#8221;<\/a>. No final da corrida, o esperado encontro aconteceu. O australiano n\u00e3o conseguiu ultrapassar DeFrancesco antes na bandeirada, mas assim que a prova terminou, jogou seu carro em cima da Andretti do canadense.<\/p>\n\n\n\n<p class=\"wp-block-paragraph\">Will terminou a corrida na 19\u00aa coloca\u00e7\u00e3o. Logo ap\u00f3s a corrida, ele parou para conversar com o americano Kyle Kirkwood, da Foyt, que tamb\u00e9m reclamou de Devlin, seu futuro companheiro de equipe na Andretti. O australiano pediu ent\u00e3o uma puni\u00e7\u00e3o severa e acredita que um tempo fora das pistas seria bom para o novato.<\/p>\n\n\n\n<p class=\"wp-block-paragraph\"><strong>\u25b6\ufe0f\u00a0Inscreva-se nos dois canais do GRANDE PR\u00caMIO no YouTube:\u00a0<a href=\"https:\/\/www.youtube.com\/channel\/UC9OlHEgxoaY6QY6nWPoiqQg?sub_confirmation=1\" target=\"_blank\" rel=\"noreferrer noopener\">GP<\/a>\u00a0|\u00a0<a href=\"https:\/\/www.youtube.com\/channel\/UC9csiS6q_C3C0FYhyr1rnFA?sub_confirmation=1\" target=\"_blank\" rel=\"noreferrer noopener\">GP2<\/a><\/strong><\/p>\n\n\n\n<figure class=\"wp-block-image size-full\"><img decoding=\"async\" src=\"https:\/\/www.grandepremio.com\/br\/wp-content\/uploads\/2022\/06\/Power-tocado.jpg\" alt=\"\" class=\"wp-image-584087\"\/><figcaption>Devlin DeFrancesco jogou Will Power no muro (Foto: Reprodu\u00e7\u00e3o IndyCar)<\/figcaption><\/figure>\n\n\n\n<p class=\"wp-block-paragraph\">\u201cAcho que eles deveriam suspend\u00ea-lo por um tempo. Acho que seria uma decis\u00e3o inteligente e o faria pensar sobre isso, porque ele n\u00e3o fez isso apenas comigo. [Kyle] Kirkwood veio depois da corrida falar comigo e disse: &#8216;O DeFrancesco tamb\u00e9m te jogou para fora?&#8217; Ent\u00e3o ele claramente est\u00e1 fazendo isso com muitas pessoas\u201d, esbravejou Power.<\/p>\n\n\n\n<p class=\"wp-block-paragraph\">DeFrancesco recebeu uma puni\u00e7\u00e3o de &#8216;stop and go&#8217; pelo incidente. O novato deu sua vis\u00e3o do ocorrido, e disse que vinha fazendo uma prova perfeita at\u00e9 ter a porta fechada pelo australiano, mas que aceitava a puni\u00e7\u00e3o recebida.<\/p>\n\n\n\n<p class=\"wp-block-paragraph\">&#8220;Est\u00e1vamos fazendo uma corrida perfeita. Tivemos uma grande largada e t\u00ednhamos um grande carro. N\u00f3s est\u00e1vamos, eu acho, em 14\u00ba depois de largar em 21\u00ba. Est\u00e1vamos escalando o pelot\u00e3o. No incidente com o Will Power, eu tive uma \u00f3tima oportunidade na curva 1, ent\u00e3o ele me empurrou para fora da pista na curva 3, e a\u00ed na curva 5 ele se mexeu para dentro&#8221;, explicou o canadense. <\/p>\n\n\n\n<p class=\"wp-block-paragraph\"><strong>LEIA MAIS<\/strong><br><strong>+<a href=\"https:\/\/www.grandepremio.com\/br\/indy\/noticias\/josef-newgarden-se-declara-apos-vitoria-road-america-eu-amo-indy\/\">Newgarden se declara ap\u00f3s vit\u00f3ria em Road America: \u201cEu amo a\u00a0<\/a><a href=\"https:\/\/www.grandepremio.com\/formula-indy\/\" target=\"_blank\" rel=\"noreferrer noopener\"><\/a><a href=\"https:\/\/www.grandepremio.com\/formula-indy\/\" target=\"_blank\" rel=\"noreferrer noopener\"><\/a><a href=\"https:\/\/www.grandepremio.com\/formula-indy\/\" target=\"_blank\" rel=\"noreferrer noopener\"><\/a><a href=\"https:\/\/www.grandepremio.com\/formula-indy\/\" target=\"_blank\" rel=\"noreferrer noopener\">Indy<\/a>\u201d<\/strong><br><strong>+<a href=\"https:\/\/www.grandepremio.com\/br\/indy\/noticias\/marcus-ericsson-desculpas-toque-palou-mas-ressalta-foi-uma-boa-manobra\/\">Ericsson pede desculpas por toque em Palou, mas ressalta: \u201cFoi uma boa manobra\u201d<\/a><\/strong><br><strong>+<a href=\"https:\/\/www.grandepremio.com\/br\/indy\/noticias\/helio-castroneves-lamenta-exagero-agressividade-apos-22o-lugar-road-america\/\">Castroneves lamenta exagero de agressividade ap\u00f3s 22\u00ba lugar em Road America<\/a><\/strong><\/p>\n\n\n\n<figure class=\"wp-block-image size-large\"><img decoding=\"async\" src=\"https:\/\/www.grandepremio.com\/br\/wp-content\/uploads\/2022\/06\/Devlin-DeFrancesco-Sonsio-Grand-Prix-at-Road-America-By_-Joe-Skibinski_m62019-1024x683.jpg\" alt=\"\" class=\"wp-image-583450\"\/><figcaption>DeFrancesco irritou rivais em Road America (Foto: IndyCar)<\/figcaption><\/figure>\n\n\n\n<p class=\"wp-block-paragraph\">&#8220;Fui ent\u00e3o para o lado de fora, porque vi ele voltando, mas fui mergulhar por dentro e acabamos batendo, e depois fomos punidos. A Indy tomou sua decis\u00e3o e \u00e9 assim que funciona&#8221;, concluiu DeFrancesco.<\/p>\n\n\n\n<p class=\"wp-block-paragraph\">Com o resultado, <a href=\"https:\/\/www.grandepremio.com\/br\/indy\/noticias\/marcus-ericsson-retoma-lideranca-indy-podio-road-america-confira-classificacao\/\" class=\"ek-link\">Power perdeu a lideran\u00e7a da Indy para o sueco Marcus Ericsson<\/a>, que terminou o GP de Elkhart Lake em segundo, atr\u00e1s de Josef Newgarden. A categoria retorna no dia 3 de julho, para o GP de Mid-Ohio.<\/p>\n\n\n\n<figure class=\"wp-block-embed is-type-video is-provider-youtube wp-block-embed-youtube wp-embed-aspect-16-9 wp-has-aspect-ratio\"><div class=\"wp-block-embed__wrapper\">\n<iframe loading=\"lazy\" title=\"POR QUE POWER \u00c9 CANDIDATO REAL AO T\u00cdTULO DA INDY EM 2022?\" width=\"500\" height=\"281\" src=\"https:\/\/www.youtube.com\/embed\/VAS5JEHmdYk?feature=oembed\" frameborder=\"0\" allow=\"accelerometer; autoplay; clipboard-write; encrypted-media; gyroscope; picture-in-picture; web-share\" referrerpolicy=\"strict-origin-when-cross-origin\" allowfullscreen><\/iframe>\n<\/div><figcaption>POR QUE POWER \u00c9 CANDIDATO REAL AO T\u00cdTULO DA INDY EM 2022?<\/figcaption><\/figure>\n","protected":false},"excerpt":{"rendered":"<p>Will Power pediu medidas severas da Indy para punir Devlin DeFrancesco depois de o canadense o jogar no muro em Road America e tamb\u00e9m irritar o futuro companheiro de equipe, Kyle Kirkwood<\/p>\n","protected":false},"author":0,"featured_media":1000584517,"comment_status":"closed","ping_status":"closed","sticky":false,"template":"","format":"standard","meta":{"42wp_featured_image_caption":"","42wp_featured_image_credits":"","42wp_featured_video":"","42wp_featured_image_hidden":false,"42wp_authors_list":[],"footnotes":""},"categories":[3],"tags":[417,566,6190,619,29062,25222,93,2209,94,791,265,3838,3133],"42wp_author":[47144],"class_list":["post-111448","post","type-post","status-publish","format-standard","has-post-thumbnail","hentry","category-indy","tag-andretti","tag-batida","tag-devlin-defrancesco","tag-formula-indy","tag-formula-indy-2022","tag-gp-de-elkhart-lake","tag-indy","tag-indy-2022","tag-indycar","tag-kyle-kirkwood","tag-penske","tag-road-america","tag-will-power","42wp_author-andre-netto"],"_links":{"self":[{"href":"https:\/\/grandepremio.com\/br\/wp-json\/wp\/v2\/posts\/111448","targetHints":{"allow":["GET"]}}],"collection":[{"href":"https:\/\/grandepremio.com\/br\/wp-json\/wp\/v2\/posts"}],"about":[{"href":"https:\/\/grandepremio.com\/br\/wp-json\/wp\/v2\/types\/post"}],"replies":[{"embeddable":true,"href":"https:\/\/grandepremio.com\/br\/wp-json\/wp\/v2\/comments?post=111448"}],"version-history":[{"count":0,"href":"https:\/\/grandepremio.com\/br\/wp-json\/wp\/v2\/posts\/111448\/revisions"}],"wp:featuredmedia":[{"embeddable":true,"href":"https:\/\/grandepremio.com\/br\/wp-json\/wp\/v2\/media\/1000584517"}],"wp:attachment":[{"href":"https:\/\/grandepremio.com\/br\/wp-json\/wp\/v2\/media?parent=111448"}],"wp:term":[{"taxonomy":"category","embeddable":true,"href":"https:\/\/grandepremio.com\/br\/wp-json\/wp\/v2\/categories?post=111448"},{"taxonomy":"post_tag","embeddable":true,"href":"https:\/\/grandepremio.com\/br\/wp-json\/wp\/v2\/tags?post=111448"},{"taxonomy":"42wp_author","embeddable":true,"href":"https:\/\/grandepremio.com\/br\/wp-json\/wp\/v2\/42wp_author?post=111448"}],"curies":[{"name":"wp","href":"https:\/\/api.w.org\/{rel}","templated":true}]}}