{"id":111513,"date":"2022-06-11T16:45:00","date_gmt":"2022-06-11T19:45:00","guid":{"rendered":"https:\/\/grandepremio.com\/br\/noticias\/ferrari-surpreende-e-abre-chance-para-troco-na-red-bull-no-gp-do-azerbaijao-de-formula-1\/"},"modified":"2022-06-11T17:43:15","modified_gmt":"2022-06-11T20:43:15","slug":"ferrari-surpreende-e-abre-chance-para-troco-na-red-bull-no-gp-do-azerbaijao-de-formula-1","status":"publish","type":"post","link":"https:\/\/grandepremio.com\/br\/f1\/ferrari-surpreende-e-abre-chance-para-troco-na-red-bull-no-gp-do-azerbaijao-de-formula-1\/","title":{"rendered":"Ferrari surpreende e abre chance para troco na Red Bull no GP do Azerbaij\u00e3o de F\u00f3rmula 1"},"content":{"rendered":"\n<p class=\"wp-block-paragraph\">N\u00e3o h\u00e1 muito como contestar: Charles Leclerc est\u00e1 entre os maiores classificadores da hist\u00f3ria da F\u00f3rmula 1. <a href=\"https:\/\/www.grandepremio.com\/br\/f1\/noticias\/charles-leclerc-volta-brilhar-sabados-conquista-pole-azerbaijao-formula-1\/\" class=\"ek-link\">Com o carro na m\u00e3o, o monegasco deslizou como quis pelas ruas de Baku, driblando os muros e as esquinas, para cravar uma das poles mais espetaculares da carreira<\/a>. \u00c9 a sexta posi\u00e7\u00e3o de honra em oito etapas \u2013 a quarta consecutiva em 2022. Mas se engana quem pensa que a performance veio apenas em cima de uma asa traseira menos carregada da Ferrari. A verdade \u00e9 que Leclerc voou no setor intermedi\u00e1rio, e isso lhe deu tempo sobra para superar a Red Bull e assegurar a primeira fila. A partir de agora, os italianos t\u00eam como pensar o GP do Azerbaij\u00e3o como uma nova oportunidade para tentar dar o troco na rival.<\/p>\n\n\n\n<p class=\"wp-block-paragraph\">O cen\u00e1rio na capital azeri apresentou uma Ferrari mais precavida. Sabe-se bem que a F1-75 tem nas curvas seu ponto mais forte, especialmente os trechos de m\u00e9dia e baixa velocidade. A efici\u00eancia aerodin\u00e2mica \u00e9 not\u00e1vel nesse ponto. A atualiza\u00e7\u00e3o feita na Espanha agora tamb\u00e9m ajuda em um melhor gerenciamento de pneus. Mas foi a velocidade em reta que chamou a aten\u00e7\u00e3o. N\u00e3o \u00e9 que o carro vermelho tenha a mesma performance do RB18, mas a asa traseira revisada foi de enorme aux\u00edlio, embora ainda n\u00e3o determinante. O caso \u00e9 que os italianos foram capazes de equilibrar as for\u00e7as, entre downforce e efici\u00eancia em linha reta \u2013 ao mesmo tempo que o carro ganhou velocidade, n\u00e3o perdeu ritmo em curvas. O conjunto disso tudo fez com que Charles e tamb\u00e9m Carlos Sainz surgissem \u00e0 frente.<\/p>\n\n\n\n<p class=\"wp-block-paragraph\">\u00c9 claro que h\u00e1 um elemento pessoal em tudo. Quer dizer, a performance \u00fanica de cada um e, nesse quesito, o monegasco foi de novo superior. Sainz at\u00e9 ensaiou a disputa, mas se deixou levar por pequenos erros ainda no come\u00e7o da tentativa derradeira. O quarto lugar \u00e9 um posto amargo para o espanhol, que tinha condi\u00e7\u00e3o de ir muito al\u00e9m.<\/p>\n\n\n\n<p class=\"wp-block-paragraph\"><strong>\u25b6\ufe0f&nbsp;Inscreva-se nos dois canais do GRANDE PR\u00caMIO no YouTube:&nbsp;<a href=\"https:\/\/www.youtube.com\/channel\/UC9OlHEgxoaY6QY6nWPoiqQg?sub_confirmation=1\" target=\"_blank\" rel=\"noreferrer noopener\">GP<\/a>&nbsp;|&nbsp;<a href=\"https:\/\/www.youtube.com\/channel\/UC9csiS6q_C3C0FYhyr1rnFA?sub_confirmation=1\" target=\"_blank\" rel=\"noreferrer noopener\">GP2<\/a><\/strong><br><strong>\u25b6\ufe0f&nbsp;<a href=\"https:\/\/www.twitch.tv\/grandepremio\" target=\"_blank\" rel=\"noreferrer noopener\">Conhe\u00e7a o canal do GRANDE PR\u00caMIO na Twitch clicando aqui!<\/a><\/strong><\/p>\n\n\n\n<figure class=\"wp-block-embed is-type-video is-provider-youtube wp-block-embed-youtube wp-embed-aspect-16-9 wp-has-aspect-ratio\"><div class=\"wp-block-embed__wrapper\">\n<iframe loading=\"lazy\" title=\"F\u00d3RMULA 1 2022 AO VIVO: LECLERC CRAVA POLE NO AZERBAIJ\u00c3O. VERSTAPPEN \u00c9 3\u00ba | Briefing\" width=\"500\" height=\"281\" src=\"https:\/\/www.youtube.com\/embed\/eapIDZKxLOQ?feature=oembed\" frameborder=\"0\" allow=\"accelerometer; autoplay; clipboard-write; encrypted-media; gyroscope; picture-in-picture; web-share\" referrerpolicy=\"strict-origin-when-cross-origin\" allowfullscreen><\/iframe>\n<\/div><\/figure>\n\n\n\n<p class=\"wp-block-paragraph\">Do outro lado, est\u00e1 Charles. O giro final foi magistral, dominando todas as parciais da pista e tendo o segundo setor \u2013 o trecho mais seletivo \u2013 como ponto alto. Foi ali que Leclerc assegurou a pole, quando imp\u00f4s quase 0s4 para os advers\u00e1rios. Tudo isso sem v\u00e1cuo, diga-se. &#8220;Foi uma classifica\u00e7\u00e3o muito disputada. Estamos nos acostumando com Charles fazendo uma volta incr\u00edvel no Q3 e, hoje, em sua \u00faltima tentativa, vimos mais uma vez como ele sempre consegue algo extra de si mesmo e do carro&#8221;, afirmou o diretor-t\u00e9cnico da Ferrari, Laurent Mekies.<\/p>\n\n\n\n<p class=\"wp-block-paragraph\">Ainda existe uma diferen\u00e7a significativa em velocidade final na compara\u00e7\u00e3o com os taurinos, mas a Ferrari parece ter agora como lidar em ritmo de corrida. Isso porque, em uma pista em que a classifica\u00e7\u00e3o n\u00e3o \u00e9 determinante, o desempenho em stints longs ser\u00e1 fundamental. E o calor pode ajudar os ferraristas, que agora desgastam menos os pneus. &#8220;Estamos agora nos preparando para a prova, junto com nossos colegas em Maranello. Sabemos que, em termos de corrida, nossos rivais mais pr\u00f3ximos s\u00e3o mais r\u00e1pidos do que na classifica\u00e7\u00e3o e talvez tenham vantagem sobre n\u00f3s quando se trata de velocidade em linha reta&#8221;, reconheceu o engenheiro ferrarista.<\/p>\n\n\n\n<p class=\"wp-block-paragraph\">&#8220;No entanto, dado o que vimos at\u00e9 agora neste fim de semana, acho que o menor detalhe pode fazer a diferen\u00e7a na corrida, com muitos fatores em jogo. O primeiro deles \u00e9 o gerenciamento de pneus e, como podemos esperar condi\u00e7\u00f5es muito quentes, o ritmo de corrida ser\u00e1 fundamental&#8221;, completou.<\/p>\n\n\n\n<p class=\"wp-block-paragraph\"><strong>LEIA TAMB\u00c9M<br><a href=\"https:\/\/www.grandepremio.com\/br\/f1\/noticias\/charles-leclerc-ferrari-extremamente-feliz-pole-position-baku-essa-eu-nao-esperava\/\" class=\"ek-link\">+Leclerc se diz extremamente feliz por pole e admite: &#8216;N\u00e3o esperava&#8217;<\/a><br><a href=\"https:\/\/www.grandepremio.com\/br\/f1\/noticias\/sergio-perez-lamenta-batida-parede-q3-tirou-chance-pole-baku\/\" class=\"ek-link\">+P\u00e9rez lamenta &#8216;batida na parede&#8217; que tirou chance de pole-position<\/a><br><a href=\"https:\/\/www.grandepremio.com\/br\/f1\/noticias\/max-verstappen-admite-erros-ultima-tentativa-ve-boa-oportunidade-baku\/\" class=\"ek-link\">+Verstappen admite erro na \u00faltima volta, mas v\u00ea &#8216;boa oportunidade&#8217;<\/a><br><a href=\"https:\/\/www.grandepremio.com\/br\/f1\/noticias\/carlos-sainz-quarto-lugar-baku-progresso-senti-estava-briga-pole-position\/\" class=\"ek-link\">+Sainz lamenta 4\u00ba no grid, mas exalta progresso: &#8216;Estava na disputa&#8217;<\/a><\/strong><\/p>\n\n\n\n<p class=\"wp-block-paragraph\">E \u00e9 um dos pontos fortes da Ferrari. Como em M\u00f4naco, a equipe italiana mostrou que possui um desempenho consistente com pneus m\u00e9dios e maior carga de combust\u00edvel. &#8220;Em Barcelona e em M\u00f4naco n\u00f3s administramos bem [os compostos], embora em M\u00f4naco fosse dif\u00edcil enxergar alguma coisa. Mas, no geral, nosso ritmo de corrida aumentou desde que trouxemos atualiza\u00e7\u00f5es. Amanh\u00e3 vai ser interessante se isso se repetir aqui tamb\u00e9m&#8221;, explicou Charles.<\/p>\n\n\n\n<p class=\"wp-block-paragraph\">Certamente, os italianos devem jogar tamb\u00e9m com Sainz na segunda fila. &#8220;Em todas as pistas, \u00e9 importante sempre poder contar com os dois pilotos na frente e aqui podemos esperar uma corrida muito t\u00e1tica, ent\u00e3o ter Carlos pr\u00f3ximo aos carros da Red Bull significa que podemos enfrent\u00e1-los em igualdade de condi\u00e7\u00f5es&#8221;, lembrou Mekies.<\/p>\n\n\n\n<p class=\"wp-block-paragraph\">Da mesma maneira que a Ferrari, a Red Bull tamb\u00e9m aposta no ritmo de corrida e na maior velocidade final para inverter as posi\u00e7\u00f5es neste domingo. E est\u00e1 certa. Embora n\u00e3o esteja completamente claro o quanto o desempenho taurino se aproxima dos vermelhos, a quest\u00e3o da performance em reta \u00e9 indiscut\u00edvel. &#8220;Tomara que a gente consiga dificultar a vida deles (Ferrari) amanh\u00e3. Com uma reta t\u00e3o longa como essa, o efeito do DRS \u00e9 muito potente \u2013 mas voc\u00ea precisa estar perto o suficiente para utiliz\u00e1-lo no segundo setor. Ent\u00e3o, ser\u00e1 tudo sobre levar a luta a eles. Converter a largada&#8221;, pregou Christian Horner, o chefe da Red Bull.<\/p>\n\n\n\n<p class=\"wp-block-paragraph\">&#8220;Pensei, antes de classifica\u00e7\u00e3o, que seria uma disputa muito acirrada e que a Ferrari tinha a vantagem no ritmo de uma volta, mas mostramos at\u00e9 aqui que, aos domingos, temos um carro bom e competitivo \u2013 em uma pista que permite ultrapassagens&#8221;, analisou Horner.<\/p>\n\n\n\n<figure class=\"wp-block-image size-large\"><img decoding=\"async\" src=\"https:\/\/www.grandepremio.com\/br\/wp-content\/uploads\/2022\/06\/redbull-sergioperez-01-3-1024x683.jpg\" alt=\"\" class=\"wp-image-583255\"\/><figcaption>Sergio P\u00e9rez pode ser um fator determinante na Red Bull (Foto: Red Bull Content Pool)<\/figcaption><\/figure>\n\n\n\n<p class=\"wp-block-paragraph\">S\u00f3 que os energ\u00e9ticos tamb\u00e9m t\u00eam suas querelas a resolver. Sergio P\u00e9rez deu continuidade ao melhor momento da carreira e cravou uma importante segunda posi\u00e7\u00e3o no grid, \u00e0 frente de Max Verstappen. O mexicano usou toda a pot\u00eancia do RB18 para assegurar o resultado que poderia ter sido melhor at\u00e9. O caso \u00e9 que P\u00e9rez enfrentou um problema de motor pouco antes da tentativa final e acabou perdendo um minuto, o que o fez tamb\u00e9m perder a chance de um v\u00e1cuo. Da\u00ed a reclama\u00e7\u00e3o no r\u00e1dio ap\u00f3s o fim do Q3.<\/p>\n\n\n\n<p class=\"wp-block-paragraph\">P\u00e9rez vem de vit\u00f3ria e acabou de ter o contrato renovado. Ser\u00e1 interessante entender como a Red Bull vai lidar com isso em um momento do campeonato em que Verstappen n\u00e3o parece t\u00e3o confort\u00e1vel assim com o carro. &#8220;N\u00e3o \u00e9 como eu gostaria, mas a equipe estar em segundo e terceiro d\u00e1 uma boa oportunidade para amanh\u00e3. Falta alguma coisa para gente em ritmo de voltas lan\u00e7adas, isso est\u00e1 claro. Normalmente em stints mais longos o carro \u00e9 bom, e aqui deve ser o mesmo&#8221;, afirmou o campe\u00e3o do mundo.<\/p>\n\n\n\n<p class=\"wp-block-paragraph\">A quest\u00e3o toda aqui \u00e9 que a Ferrari parece menos vulner\u00e1vel do que em outras pistas nessa configura\u00e7\u00e3o, mas a Red Bull tem suas armas. O GP do Azerbaij\u00e3o, em tese, caminha para ter apenas uma parada, sendo m\u00e9dios-duros o esquema principal. Mas essa tamb\u00e9m \u00e9 uma corrida de armadilhas \u2013 seja por safety-car, seja por caos natural. Ent\u00e3o, todo cuidado \u00e9 pouco.<\/p>\n\n\n\n<p class=\"wp-block-paragraph\">O&nbsp;<strong>GRANDE PR\u00caMIO<\/strong>&nbsp;acompanha todas as atividades da&nbsp;<a href=\"https:\/\/www.grandepremio.com\/formula-1\/\" target=\"_blank\" rel=\"noreferrer noopener\">F\u00f3rmula 1<\/a><a href=\"https:\/\/www.grandepremio.com\/br\/f1\/ao-vivo\"><strong>AO VIVO<\/strong>&nbsp;e&nbsp;<strong>EM&nbsp;<\/strong><\/a><strong><a href=\"https:\/\/www.grandepremio.com\/br\/ao-vivo\/\" target=\"_blank\" rel=\"noreferrer noopener\">TEMPO REAL<\/a><\/strong>. No domingo, a programa\u00e7\u00e3o indica largada \u00e0s 8h [de Bras\u00edlia, GMT-3].<\/p>\n\n\n\n<figure class=\"wp-block-embed is-type-rich is-provider-spotify wp-block-embed-spotify wp-embed-aspect-21-9 wp-has-aspect-ratio\"><div class=\"wp-block-embed__wrapper\">\n<iframe title=\"Spotify Embed: Paddockast #151 | P\u00e9rez fica! E Ricciardo? Gasly vai? O mercado de pilotos da F1 2023\" style=\"border-radius: 12px\" width=\"100%\" height=\"152\" frameborder=\"0\" allowfullscreen allow=\"autoplay; clipboard-write; encrypted-media; fullscreen; picture-in-picture\" loading=\"lazy\" src=\"https:\/\/open.spotify.com\/embed\/episode\/5FwNQcvWGajgA0ECRUKCC0?si=RuCLuEcaQo6bZzcittFdfw&amp;utm_source=oembed\"><\/iframe>\n<\/div><\/figure>\n","protected":false},"excerpt":{"rendered":"<p>Melhor piloto de classifica\u00e7\u00e3o do grid, Charles Leclerc fez uma volta magistral no fim do Q3 para conquistar a quarta pole consecutiva em 2022. A performance foi ajudada por um segundo setor estrondoso que deixou a Red Bull sem a\u00e7\u00e3o, mesmo com a maior velocidade de reta. Para a corrida, os ferraristas parecem ter encontrado um acerto ideal para tentar frear os rivais e virar o jogo<\/p>\n","protected":false},"author":0,"featured_media":1000583383,"comment_status":"closed","ping_status":"closed","sticky":false,"template":"","format":"standard","meta":{"42wp_featured_image_caption":"","42wp_featured_image_credits":"","42wp_featured_video":"","42wp_featured_image_hidden":false,"42wp_authors_list":[],"footnotes":""},"categories":[2],"tags":[1566,4371,1280,1553,25066,546,209,969,2154,1357,160,29651,207,24837,31064,24976,915,2306,25081,203,25086,510,1214,2785,2636,2632,204,30309,17143,2036,2773,24833],"42wp_author":[47115],"class_list":["post-111513","post","type-post","status-publish","format-standard","has-post-thumbnail","hentry","category-f1","tag-ao-vivo","tag-baku","tag-band","tag-bandsports","tag-calendario-da-f1","tag-carlos-sainz","tag-charles-leclerc","tag-corrida","tag-evelyn-guimaraes","tag-f1-2022","tag-f1-tv","tag-f2-2022","tag-ferrari","tag-formula-1-2","tag-formula-1-2022-3","tag-gp-do-azerbaijao","tag-grid","tag-grid-de-largada","tag-horarios-da-f1-2","tag-max-verstappen","tag-podio-2","tag-pole","tag-pole-position","tag-q1","tag-q2","tag-q3","tag-red-bull","tag-sergio-perez-4","tag-tempo-real","tag-treinos-livres","tag-vencedor","tag-vitoria-2","42wp_author-evelyn-guimaraes"],"_links":{"self":[{"href":"https:\/\/grandepremio.com\/br\/wp-json\/wp\/v2\/posts\/111513","targetHints":{"allow":["GET"]}}],"collection":[{"href":"https:\/\/grandepremio.com\/br\/wp-json\/wp\/v2\/posts"}],"about":[{"href":"https:\/\/grandepremio.com\/br\/wp-json\/wp\/v2\/types\/post"}],"replies":[{"embeddable":true,"href":"https:\/\/grandepremio.com\/br\/wp-json\/wp\/v2\/comments?post=111513"}],"version-history":[{"count":0,"href":"https:\/\/grandepremio.com\/br\/wp-json\/wp\/v2\/posts\/111513\/revisions"}],"wp:featuredmedia":[{"embeddable":true,"href":"https:\/\/grandepremio.com\/br\/wp-json\/wp\/v2\/media\/1000583383"}],"wp:attachment":[{"href":"https:\/\/grandepremio.com\/br\/wp-json\/wp\/v2\/media?parent=111513"}],"wp:term":[{"taxonomy":"category","embeddable":true,"href":"https:\/\/grandepremio.com\/br\/wp-json\/wp\/v2\/categories?post=111513"},{"taxonomy":"post_tag","embeddable":true,"href":"https:\/\/grandepremio.com\/br\/wp-json\/wp\/v2\/tags?post=111513"},{"taxonomy":"42wp_author","embeddable":true,"href":"https:\/\/grandepremio.com\/br\/wp-json\/wp\/v2\/42wp_author?post=111513"}],"curies":[{"name":"wp","href":"https:\/\/api.w.org\/{rel}","templated":true}]}}