{"id":111562,"date":"2022-06-10T10:42:14","date_gmt":"2022-06-10T13:42:14","guid":{"rendered":"https:\/\/grandepremio.com\/br\/noticias\/formula-1-proibe-nico-rosberg-frequentar-paddock-falta-vacinacao-contra-covid-19\/"},"modified":"2022-06-10T10:44:14","modified_gmt":"2022-06-10T13:44:14","slug":"formula-1-proibe-nico-rosberg-frequentar-paddock-falta-vacinacao-contra-covid-19","status":"publish","type":"post","link":"https:\/\/grandepremio.com\/br\/f1\/formula-1-proibe-nico-rosberg-frequentar-paddock-falta-vacinacao-contra-covid-19\/","title":{"rendered":"F1 pro\u00edbe Rosberg de frequentar paddock por falta de vacina\u00e7\u00e3o contra Covid-19"},"content":{"rendered":"\n<figure class=\"wp-block-embed is-type-video is-provider-youtube wp-block-embed-youtube wp-embed-aspect-16-9 wp-has-aspect-ratio\"><div class=\"wp-block-embed__wrapper\">\n<iframe loading=\"lazy\" title=\"F1 2022: FERRARI JOGA A TOALHA? VETTEL NECESS\u00c1RIO E BRAD PITT EM FILME DE HAMILTON | WGP\" width=\"500\" height=\"281\" src=\"https:\/\/www.youtube.com\/embed\/GmKYkdCR2PY?feature=oembed\" frameborder=\"0\" allow=\"accelerometer; autoplay; clipboard-write; encrypted-media; gyroscope; picture-in-picture; web-share\" referrerpolicy=\"strict-origin-when-cross-origin\" allowfullscreen><\/iframe>\n<\/div><figcaption>F1 2022: FERRARI JOGA A TOALHA? VETTEL NECESS\u00c1RIO E BRAD PITT EM FILME DE HAMILTON | WGP<\/figcaption><\/figure>\n\n\n\n<p class=\"wp-block-paragraph\">Campe\u00e3o em 2016 e atualmente comentarista da emissora brit\u00e2nica <em>Sky Sports<\/em>, Nico Rosberg foi banido do paddock da F\u00f3rmula 1. A decis\u00e3o partiu da pr\u00f3pria administra\u00e7\u00e3o da categoria, j\u00e1 que o ex-piloto optou por n\u00e3o se vacinar contra o coronav\u00edrus.<\/p>\n\n\n\n<p class=\"wp-block-paragraph\">Para a temporada de 2022, todos que frequentam o paddock da maior categoria de automobilismo do mundo devem estar com a vacina\u00e7\u00e3o em dia. Isso inclui n\u00e3o s\u00f3 pilotos e funcion\u00e1rios, como tamb\u00e9m imprensa, trabalhadores locais e eventuais convidados.<\/p>\n\n\n\n<p class=\"wp-block-paragraph\"><strong>LEIA TAMB\u00c9M<br>+ <a href=\"https:\/\/www.grandepremio.com\/br\/f1\/noticias\/sebastian-vettel-presidente-fia-mohammed-ben-sulayem-temas-sociais-maiores-f1\/\" class=\"ek-link\">Vettel responde presidente da FIA e diz que temas sociais \u201cs\u00e3o maiores que F1\u201d<\/a><\/strong><\/p>\n\n\n\n<p class=\"wp-block-paragraph\">\u00c9 por conta de tal determina\u00e7\u00e3o da F\u00f3rmula 1 que Rosberg, mesmo com um passe livre ao paddock concedido por conta do t\u00edtulo de 2016, est\u00e1 banido. O ex-piloto justificou a postura negacionista a <em>Sport1.<\/em><\/p>\n\n\n\n<figure class=\"wp-block-image size-full\"><img decoding=\"async\" src=\"https:\/\/www.grandepremio.com\/br\/wp-content\/uploads\/2013\/12\/201711261042869_000_UM133_DMa.jpg\" alt=\"\" class=\"wp-image-339182\"\/><figcaption>F1 bane Rosberg do paddock (Foto: Mercedes)<\/figcaption><\/figure>\n\n\n\n<p class=\"wp-block-paragraph\">&#8220;Me recuperei bem da Covid e, portanto, tenho anticorpos fortes. Tamb\u00e9m testo meus anticorpos regularmente. Sob essas circunst\u00e2ncias, meu m\u00e9dico me recomendou que a vacina\u00e7\u00e3o n\u00e3o faria, absolutamente, nenhum sentido&#8221;, disse o alem\u00e3o.<\/p>\n\n\n\n<p class=\"wp-block-paragraph\">Pela <em>Sky Sports<\/em>, Rosberg participou da cobertura do GP da Em\u00edlia-Romanha diretamente de casa, e n\u00e3o presencialmente no circuito de \u00cdmola. Em M\u00f4naco, o ex-piloto se fez presente de seu apartamento &#8211; ao inv\u00e9s de se juntar \u00e0 emissora brit\u00e2nica no paddock.<\/p>\n\n\n\n<p class=\"wp-block-paragraph\"><strong>\u25b6\ufe0f\u00a0Inscreva-se nos dois canais do GRANDE PR\u00caMIO no YouTube:\u00a0<a href=\"https:\/\/www.youtube.com\/channel\/UC9OlHEgxoaY6QY6nWPoiqQg?sub_confirmation=1\" target=\"_blank\" rel=\"noreferrer noopener\">GP<\/a>\u00a0|\u00a0<a href=\"https:\/\/www.youtube.com\/channel\/UC9csiS6q_C3C0FYhyr1rnFA?sub_confirmation=1\" target=\"_blank\" rel=\"noreferrer noopener\">GP2<\/a><\/strong><\/p>\n\n\n\n<figure class=\"wp-block-embed is-type-rich is-provider-spotify wp-block-embed-spotify wp-embed-aspect-21-9 wp-has-aspect-ratio\"><div class=\"wp-block-embed__wrapper\">\n<iframe title=\"Spotify Embed: Paddockast #151 | P\u00e9rez fica! E Ricciardo? Gasly vai? O mercado de pilotos da F1 2023\" style=\"border-radius: 12px\" width=\"100%\" height=\"152\" frameborder=\"0\" allowfullscreen allow=\"autoplay; clipboard-write; encrypted-media; fullscreen; picture-in-picture\" loading=\"lazy\" src=\"https:\/\/open.spotify.com\/embed\/episode\/5FwNQcvWGajgA0ECRUKCC0?utm_source=oembed\"><\/iframe>\n<\/div><\/figure>\n\n\n\n<p class=\"wp-block-paragraph\"><strong>\u25b6\ufe0f\u00a0<a href=\"https:\/\/www.twitch.tv\/grandepremio\" target=\"_blank\" rel=\"noreferrer noopener\">Conhe\u00e7a o canal do GRANDE PR\u00caMIO na Twitch clicando aqui!<\/a><\/strong><\/p>\n\n\n\n<p class=\"wp-block-paragraph\">A determina\u00e7\u00e3o pela obrigatoriedade da vacina na F\u00f3rmula 1 foi tomada em dezembro, no \u00faltimo m\u00eas da temporada 2021, durante o encontro do Conselho Mundial de Automobilismo da&nbsp;FIA (Federa\u00e7\u00e3o Internacional de Automobilismo).<\/p>\n\n\n\n<p class=\"wp-block-paragraph\">O <strong>GRANDE PR\u00caMIO<\/strong> lembra: vacinas salvam vidas e s\u00e3o seguras. Segundo a OMS (Organiza\u00e7\u00e3o Mundial de Sa\u00fade), a vacina\u00e7\u00e3o contra a Covid-19 foi testada em larga escala, com testes controlados que incluem pessoas de ampla faixa et\u00e1ria, em todos os g\u00eaneros, etnias diferentes e em condi\u00e7\u00f5es m\u00e9dicas conhecidas. As vacinas mostraram um alto n\u00edvel de efic\u00e1cia em todas as popula\u00e7\u00f5es e s\u00e3o consideradas seguras e eficazes em pessoas com v\u00e1rias condi\u00e7\u00f5es m\u00e9dicas distintas.<\/p>\n\n\n\n<figure class=\"wp-block-embed is-type-video is-provider-youtube wp-block-embed-youtube wp-embed-aspect-16-9 wp-has-aspect-ratio\"><div class=\"wp-block-embed__wrapper\">\n<iframe loading=\"lazy\" title=\"HAMILTON APAIXONADO + FIA CONTRA O BOM SENSO + F\u00d3RMULA 1 2022 EM BAKU | TT GP #56\" width=\"500\" height=\"281\" src=\"https:\/\/www.youtube.com\/embed\/j_PVJW32CJk?feature=oembed\" frameborder=\"0\" allow=\"accelerometer; autoplay; clipboard-write; encrypted-media; gyroscope; picture-in-picture; web-share\" referrerpolicy=\"strict-origin-when-cross-origin\" allowfullscreen><\/iframe>\n<\/div><figcaption>HAMILTON APAIXONADO + FIA CONTRA O BOM SENSO + F\u00d3RMULA 1 2022 EM BAKU | TT GP #56<\/figcaption><\/figure>\n","protected":false},"excerpt":{"rendered":"<p>Campe\u00e3o mundial de 2016 justificou postura negacionista ao dizer que possui &#8220;anticorpos fortes&#8221;. F\u00f3rmula 1 obriga vacina\u00e7\u00e3o em dia em seus entornos<\/p>\n","protected":false},"author":0,"featured_media":0,"comment_status":"closed","ping_status":"closed","sticky":false,"template":"","format":"standard","meta":{"42wp_featured_image_caption":"","42wp_featured_image_credits":"","42wp_featured_video":"","42wp_featured_image_hidden":false,"42wp_authors_list":[],"footnotes":""},"categories":[2],"tags":[24858,147,1357,24837,31064,24836,28285,254,27078],"42wp_author":[47143],"class_list":["post-111562","post","type-post","status-publish","format-standard","hentry","category-f1","tag-covid-19","tag-f1","tag-f1-2022","tag-formula-1-2","tag-formula-1-2022-3","tag-grande-premio-2","tag-grandepremio","tag-nico-rosberg","tag-vacina","42wp_author-felipe-leite"],"_links":{"self":[{"href":"https:\/\/grandepremio.com\/br\/wp-json\/wp\/v2\/posts\/111562","targetHints":{"allow":["GET"]}}],"collection":[{"href":"https:\/\/grandepremio.com\/br\/wp-json\/wp\/v2\/posts"}],"about":[{"href":"https:\/\/grandepremio.com\/br\/wp-json\/wp\/v2\/types\/post"}],"replies":[{"embeddable":true,"href":"https:\/\/grandepremio.com\/br\/wp-json\/wp\/v2\/comments?post=111562"}],"version-history":[{"count":0,"href":"https:\/\/grandepremio.com\/br\/wp-json\/wp\/v2\/posts\/111562\/revisions"}],"wp:attachment":[{"href":"https:\/\/grandepremio.com\/br\/wp-json\/wp\/v2\/media?parent=111562"}],"wp:term":[{"taxonomy":"category","embeddable":true,"href":"https:\/\/grandepremio.com\/br\/wp-json\/wp\/v2\/categories?post=111562"},{"taxonomy":"post_tag","embeddable":true,"href":"https:\/\/grandepremio.com\/br\/wp-json\/wp\/v2\/tags?post=111562"},{"taxonomy":"42wp_author","embeddable":true,"href":"https:\/\/grandepremio.com\/br\/wp-json\/wp\/v2\/42wp_author?post=111562"}],"curies":[{"name":"wp","href":"https:\/\/api.w.org\/{rel}","templated":true}]}}