{"id":111565,"date":"2022-06-10T09:59:28","date_gmt":"2022-06-10T12:59:28","guid":{"rendered":"https:\/\/grandepremio.com\/br\/noticias\/sebastian-vettel-presidente-fia-mohammed-ben-sulayem-temas-sociais-maiores-f1\/"},"modified":"2022-06-10T10:29:31","modified_gmt":"2022-06-10T13:29:31","slug":"sebastian-vettel-presidente-fia-mohammed-ben-sulayem-temas-sociais-maiores-f1","status":"publish","type":"post","link":"https:\/\/grandepremio.com\/br\/f1\/sebastian-vettel-presidente-fia-mohammed-ben-sulayem-temas-sociais-maiores-f1\/","title":{"rendered":"Vettel responde presidente da FIA e diz que temas sociais &#8220;s\u00e3o maiores que F1&#8221;"},"content":{"rendered":"\n<p class=\"wp-block-paragraph\">Sebastian Vettel vem se destacando como uma importante voz em defesa dos direitos da comunidade LGBTQIA+, tanto que foi um dos atletas escolhidos para ser capa da revista brit\u00e2nica Attitude, destinada ao p\u00fablico gay. E o tetracampe\u00e3o deixou claro que v\u00ea as pautas sociais muito maiores que a pr\u00f3pria F\u00f3rmula 1, reiterando que n\u00e3o vai deixar de manifestar seu posicionamento nos fins de semana de corrida.<\/p>\n\n\n\n<p class=\"wp-block-paragraph\">O presidente da FIA, Mohammed Ben Sulayem, <a href=\"https:\/\/www.grandepremio.com\/br\/f1\/noticias\/presidente-da-fia-critica-lewis-hamilton-sebastian-vettel-lando-norris-ativismo-pautas-sociais\/\" class=\"ek-link\">indagou em entrevista recente se &#8220;devemos impor o tempo todos nossas cren\u00e7as al\u00e9m do esporte&#8221;<\/a>. S\u00f3 que, para exemplificar a linha de pensamento, o mandat\u00e1rio causou pol\u00eamica ao falar que &#8220;Vettel pedala numa bicicleta de arco-\u00edris, Lewis [Hamilton]  \u00e9 apaixonado pela quest\u00e3o dos direitos humanos e [Lando] Norris fala de sa\u00fade mental&#8221;.<\/p>\n\n\n\n<p class=\"wp-block-paragraph\"><strong>\u25b6\ufe0f\u00a0<a href=\"https:\/\/www.twitch.tv\/grandepremio\" target=\"_blank\" rel=\"noreferrer noopener\">Conhe\u00e7a o canal do GRANDE PR\u00caMIO na Twitch clicando aqui!<\/a><\/strong><\/p>\n\n\n\n<figure class=\"wp-block-image size-large\"><img decoding=\"async\" src=\"https:\/\/www.grandepremio.com\/br\/wp-content\/uploads\/2022\/05\/astonmartin-sebastianvettel-01-10-1024x683.jpg\" alt=\"\" class=\"wp-image-576174\"\/><figcaption>Sebastian Vettel (Foto: Aston Martin)<\/figcaption><\/figure>\n\n\n\n<p class=\"wp-block-paragraph\">Vettel foi questionado sobre o assunto nesta sexta-feira (10), no Azerbaij\u00e3o. &#8220;Os t\u00f3picos que Lewis continua levantando, as quest\u00f5es sobre as quais Lando vem falando e as coisas que eu mencionei s\u00e3o temas muito importantes de serem abordados. E eles s\u00e3o maiores do que n\u00f3s, maiores do que um esporte pode ser&#8221;, ressaltou o representante da Aston Martin.<\/p>\n\n\n\n<p class=\"wp-block-paragraph\">Hamilton tamb\u00e9m comentou as declara\u00e7\u00f5es de Sulayem, mas preferiu fazer um apelo aos demais colegas do grid, <a href=\"https:\/\/www.grandepremio.com\/br\/f1\/noticias\/lewis-hamilton-elogia-sebastian-vettel-aliado-cobra-apoio-pilotos-sejam-mais-francos\/\" class=\"ek-link\">pedindo que sejam mais francos em rela\u00e7\u00e3o \u00e0s pautas que acreditam<\/a>. E Vettel seguiu a posi\u00e7\u00e3o do ingl\u00eas, dizendo que os assuntos sociais &#8220;devem ser mencionados e expressados para aumentar a conscientiza\u00e7\u00e3o das pessoas&#8221;.<\/p>\n\n\n\n<p class=\"wp-block-paragraph\">&#8220;Ainda h\u00e1 muitas coisas nas quais podemos melhorar&#8221;, finalizou o piloto.<\/p>\n\n\n\n<figure class=\"wp-block-embed is-type-video is-provider-youtube wp-block-embed-youtube wp-embed-aspect-16-9 wp-has-aspect-ratio\"><div class=\"wp-block-embed__wrapper\">\n<iframe loading=\"lazy\" title=\"F1 2022: FERRARI JOGA A TOALHA? VETTEL NECESS\u00c1RIO E BRAD PITT EM FILME DE HAMILTON | WGP\" width=\"500\" height=\"281\" src=\"https:\/\/www.youtube.com\/embed\/GmKYkdCR2PY?feature=oembed\" frameborder=\"0\" allow=\"accelerometer; autoplay; clipboard-write; encrypted-media; gyroscope; picture-in-picture; web-share\" referrerpolicy=\"strict-origin-when-cross-origin\" allowfullscreen><\/iframe>\n<\/div><\/figure>\n","protected":false},"excerpt":{"rendered":"<p>Sebastian Vettel disse que os temas sociais levantados por ele, Lewis Hamilton e Lando Norris precisam ser falados para aumentar a conscientiza\u00e7\u00e3o das pessoas, ressaltando que s\u00e3o pautas &#8220;maiores que a F1&#8221;<\/p>\n","protected":false},"author":0,"featured_media":1000517480,"comment_status":"closed","ping_status":"closed","sticky":false,"template":"","format":"standard","meta":{"42wp_featured_image_caption":"","42wp_featured_image_credits":"","42wp_featured_video":"","42wp_featured_image_hidden":false,"42wp_authors_list":[],"footnotes":""},"categories":[2],"tags":[10120,147,103,24837,547,87,26684,30344,210,30986],"42wp_author":[47147],"class_list":["post-111565","post","type-post","status-publish","format-standard","has-post-thumbnail","hentry","category-f1","tag-direitos-humanos","tag-f1","tag-fia","tag-formula-1-2","tag-lando-norris","tag-lewis-hamilton","tag-lgbtqia","tag-mohammed-ben-sulayem","tag-sebastian-vettel","tag-temporada-2022-f1","42wp_author-luana-marino"],"_links":{"self":[{"href":"https:\/\/grandepremio.com\/br\/wp-json\/wp\/v2\/posts\/111565","targetHints":{"allow":["GET"]}}],"collection":[{"href":"https:\/\/grandepremio.com\/br\/wp-json\/wp\/v2\/posts"}],"about":[{"href":"https:\/\/grandepremio.com\/br\/wp-json\/wp\/v2\/types\/post"}],"replies":[{"embeddable":true,"href":"https:\/\/grandepremio.com\/br\/wp-json\/wp\/v2\/comments?post=111565"}],"version-history":[{"count":0,"href":"https:\/\/grandepremio.com\/br\/wp-json\/wp\/v2\/posts\/111565\/revisions"}],"wp:featuredmedia":[{"embeddable":true,"href":"https:\/\/grandepremio.com\/br\/wp-json\/wp\/v2\/media\/1000517480"}],"wp:attachment":[{"href":"https:\/\/grandepremio.com\/br\/wp-json\/wp\/v2\/media?parent=111565"}],"wp:term":[{"taxonomy":"category","embeddable":true,"href":"https:\/\/grandepremio.com\/br\/wp-json\/wp\/v2\/categories?post=111565"},{"taxonomy":"post_tag","embeddable":true,"href":"https:\/\/grandepremio.com\/br\/wp-json\/wp\/v2\/tags?post=111565"},{"taxonomy":"42wp_author","embeddable":true,"href":"https:\/\/grandepremio.com\/br\/wp-json\/wp\/v2\/42wp_author?post=111565"}],"curies":[{"name":"wp","href":"https:\/\/api.w.org\/{rel}","templated":true}]}}