{"id":111593,"date":"2022-06-09T04:45:00","date_gmt":"2022-06-09T07:45:00","guid":{"rendered":"https:\/\/grandepremio.com\/br\/noticias\/enzo-fittipaldi-peca-chave-progresso-charouz-nome-forte-f2-2022\/"},"modified":"2022-06-08T18:03:28","modified_gmt":"2022-06-08T21:03:28","slug":"enzo-fittipaldi-peca-chave-progresso-charouz-nome-forte-f2-2022","status":"publish","type":"post","link":"https:\/\/grandepremio.com\/br\/f2\/enzo-fittipaldi-peca-chave-progresso-charouz-nome-forte-f2-2022\/","title":{"rendered":"Fittipaldi \u00e9 pe\u00e7a-chave no avan\u00e7o da Charouz e surge como nome forte na F2 em 2022"},"content":{"rendered":"\n<figure class=\"wp-block-embed is-type-video is-provider-youtube wp-block-embed-youtube wp-embed-aspect-16-9 wp-has-aspect-ratio\"><div class=\"wp-block-embed__wrapper\">\n<iframe loading=\"lazy\" title=\"HAMILTON APAIXONADO + FIA CONTRA O BOM SENSO + F\u00d3RMULA 1 2022 EM BAKU | TT GP #56\" width=\"500\" height=\"281\" src=\"https:\/\/www.youtube.com\/embed\/j_PVJW32CJk?start=211&amp;feature=oembed\" frameborder=\"0\" allow=\"accelerometer; autoplay; clipboard-write; encrypted-media; gyroscope; picture-in-picture; web-share\" referrerpolicy=\"strict-origin-when-cross-origin\" allowfullscreen><\/iframe>\n<\/div><\/figure>\n\n\n\n<p class=\"wp-block-paragraph\">Nas duas primeiras rodadas da temporada 2022 da F2, Enzo Fittipaldi bateu na trave da zona de pontua\u00e7\u00e3o com a Charouz. Foram tr\u00eas vezes terminando em 11\u00ba e uma cruzando a linha de chegada em d\u00e9cimo, e ele sempre se via tendo de recuperar terreno nas corridas, fosse para descontar uma classifica\u00e7\u00e3o ruim, um erro no pit-stop ou mesmo algum incidente na pista. Parecia, no entanto, ser quest\u00e3o de tempo at\u00e9 o brasileiro conseguir levar a equipe tcheca aos pontos, e esse algo a mais enfim veio na terceira rodada, em \u00cdmola, e n\u00e3o poderia ter sido da melhor forma: <a href=\"https:\/\/www.grandepremio.com\/br\/f2\/noticias\/theo-pourchaire-estrategia-pit-stop-vence-gp-emilia-romanha-enzo-fittipaldi-2\/\" class=\"ek-link\">uma combina\u00e7\u00e3o certeira de ritmo e estrat\u00e9gia que deram ao piloto o seu primeiro p\u00f3dio na categoria<\/a>.<\/p>\n\n\n\n<p class=\"wp-block-paragraph\">Dali em diante, Fittipaldi emplacou uma sequ\u00eancia de quatro corridas na zona de pontua\u00e7\u00e3o, e ainda que seja realista ao falar sobre as ambi\u00e7\u00f5es da Charouz no ano, \u00e9 ineg\u00e1vel que o jovem de 20 anos vem sendo pe\u00e7a fundamental na evolu\u00e7\u00e3o da equipe tcheca nas \u00faltimas provas.<\/p>\n\n\n\n<p class=\"wp-block-paragraph\"><strong>\u25b6\ufe0f&nbsp;Inscreva-se nos dois canais do GRANDE PR\u00caMIO no YouTube:&nbsp;<a href=\"https:\/\/www.youtube.com\/channel\/UC9OlHEgxoaY6QY6nWPoiqQg?sub_confirmation=1\" target=\"_blank\" rel=\"noreferrer noopener\">GP<\/a>&nbsp;|&nbsp;<a href=\"https:\/\/www.youtube.com\/channel\/UC9csiS6q_C3C0FYhyr1rnFA?sub_confirmation=1\" target=\"_blank\" rel=\"noreferrer noopener\">GP2<\/a><\/strong><\/p>\n\n\n\n<figure class=\"wp-block-image size-large\"><img decoding=\"async\" src=\"https:\/\/www.grandepremio.com\/br\/wp-content\/uploads\/2022\/05\/284257903_179610487747873_6450978306428791734_n-1024x683.jpg\" alt=\"\" class=\"wp-image-578302\"\/><figcaption>Enzo Fittipaldi subiu cinco posi\u00e7\u00f5es na temporada 2022 da F2 e est\u00e1 em s\u00e9timo (Foto: Charouz)<\/figcaption><\/figure>\n\n\n\n<p class=\"wp-block-paragraph\">Em 2021, Enzo subiu da F3 para a F2 no meio da temporada, assumindo o lugar de David Beckmann na equipe de Anton\u00edn Charouz. A promo\u00e7\u00e3o foi uma surpresa, e o jovem precisou de um tempo natural de adapta\u00e7\u00e3o at\u00e9 come\u00e7ar a construir a sua pr\u00f3pria identidade na equipe. &#8220;Por mais que eu j\u00e1 tivesse experi\u00eancia, a temporada passada acabou sendo de muita novidade para mim. Nesse ano, eu me sinto bem entrosado com a equipe, e nosso desempenho vem crescendo cada vez mais&#8221;, disse Fittipaldi em entrevista exclusiva ao <strong>GRANDE PR\u00caMIO<\/strong>.<\/p>\n\n\n\n<p class=\"wp-block-paragraph\">Um fator que impulsionou essa evolu\u00e7\u00e3o de Enzo junto \u00e0 equipe foi ter se mudado para Praga, capital da Rep\u00fablica Tcheca, para acompanhar ainda mais de perto o trabalho do time. &#8220;Eu e meu engenheiro conversamos direto sobre o que podemos aprimorar, e acho que tenho ajudado nesse progresso da equipe na F2. Dif\u00edcil colocar em quantidade, mas acredito que ajudei bastante sim, e o pessoal que trabalha na sede e nas corridas est\u00e3o bem felizes com essa nossa evolu\u00e7\u00e3o&#8221;, continuou ao <strong>GP<\/strong>.<\/p>\n\n\n\n<p class=\"wp-block-paragraph\">Em 2021, mesmo pegando um trabalho j\u00e1 em andamento, Fittipaldi conseguiu marcar os seus primeiros pontos na F2 ao terminar a corrida 2 em Jed\u00e1 em s\u00e9timo. Um resultado que j\u00e1 indicava o que poderia ser no ano seguinte, e Enzo vem correspondendo n\u00e3o s\u00f3 as expectativas do time, como \u00e9 at\u00e9 o momento o respons\u00e1vel por 42 dos 46 pontos que a Charouz tem no Mundial \u2014 a t\u00edtulo de compara\u00e7\u00e3o, os tchecos n\u00e3o foram al\u00e9m dos 28 pontos em toda a temporada 2021, terminando em d\u00e9cimo na classifica\u00e7\u00e3o geral, a pior posi\u00e7\u00e3o da equipe desde a estreia na F2 em 2018.<\/p>\n\n\n\n<figure class=\"wp-block-image size-large\"><img decoding=\"async\" src=\"https:\/\/www.grandepremio.com\/br\/wp-content\/uploads\/2022\/03\/404477_1005990_bah_gp_sr_5763-1024x683.jpg\" alt=\"\" class=\"wp-image-551500\"\/><figcaption>Enzo Fittipaldi quer marcar o m\u00e1ximo de pontos poss\u00edveis com a Charouz na F2 (Foto: Dutch Photo Agency)<\/figcaption><\/figure>\n\n\n\n<p class=\"wp-block-paragraph\">Para Anton\u00edn Charouz, o p\u00f3dio de Fittipaldi em \u00cdmola foi a coroa\u00e7\u00e3o do trabalho \u00e1rduo de toda a equipe. &#8220;Sab\u00edamos desde o in\u00edcio que t\u00ednhamos potencial para estar no top-10, e os resultados confirmam isso. Ainda tivemos um pouco de azar na classifica\u00e7\u00e3o e na corrida sprint, mas no domingo, Enzo fez uma corrida incr\u00edvel e conseguiu o seu primeiro e merecido p\u00f3dio&#8221;, disse o chef\u00e3o.<\/p>\n\n\n\n<p class=\"wp-block-paragraph\"><strong>LEIA MAIS<br>Drugovich <a href=\"https:\/\/www.grandepremio.com\/br\/f2\/noticias\/felipe-drugovich-dispara-ponta-titulo-f2-parece-etapa-mais-facil-caminho-f1\/\" class=\"ek-link\">dispara na ponta, mas t\u00edtulo da F2 parece ser etapa mais f\u00e1cil do caminho at\u00e9 F1<\/a><\/strong><\/p>\n\n\n\n<p class=\"wp-block-paragraph\">O ano de 2022 \u00e9, portanto, um salto de performance da Charouz e a oportunidade perfeita para Fittipaldi subir posi\u00e7\u00f5es na classifica\u00e7\u00e3o e colocar de vez o seu nome no concorrido mercado de jovens pilotos. Claro que o sobrenome do av\u00f4, o bicampe\u00e3o da F1 Emerson Fittipaldi, \u00e9 um belo cart\u00e3o de visitas, mas Enzo sabe e quer construir o seu pr\u00f3prio nome. E o lado positivo de estar numa equipe m\u00e9dia \u00e9 a press\u00e3o  por resultados ser menor.<\/p>\n\n\n\n<p class=\"wp-block-paragraph\">Ali\u00e1s, as ambi\u00e7\u00f5es de Enzo s\u00e3o realistas, ainda que a Charouz tenha conquistado, por exemplo, cinco p\u00f3dios em 2020. O jovem tem como objetivo principal executar um bom trabalho para marcar o maior n\u00famero poss\u00edvel de pontos at\u00e9 o final do ano. E pelo que vem mostrando, o brasileiro tem tudo para fechar 2022 numa posi\u00e7\u00e3o melhor que a atual s\u00e9tima.<\/p>\n\n\n\n<p class=\"wp-block-paragraph\">Agora, claro que F\u00f3rmula 1 \u00e9 e sempre ser\u00e1 o sonho maior de qualquer um que come\u00e7a a carreira ainda no kart, e n\u00e3o \u00e9 diferente para Fittipaldi. Mas assim como para Felipe Drugovich, atual l\u00edder da temporada da F2, Enzo tamb\u00e9m precisa passar por algumas etapas que n\u00e3o dependem somente do seu comprometimento e talento. Contudo, est\u00e1 num \u00f3timo caminho, e ainda que n\u00e3o ven\u00e7a nenhuma corrida este ano \u2014 o que n\u00e3o seria surpresa e nem diminuiria o seu feito com a Charouz \u2014, j\u00e1 se pode dizer que o brasileiro \u00e9 um dos nomes fortes desse grid atual e merece ser olhado com aten\u00e7\u00e3o.<\/p>\n","protected":false},"excerpt":{"rendered":"<p>Depois de um in\u00edcio batendo na trave, Enzo Fittipaldi emplacou uma sequ\u00eancia de cinco corridas na zona de pontua\u00e7\u00e3o e vem se destacando com a modesta Charouz na temporada 2022 da F2<\/p>\n","protected":false},"author":0,"featured_media":1000561745,"comment_status":"closed","ping_status":"closed","sticky":false,"template":"","format":"standard","meta":{"42wp_featured_image_caption":"","42wp_featured_image_credits":"","42wp_featured_video":"","42wp_featured_image_hidden":false,"42wp_authors_list":[],"footnotes":""},"categories":[9],"tags":[290,30246,796,409,147,111,1024,24837,5386,31651],"42wp_author":[47147],"class_list":["post-111593","post","type-post","status-publish","format-standard","has-post-thumbnail","hentry","category-f2","tag-charouz","tag-classificacao-f2","tag-emerson-fittipaldi","tag-enzo-fittipaldi","tag-f1","tag-f2","tag-felipe-drugovich","tag-formula-1-2","tag-imola","tag-temporada-2022-f2","42wp_author-luana-marino"],"_links":{"self":[{"href":"https:\/\/grandepremio.com\/br\/wp-json\/wp\/v2\/posts\/111593","targetHints":{"allow":["GET"]}}],"collection":[{"href":"https:\/\/grandepremio.com\/br\/wp-json\/wp\/v2\/posts"}],"about":[{"href":"https:\/\/grandepremio.com\/br\/wp-json\/wp\/v2\/types\/post"}],"replies":[{"embeddable":true,"href":"https:\/\/grandepremio.com\/br\/wp-json\/wp\/v2\/comments?post=111593"}],"version-history":[{"count":0,"href":"https:\/\/grandepremio.com\/br\/wp-json\/wp\/v2\/posts\/111593\/revisions"}],"wp:featuredmedia":[{"embeddable":true,"href":"https:\/\/grandepremio.com\/br\/wp-json\/wp\/v2\/media\/1000561745"}],"wp:attachment":[{"href":"https:\/\/grandepremio.com\/br\/wp-json\/wp\/v2\/media?parent=111593"}],"wp:term":[{"taxonomy":"category","embeddable":true,"href":"https:\/\/grandepremio.com\/br\/wp-json\/wp\/v2\/categories?post=111593"},{"taxonomy":"post_tag","embeddable":true,"href":"https:\/\/grandepremio.com\/br\/wp-json\/wp\/v2\/tags?post=111593"},{"taxonomy":"42wp_author","embeddable":true,"href":"https:\/\/grandepremio.com\/br\/wp-json\/wp\/v2\/42wp_author?post=111593"}],"curies":[{"name":"wp","href":"https:\/\/api.w.org\/{rel}","templated":true}]}}