{"id":111661,"date":"2022-06-06T08:43:49","date_gmt":"2022-06-06T11:43:49","guid":{"rendered":"https:\/\/grandepremio.com\/br\/noticias\/yamaha-contrata-ex-chefe-motores-ferrari-formula-1-consultor\/"},"modified":"2022-06-06T08:44:48","modified_gmt":"2022-06-06T11:44:48","slug":"yamaha-contrata-ex-chefe-motores-ferrari-formula-1-consultor","status":"publish","type":"post","link":"https:\/\/grandepremio.com\/br\/motogp\/yamaha-contrata-ex-chefe-motores-ferrari-formula-1-consultor\/","title":{"rendered":"Yamaha contrata ex-chefe de motores da Ferrari na F\u00f3rmula 1 como consultor"},"content":{"rendered":"\n<figure class=\"wp-block-embed is-type-video is-provider-youtube wp-block-embed-youtube wp-embed-aspect-16-9 wp-has-aspect-ratio\"><div class=\"wp-block-embed__wrapper\">\n<iframe loading=\"lazy\" title=\"MARC M\u00c1RQUEZ TOMA DECIS\u00c3O CORAJOSA PARA SALVAR CARREIRA NA MOTOGP\" width=\"500\" height=\"281\" src=\"https:\/\/www.youtube.com\/embed\/KLTAH6jwAmg?feature=oembed\" frameborder=\"0\" allow=\"accelerometer; autoplay; clipboard-write; encrypted-media; gyroscope; picture-in-picture; web-share\" referrerpolicy=\"strict-origin-when-cross-origin\" allowfullscreen><\/iframe>\n<\/div><figcaption>MARC M\u00c1RQUEZ TOMA DECIS\u00c3O CORAJOSA PARA SALVAR CARREIRA NA MOTOGP<\/figcaption><\/figure>\n\n\n\n<p class=\"wp-block-paragraph\">A Yamaha foi buscar na Ferrari um refor\u00e7o para melhorar o motor da YZR-M1. De acordo com o jornal italiano La Gazzetta dello Sport, Luca Marmorini foi escalado pela casa de Iwata para trabalhar como consultor no desenvolvimento do propulsor do prot\u00f3tipo dos tr\u00eas diapas\u00f5es para a temporada 2023 da MotoGP.<\/p>\n\n\n\n<p class=\"wp-block-paragraph\">O engenheiro de 60 anos teve duas passagens pela Ferrari na F\u00f3rmula 1, onde chegou, inclusive, a atuar como chefe de motores. A carreira em Maranello come\u00e7ou nos anos 90, mas foi interrompida por uma mudan\u00e7a para a Toyota. Marmorini voltou \u00e0 esquadra italiana em 2009 e ficou por l\u00e1 at\u00e9 2014.<\/p>\n\n\n\n<p class=\"wp-block-paragraph\"><strong>CLASSIFICA\u00c7\u00c3O DA MOTOGP<\/strong><br><strong>\u25b6\ufe0f<\/strong> <strong><a href=\"https:\/\/www.grandepremio.com\/br\/motogp\/noticias\/fabio-quartararo-conta-talento-sorte-amplia-vantagem-motogp-confira-classificacao\/\">Quartararo conta com talento e sorte e amplia vantagem na <\/a><a href=\"https:\/\/grandepremio.com\/motovelocidade\/\" target=\"_blank\" rel=\"noreferrer noopener\"><\/a><a href=\"https:\/\/grandepremio.com\/motovelocidade\/\" target=\"_blank\" rel=\"noreferrer noopener\"><\/a><a href=\"https:\/\/grandepremio.com\/motovelocidade\/\" target=\"_blank\" rel=\"noreferrer noopener\">MotoGP<\/a><\/strong><\/p>\n\n\n\n<figure class=\"wp-block-image size-large\"><img decoding=\"async\" src=\"https:\/\/www.grandepremio.com\/br\/wp-content\/uploads\/2022\/06\/attachment_157952-1024x683.jpg\" alt=\"\" class=\"wp-image-581337\"\/><figcaption>Luca Marmorini trabalhou com a Ferrari na F\u00f3rmula 1 (Foto: Ferrari)<\/figcaption><\/figure>\n\n\n\n<p class=\"wp-block-paragraph\"><strong>WEB STORY<\/strong><br><strong>\u25b6\ufe0f<\/strong> <strong><a href=\"https:\/\/www.grandepremio.com\/br\/web-stories\/motogp\/como-esta-grid-motogp-temporada-2023\/\">Como est\u00e1 o grid da <\/a><a href=\"https:\/\/grandepremio.com\/motovelocidade\/\" target=\"_blank\" rel=\"noreferrer noopener\"><\/a><a href=\"https:\/\/grandepremio.com\/motovelocidade\/\" target=\"_blank\" rel=\"noreferrer noopener\"><\/a><a href=\"https:\/\/grandepremio.com\/motovelocidade\/\" target=\"_blank\" rel=\"noreferrer noopener\"><\/a><a href=\"https:\/\/grandepremio.com\/motovelocidade\/\" target=\"_blank\" rel=\"noreferrer noopener\"><\/a><a href=\"https:\/\/grandepremio.com\/motovelocidade\/\" target=\"_blank\" rel=\"noreferrer noopener\"><\/a><a href=\"https:\/\/grandepremio.com\/motovelocidade\/\" target=\"_blank\" rel=\"noreferrer noopener\"><\/a><a href=\"https:\/\/grandepremio.com\/motovelocidade\/\" target=\"_blank\" rel=\"noreferrer noopener\"><\/a><a href=\"https:\/\/grandepremio.com\/motovelocidade\/\" target=\"_blank\" rel=\"noreferrer noopener\"><\/a><a href=\"https:\/\/grandepremio.com\/motovelocidade\/\" target=\"_blank\" rel=\"noreferrer noopener\"><\/a><a href=\"https:\/\/grandepremio.com\/motovelocidade\/\" target=\"_blank\" rel=\"noreferrer noopener\"><\/a><a href=\"https:\/\/grandepremio.com\/motovelocidade\/\" target=\"_blank\" rel=\"noreferrer noopener\"><\/a><a href=\"https:\/\/grandepremio.com\/motovelocidade\/\" target=\"_blank\" rel=\"noreferrer noopener\"><\/a><a href=\"https:\/\/grandepremio.com\/motovelocidade\/\" target=\"_blank\" rel=\"noreferrer noopener\"><\/a><a href=\"https:\/\/grandepremio.com\/motovelocidade\/\" target=\"_blank\" rel=\"noreferrer noopener\"><\/a><a href=\"https:\/\/grandepremio.com\/motovelocidade\/\" target=\"_blank\" rel=\"noreferrer noopener\">MotoGP<\/a><a href=\"https:\/\/www.grandepremio.com\/br\/web-stories\/motogp\/como-esta-grid-motogp-temporada-2023\/\"> na temporada 2023<\/a><\/strong><\/p>\n\n\n\n<p class=\"wp-block-paragraph\">A colabora\u00e7\u00e3o com a Yamaha, por\u00e9m, n\u00e3o ser\u00e1 a primeira de Luca na MotoGP. O italiano j\u00e1 trabalhou como consultor da Aprilia, inclusive no desenvolvimento do atual motor da RS-GP. Marmorini foi recrutado pela casa de Noale por Massimo Rivola, que tamb\u00e9m veio da Ferrari.<\/p>\n\n\n\n<p class=\"wp-block-paragraph\">A chegada de Mamorini faz parte do esfor\u00e7o da Yamaha n\u00e3o s\u00f3 para melhorar a moto, mas tamb\u00e9m para manter Fabio Quartararo. Na semana passada, <a href=\"https:\/\/www.grandepremio.com\/br\/motogp\/noticias\/yamaha-reconquista-confianca-renova-fabio-quartararo-motogp-ate-temporada-2024\/\" class=\"ek-link\">os japoneses anunciaram a renova\u00e7\u00e3o do contrato do franc\u00eas por mais dois anos<\/a>, e o campe\u00e3o vigente deixou claro que a confian\u00e7a reiterada na f\u00e1brica era tamb\u00e9m fruto da chegada de novas pessoas.<\/p>\n\n\n\n<p class=\"wp-block-paragraph\">\u201cN\u00e3o foi uma decis\u00e3o f\u00e1cil. E levamos um pouco mais de tempo para avaliar todo o projeto. Como voc\u00eas podem imaginar, n\u00e3o est\u00e1vamos falando s\u00f3 com a Yamaha\u201d, contou Fabio. \u201cEm um ponto, a minha cabe\u00e7a ia para um lado, a\u00ed, uma semana depois, para outro, e foi um pouco dif\u00edcil\u201d, seguiu.<\/p>\n\n\n\n<p class=\"wp-block-paragraph\">\u201cBasicamente, a minha primeira meta \u00e9 ter a melhor moto e o melhor projeto. E eles me convenceram, pois v\u00e3o trazer novas pessoas, engenheiros, e sabem exatamente o que precisam melhorar\u201d, frisou. \u201cNo passado, talvez estivessem trabalhando em algumas \u00e1reas, mas talvez realmente n\u00e3o aceitassem que a moto era mais lenta que as outras. Agora eles sabem e v\u00e3o claramente trabalhar neste ponto fraco\u201d, apontou.<\/p>\n\n\n\n<p class=\"wp-block-paragraph\">\u201cPara ser justo, me sinto super bem na moto. Claro, todo piloto quer mais. Mas a \u00fanica coisa que me falta em rela\u00e7\u00e3o aos outros \u00e9 velocidade. Ent\u00e3o foi isso que me fez tomar a decis\u00e3o de ficar com a Yamaha. Eu sei que eles est\u00e3o empenhados em trazer mais pot\u00eancia e eu me sinto bem na moto\u201d, contou. \u201cEstou super feliz, porque eles realmente entendem e est\u00e3o fazendo o melhor trabalho para encontrar o que falta. Muitas pessoas, engenheiros, est\u00e3o indo para o lado do motor e trabalhando nesta parte da moto\u201d, anunciou.<\/p>\n\n\n\n<p class=\"wp-block-paragraph\">Fabio disso, por\u00e9m, que os engenheiros que foram refor\u00e7aram o desenvolvimento do motor j\u00e1 eram funcion\u00e1rios da casa, transferidos de outros departamentos.<\/p>\n\n\n\n<p class=\"wp-block-paragraph\">\u201cEles j\u00e1 est\u00e3o na Yamaha\u201d, concluiu.<\/p>\n\n\n\n<p class=\"wp-block-paragraph\">A <a href=\"https:\/\/grandepremio.com\/motovelocidade\/\" target=\"_blank\" rel=\"noreferrer noopener\"><\/a><a href=\"https:\/\/grandepremio.com\/motovelocidade\/\" target=\"_blank\" rel=\"noreferrer noopener\"><\/a><a href=\"https:\/\/grandepremio.com\/motovelocidade\/\" target=\"_blank\" rel=\"noreferrer noopener\">MotoGP<\/a> volta \u00e0s pistas no pr\u00f3ximo dia 19 de junho, para o GP da Alemanha, em <a href=\"https:\/\/www.grandepremio.com\/br\/etapa\/motogp\/gp-alemanha-motogp-2022\/\" target=\"_blank\" rel=\"noreferrer noopener\">Sachsenring<\/a>, d\u00e9cima etapa da temporada 2022. O&nbsp;<strong>GRANDE PR\u00caMIO<\/strong>&nbsp;acompanha todas as atividades&nbsp;do Mundial de&nbsp;<a href=\"https:\/\/www.grandepremio.com\/motovelocidade\/\" target=\"_blank\" rel=\"noreferrer noopener\"><\/a><a href=\"https:\/\/www.grandepremio.com\/motovelocidade\/\" target=\"_blank\" rel=\"noreferrer noopener\">Motovelocidade<\/a>&nbsp;2022.<\/p>\n\n\n\n<p class=\"wp-block-paragraph\"><strong>ASSISTA<\/strong><br># <strong><a href=\"https:\/\/www.grandepremio.com\/br\/video\/motogp\/aleix-espargaro-engana-esquece-ultima-volta-perde-podio-gp-catalunha\/\"><\/a><a href=\"https:\/\/www.grandepremio.com\/br\/piloto\/aleix-espargaro\/\" target=\"_blank\" rel=\"noreferrer noopener\"><\/a><a href=\"https:\/\/www.grandepremio.com\/br\/piloto\/aleix-espargaro\/\" target=\"_blank\" rel=\"noreferrer noopener\">Aleix Espargar\u00f3<\/a><a href=\"https:\/\/www.grandepremio.com\/br\/video\/motogp\/aleix-espargaro-engana-esquece-ultima-volta-perde-podio-gp-catalunha\/\"> se engana, \u2018esquece\u2019 da \u00faltima volta e perde p\u00f3dio no GP da <\/a><a href=\"https:\/\/es.grandepremio.com\/\" target=\"_blank\" rel=\"noreferrer noopener\"><\/a><a href=\"https:\/\/es.grandepremio.com\/\" target=\"_blank\" rel=\"noreferrer noopener\">Catalunha<\/a><\/strong><\/p>\n\n\n\n<p class=\"wp-block-paragraph\"><strong>\u25b6\ufe0f\u00a0Inscreva-se nos dois canais do GRANDE PR\u00caMIO no YouTube:\u00a0<a href=\"https:\/\/www.youtube.com\/channel\/UC9OlHEgxoaY6QY6nWPoiqQg?sub_confirmation=1\" target=\"_blank\" rel=\"noreferrer noopener\">GP<\/a>\u00a0|\u00a0<a href=\"https:\/\/www.youtube.com\/channel\/UC9csiS6q_C3C0FYhyr1rnFA?sub_confirmation=1\" target=\"_blank\" rel=\"noreferrer noopener\">GP2<\/a><\/strong><\/p>\n\n\n\n<p class=\"wp-block-paragraph\"><strong>LEIA TAMB\u00c9M<\/strong><br><strong>#&nbsp;<a href=\"https:\/\/www.grandepremio.com\/br\/motogp\/noticias\/pol-espargaro-analisa-opcoes-aceita-rebaixamento-lcr\/\"><\/a><a href=\"https:\/\/www.grandepremio.com\/br\/piloto\/pol-espargaro\/\" target=\"_blank\" rel=\"noreferrer noopener\"><\/a><a href=\"https:\/\/www.grandepremio.com\/br\/piloto\/pol-espargaro\/\" target=\"_blank\" rel=\"noreferrer noopener\">Pol Espargar\u00f3<\/a><a href=\"https:\/\/www.grandepremio.com\/br\/motogp\/noticias\/pol-espargaro-analisa-opcoes-aceita-rebaixamento-lcr\/\"> analisa op\u00e7\u00f5es e aceita \u2018rebaixamento\u2019 para <\/a><a href=\"https:\/\/www.grandepremio.com\/br\/equipe\/motogp\/2021\/lcr-honda\/\" target=\"_blank\" rel=\"noreferrer noopener\"><\/a><a href=\"https:\/\/www.grandepremio.com\/br\/equipe\/motogp\/2021\/lcr-honda\/\" target=\"_blank\" rel=\"noreferrer noopener\">LCR<\/a><a href=\"https:\/\/www.grandepremio.com\/br\/motogp\/noticias\/pol-espargaro-analisa-opcoes-aceita-rebaixamento-lcr\/\">: \u201cN\u00e3o \u00e9 um problema\u201d<\/a><\/strong><br># <strong><a href=\"https:\/\/www.grandepremio.com\/br\/motogp\/noticias\/yamaha-reitera-confianca-franco-morbidelli-diz-nunca-pensamos-dispensa\/\"><\/a><a href=\"https:\/\/www.grandepremio.com\/br\/equipe\/motogp\/2021\/monster-energy-yamaha-motogp\/\" target=\"_blank\" rel=\"noreferrer noopener\"><\/a><a href=\"https:\/\/www.grandepremio.com\/br\/equipe\/motogp\/2021\/monster-energy-yamaha-motogp\/\" target=\"_blank\" rel=\"noreferrer noopener\"><\/a><a href=\"https:\/\/www.grandepremio.com\/br\/equipe\/motogp\/2021\/monster-energy-yamaha-motogp\/\" target=\"_blank\" rel=\"noreferrer noopener\"><\/a><a href=\"https:\/\/www.grandepremio.com\/br\/equipe\/motogp\/2021\/monster-energy-yamaha-motogp\/\" target=\"_blank\" rel=\"noreferrer noopener\"><\/a><a href=\"https:\/\/www.grandepremio.com\/br\/equipe\/motogp\/2021\/monster-energy-yamaha-motogp\/\" target=\"_blank\" rel=\"noreferrer noopener\">Yamaha<\/a><a href=\"https:\/\/www.grandepremio.com\/br\/motogp\/noticias\/yamaha-reitera-confianca-franco-morbidelli-diz-nunca-pensamos-dispensa\/\"> reitera confian\u00e7a em Morbidelli e diz: \u201cNunca pensamos em dispens\u00e1-lo\u201d<\/a><\/strong><br># <strong><a href=\"https:\/\/www.grandepremio.com\/br\/motogp\/noticias\/aleix-espargaro-admite-culpa-explica-erro-catalunha-aqui-diferente-enganei\/\">Espargar\u00f3 admite culpa e explica erro na <\/a><a href=\"https:\/\/es.grandepremio.com\/\" target=\"_blank\" rel=\"noreferrer noopener\">Catalunha<\/a><a href=\"https:\/\/www.grandepremio.com\/br\/motogp\/noticias\/aleix-espargaro-admite-culpa-explica-erro-catalunha-aqui-diferente-enganei\/\">: \u201cAqui \u00e9 diferente, me enganei\u201d<\/a><\/strong><br># <strong><a href=\"https:\/\/www.grandepremio.com\/br\/motogp\/noticias\/fabio-quartararo-impecavel-da-passo-firme-campeonato-dia-reves-rivais\/\">Quartararo se p\u00f5e impec\u00e1vel e d\u00e1 passo firme no campeonato em dia de rev\u00e9s de rivais<\/a><\/strong><br># <strong><a href=\"https:\/\/www.grandepremio.com\/br\/motogp\/noticias\/alex-rins-critica-pilotagem-takaaki-nakagami-detona-direcao-prova-fora-nivel-motogp\/\">Rins critica pilotagem de Nakagami e detona dire\u00e7\u00e3o de prova: \u201cFora do n\u00edvel da <\/a><a href=\"https:\/\/grandepremio.com\/motovelocidade\/\" target=\"_blank\" rel=\"noreferrer noopener\">MotoGP<\/a>\u201d<\/strong><br># <strong><a href=\"https:\/\/www.grandepremio.com\/br\/motogp\/noticias\/suzuki-culpa-takaaki-nakagami-contesta-comissarios-inaceitavel-considerar-acidente-corrida\/\"><\/a><a href=\"https:\/\/www.grandepremio.com\/br\/equipe\/motogp\/2021\/team-suzuki-ecstar\/\" target=\"_blank\" rel=\"noreferrer noopener\"><\/a><a href=\"https:\/\/www.grandepremio.com\/br\/equipe\/motogp\/2021\/team-suzuki-ecstar\/\" target=\"_blank\" rel=\"noreferrer noopener\">Suzuki<\/a><a href=\"https:\/\/www.grandepremio.com\/br\/motogp\/noticias\/suzuki-culpa-takaaki-nakagami-contesta-comissarios-inaceitavel-considerar-acidente-corrida\/\"> culpa Nakagami e contesta comiss\u00e1rios: \u201cInaceit\u00e1vel considerar acidente de corrida\u201d<\/a><\/strong><\/p>\n\n\n\n<figure class=\"wp-block-embed is-type-video is-provider-youtube wp-block-embed-youtube wp-embed-aspect-16-9 wp-has-aspect-ratio\"><div class=\"wp-block-embed__wrapper\">\n<iframe loading=\"lazy\" title=\"HOMENAGEM JUSTA OU DESNECESS\u00c1RIA? MOTOGP APOSENTA #46 DE ROSSI EM MUGELLO\" width=\"500\" height=\"281\" src=\"https:\/\/www.youtube.com\/embed\/mbqiIesKq4g?feature=oembed\" frameborder=\"0\" allow=\"accelerometer; autoplay; clipboard-write; encrypted-media; gyroscope; picture-in-picture; web-share\" referrerpolicy=\"strict-origin-when-cross-origin\" allowfullscreen><\/iframe>\n<\/div><figcaption>HOMENAGEM JUSTA OU DESNECESS\u00c1RIA? MOTOGP APOSENTA #46 DE ROSSI EM MUGELLO<\/figcaption><\/figure>\n","protected":false},"excerpt":{"rendered":"<p>De acordo com o jornal italiano La Gazzetta dello Sport, uma das pessoas novas a que Fabio Quartararo se referiu ao justificar a perman\u00eancia com a equipe de Iwata \u00e9 Luca Marmorini, que foi chefe de motores da equipe de Maranello at\u00e9 2014. O engenheiro italiano contribuiu com o desenvolvimento do atual propulsor da Aprilia<\/p>\n","protected":false},"author":0,"featured_media":1000581133,"comment_status":"closed","ping_status":"closed","sticky":false,"template":"","format":"standard","meta":{"42wp_featured_image_caption":"","42wp_featured_image_credits":"","42wp_featured_video":"","42wp_featured_image_hidden":false,"42wp_authors_list":[],"footnotes":""},"categories":[8],"tags":[304,3624,31318,207,24837,25936,79,78,2997,30733,30728,30734,25819,28345,28766,26690,172],"42wp_author":[47113],"class_list":["post-111661","post","type-post","status-publish","format-standard","has-post-thumbnail","hentry","category-motogp","tag-barcelona","tag-catalunha","tag-fabio-quartararo-2","tag-ferrari","tag-formula-1-2","tag-montmelo","tag-moto-gp","tag-motogp","tag-motogp-2022","tag-motogp-2022-calendario","tag-motogp-calendario-2022","tag-motogp-classificacao-2022","tag-motogp-hoje","tag-motogp-horarios","tag-motogp-standings","tag-pilotos-motogp","tag-yamaha","42wp_author-juliana-tesser"],"_links":{"self":[{"href":"https:\/\/grandepremio.com\/br\/wp-json\/wp\/v2\/posts\/111661","targetHints":{"allow":["GET"]}}],"collection":[{"href":"https:\/\/grandepremio.com\/br\/wp-json\/wp\/v2\/posts"}],"about":[{"href":"https:\/\/grandepremio.com\/br\/wp-json\/wp\/v2\/types\/post"}],"replies":[{"embeddable":true,"href":"https:\/\/grandepremio.com\/br\/wp-json\/wp\/v2\/comments?post=111661"}],"version-history":[{"count":0,"href":"https:\/\/grandepremio.com\/br\/wp-json\/wp\/v2\/posts\/111661\/revisions"}],"wp:featuredmedia":[{"embeddable":true,"href":"https:\/\/grandepremio.com\/br\/wp-json\/wp\/v2\/media\/1000581133"}],"wp:attachment":[{"href":"https:\/\/grandepremio.com\/br\/wp-json\/wp\/v2\/media?parent=111661"}],"wp:term":[{"taxonomy":"category","embeddable":true,"href":"https:\/\/grandepremio.com\/br\/wp-json\/wp\/v2\/categories?post=111661"},{"taxonomy":"post_tag","embeddable":true,"href":"https:\/\/grandepremio.com\/br\/wp-json\/wp\/v2\/tags?post=111661"},{"taxonomy":"42wp_author","embeddable":true,"href":"https:\/\/grandepremio.com\/br\/wp-json\/wp\/v2\/42wp_author?post=111661"}],"curies":[{"name":"wp","href":"https:\/\/api.w.org\/{rel}","templated":true}]}}