{"id":111722,"date":"2022-06-04T04:00:00","date_gmt":"2022-06-04T07:00:00","guid":{"rendered":"https:\/\/grandepremio.com\/br\/noticias\/george-russell-potencial-mercedes-brigar-max-verstappen-charles-leclerc\/"},"modified":"2022-06-03T13:53:37","modified_gmt":"2022-06-03T16:53:37","slug":"george-russell-potencial-mercedes-brigar-max-verstappen-charles-leclerc","status":"publish","type":"post","link":"https:\/\/grandepremio.com\/br\/f1\/george-russell-potencial-mercedes-brigar-max-verstappen-charles-leclerc\/","title":{"rendered":"Russell reitera potencial da Mercedes e crava: &#8220;Quero brigar com Verstappen e Leclerc&#8221;"},"content":{"rendered":"\n<p class=\"wp-block-paragraph\">N\u00e3o se pode dizer que a estreia de George Russell na Mercedes \u00e9 de todo ruim, muito pelo contr\u00e1rio. \u00danico piloto a terminar todas as corridas disputadas at\u00e9 agora na temporada 2022 da F\u00f3rmula 1 entre os cinco primeiros \u2014 e com dois p\u00f3dios na conta \u2014, o ingl\u00eas aparece em quarto no campeonato com 84 pontos, 34 a mais que o companheiro de equipe, Lewis Hamilton, <a href=\"https:\/\/www.grandepremio.com\/br\/f1\/noticias\/george-russell-mercedes-mesmo-nivel-red-bull-ferrari-daqui-a-3-ou-4-corridas\/\" class=\"ek-link\">e ele sente que pode conquistar muito mais<\/a>. Inclusive, quer competir contra Max Verstappen e Charles Leclerc ainda este ano.<\/p>\n\n\n\n<p class=\"wp-block-paragraph\">Russell fez um balan\u00e7o sobre a primeira parte do Mundial, atualmente liderado por Verstappen, e se mostrou satisfeito com o ritmo que tem apresentado, embora tenha come\u00e7ado o ano acreditando que, a essa altura, j\u00e1 teria alguma vit\u00f3ria no curr\u00edculo.<\/p>\n\n\n\n<p class=\"wp-block-paragraph\"><strong>\u25b6\ufe0f\u00a0Inscreva-se nos dois canais do GRANDE PR\u00caMIO no YouTube:\u00a0<a href=\"https:\/\/www.youtube.com\/channel\/UC9OlHEgxoaY6QY6nWPoiqQg?sub_confirmation=1\" target=\"_blank\" rel=\"noreferrer noopener\">GP<\/a>\u00a0|\u00a0<a href=\"https:\/\/www.youtube.com\/channel\/UC9csiS6q_C3C0FYhyr1rnFA?sub_confirmation=1\" target=\"_blank\" rel=\"noreferrer noopener\">GP2<\/a><\/strong><\/p>\n\n\n\n<figure class=\"wp-block-image size-large\"><img decoding=\"async\" src=\"https:\/\/www.grandepremio.com\/br\/wp-content\/uploads\/2022\/05\/mercedes-georgerussell-03-5-1024x683.jpg\" alt=\"\" class=\"wp-image-577934\"\/><figcaption>Russell terminou GP de M\u00f4naco em quinto (Foto: Mercedes)<\/figcaption><\/figure>\n\n\n\n<p class=\"wp-block-paragraph\">\u201cAcho que se me dissessem antes da temporada que eu n\u00e3o teria nenhuma vit\u00f3ria ap\u00f3s sete corridas, com certeza ficaria um tanto decepcionado\u201d, admitiu Russell \u00e0 imprensa. \u201cMas acredito que, dado o ritmo do carro e onde estamos como equipe, posso ficar razoavelmente satisfeito com o desempenho\u201d, avaliou.<\/p>\n\n\n\n<p class=\"wp-block-paragraph\"><strong>LEIA MAIS<br>Ricciardo refor\u00e7a desejo de permanecer na McLaren: <a href=\"https:\/\/www.grandepremio.com\/br\/f1\/noticias\/daniel-ricciardo-reforca-desejo-permanecer-mclaren\/\" class=\"ek-link\">\u201cN\u00e3o penso em nenhum outro lugar\u201d<\/a><br>P\u00e9rez <a href=\"https:\/\/www.grandepremio.com\/br\/f1\/noticias\/sergio-perez-vive-momento-sonhos-precisa-aproveitar-cavalo-selado-talvez-nunca-volte\/\" class=\"ek-link\">vive fase de sonhos e tem de aproveitar cavalo selado que talvez nunca volte<\/a><br>Drugovich dispara na ponta, mas t\u00edtulo da F2 <a href=\"https:\/\/www.grandepremio.com\/br\/f2\/noticias\/felipe-drugovich-dispara-ponta-titulo-f2-parece-etapa-mais-facil-caminho-f1\/\" class=\"ek-link\">parece ser etapa mais f\u00e1cil do caminho at\u00e9<\/a> F1<\/strong><\/p>\n\n\n\n<p class=\"wp-block-paragraph\">De fato, o jovem ingl\u00eas tem o que comemorar. Depois de um salto not\u00e1vel no fim de semana na Espanha, que terminou com o terceiro lugar de Russell e Hamilton com um ritmo semelhante ao de Red Bull e Ferrari, a Mercedes voltou a sofrer demais com os quiques do W13 nas ruas de Monte Carlo. Mesmo assim, o carro #63 cruzou a linha de chegada em quinto, enquanto o heptacampe\u00e3o foi o oitavo colocado.<\/p>\n\n\n\n<p class=\"wp-block-paragraph\">Russell foi bem sincero ao analisar as conquistas da equipe alem\u00e3 at\u00e9 aqui. &#8220;Acho que os resultados foram maximizados. N\u00e3o vejo muitas corridas nas quais poder\u00edamos ter alcan\u00e7ado resultados melhores, mas, sem d\u00favida, h\u00e1 espa\u00e7o para melhorar&#8221;, continuou.<\/p>\n\n\n\n<p class=\"wp-block-paragraph\">A principal preocupa\u00e7\u00e3o da Mercedes \u00e9 encontrar uma solu\u00e7\u00e3o definitiva para amenizar o porpoising e, consequentemente, melhorar o desempenho. Russell explicou que \u201cvoc\u00ea passa a lutar constantemente por mais quando entende melhor o carro e os pneus&#8221;, e cravou: &#8220;Eu quero brigar por este campeonato.\u201d<\/p>\n\n\n\n<p class=\"wp-block-paragraph\">\u201cTemos de enfrentar pessoas como Max, da Red Bull, e obviamente Charles, que est\u00e1 fazendo um trabalho muito bom com a Ferrari no momento. Mas, como equipe, s\u00f3 precisamos continuar pressionando, eu preciso continuar pressionando, pessoalmente falando. H\u00e1 mais por vir, portanto\u201d, finalizou o piloto.<\/p>\n\n\n\n<figure class=\"wp-block-embed is-type-video is-provider-youtube wp-block-embed-youtube wp-embed-aspect-16-9 wp-has-aspect-ratio\"><div class=\"wp-block-embed__wrapper\">\n<iframe loading=\"lazy\" title=\"F\u00d3RMULA 1 2022: P\u00c9REZ TRIUNFA EM BOBEIRA DA FERRARI EM M\u00d4NACO | Paddock GP #289\" width=\"500\" height=\"281\" src=\"https:\/\/www.youtube.com\/embed\/ESu5P56IlOU?start=146&amp;feature=oembed\" frameborder=\"0\" allow=\"accelerometer; autoplay; clipboard-write; encrypted-media; gyroscope; picture-in-picture; web-share\" referrerpolicy=\"strict-origin-when-cross-origin\" allowfullscreen><\/iframe>\n<\/div><\/figure>\n","protected":false},"excerpt":{"rendered":"<p>George Russell falou sobre o trabalho incessante da Mercedes para voltar a brigar por vit\u00f3rias reiterou que acredita que ainda pode competir de igual para igual contra Red Bull e Ferrari este ano<\/p>\n","protected":false},"author":0,"featured_media":1000575506,"comment_status":"closed","ping_status":"closed","sticky":false,"template":"","format":"standard","meta":{"42wp_featured_image_caption":"","42wp_featured_image_credits":"","42wp_featured_video":"","42wp_featured_image_hidden":false,"42wp_authors_list":[],"footnotes":""},"categories":[2],"tags":[304,209,147,207,24837,800,996,25072,87,203,82,25071,204,30986,30389],"42wp_author":[47147],"class_list":["post-111722","post","type-post","status-publish","format-standard","has-post-thumbnail","hentry","category-f1","tag-barcelona","tag-charles-leclerc","tag-f1","tag-ferrari","tag-formula-1-2","tag-george-russell","tag-gp-da-espanha","tag-gp-de-monaco-2","tag-lewis-hamilton","tag-max-verstappen","tag-mercedes","tag-monaco-2","tag-red-bull","tag-temporada-2022-f1","tag-w13","42wp_author-luana-marino"],"_links":{"self":[{"href":"https:\/\/grandepremio.com\/br\/wp-json\/wp\/v2\/posts\/111722","targetHints":{"allow":["GET"]}}],"collection":[{"href":"https:\/\/grandepremio.com\/br\/wp-json\/wp\/v2\/posts"}],"about":[{"href":"https:\/\/grandepremio.com\/br\/wp-json\/wp\/v2\/types\/post"}],"replies":[{"embeddable":true,"href":"https:\/\/grandepremio.com\/br\/wp-json\/wp\/v2\/comments?post=111722"}],"version-history":[{"count":0,"href":"https:\/\/grandepremio.com\/br\/wp-json\/wp\/v2\/posts\/111722\/revisions"}],"wp:featuredmedia":[{"embeddable":true,"href":"https:\/\/grandepremio.com\/br\/wp-json\/wp\/v2\/media\/1000575506"}],"wp:attachment":[{"href":"https:\/\/grandepremio.com\/br\/wp-json\/wp\/v2\/media?parent=111722"}],"wp:term":[{"taxonomy":"category","embeddable":true,"href":"https:\/\/grandepremio.com\/br\/wp-json\/wp\/v2\/categories?post=111722"},{"taxonomy":"post_tag","embeddable":true,"href":"https:\/\/grandepremio.com\/br\/wp-json\/wp\/v2\/tags?post=111722"},{"taxonomy":"42wp_author","embeddable":true,"href":"https:\/\/grandepremio.com\/br\/wp-json\/wp\/v2\/42wp_author?post=111722"}],"curies":[{"name":"wp","href":"https:\/\/api.w.org\/{rel}","templated":true}]}}