{"id":111837,"date":"2022-05-29T17:39:30","date_gmt":"2022-05-29T20:39:30","guid":{"rendered":"https:\/\/grandepremio.com\/br\/noticias\/felipe-drugovich-dispara-ponta-f2-triunfo-monaco-confira-classificacao\/"},"modified":"2022-05-29T17:43:32","modified_gmt":"2022-05-29T20:43:32","slug":"felipe-drugovich-dispara-ponta-f2-triunfo-monaco-confira-classificacao","status":"publish","type":"post","link":"https:\/\/grandepremio.com\/br\/f2\/felipe-drugovich-dispara-ponta-f2-triunfo-monaco-confira-classificacao\/","title":{"rendered":"Drugovich dispara na ponta da F2 ap\u00f3s triunfo em M\u00f4naco. Confira classifica\u00e7\u00e3o"},"content":{"rendered":"\n<figure class=\"wp-block-embed is-type-video is-provider-youtube wp-block-embed-youtube wp-embed-aspect-16-9 wp-has-aspect-ratio\"><div class=\"wp-block-embed__wrapper\">\n<iframe loading=\"lazy\" title=\"F\u00d3RMULA 1 2022: P\u00c9REZ VENCE GP DE M\u00d4NACO DE F1. SAINZ E VERSTAPPEN NO P\u00d3DIO |  Briefing\" width=\"500\" height=\"281\" src=\"https:\/\/www.youtube.com\/embed\/FtMFqq3Y3yk?feature=oembed\" frameborder=\"0\" allow=\"accelerometer; autoplay; clipboard-write; encrypted-media; gyroscope; picture-in-picture; web-share\" referrerpolicy=\"strict-origin-when-cross-origin\" allowfullscreen><\/iframe>\n<\/div><\/figure>\n\n\n\n<p class=\"wp-block-paragraph\">Felipe Drugovich \u00e9 o nome do momento na F\u00f3rmula 2, <a href=\"https:\/\/www.grandepremio.com\/br\/grande-premio\/noticias\/felipe-drugovich-vence-corrida-2-monaco-abandono-sprint-lideranca-f2\/\" class=\"ek-link\">ap\u00f3s conquistar a vit\u00f3ria na corrida 2<\/a> deste domingo (28) em Monte Carlo. O brasileiro da MP Motorsport agora soma quatro triunfos e duas pole-positions na temporada 2022 da categoria e disparou ainda mais na lideran\u00e7a da competi\u00e7\u00e3o, com 113 pontos.<\/p>\n\n\n\n<p class=\"wp-block-paragraph\">S\u00e3o 32 pontos \u00e0 frente do vice-l\u00edder Th\u00e9o Pourchaire, da ART Grand Prix, duas vezes vencedor at\u00e9 aqui e segundo na prova 2. O campeonato da F\u00f3rmula 2 neste momento, coloca os dois como postulantes ao t\u00edtulo em 2022. O indiano Jehan Daruvala, da Prema, \u00e9 o terceiro com 58 tentos conquistados.<\/p>\n\n\n\n<p class=\"wp-block-paragraph\">Em quarto lugar, vem Marcus Armstrong, com 50. Em quinto, est\u00e1 J\u00fcri Vips, que chegou em terceiro na corrida 2 em M\u00f4naco, somou 19 pontos na rodada dupla e fecha a rodada monegasca com 49 pontos. Na sexta posi\u00e7\u00e3o, o australiano Jack Doohan, com 45 pontos e um quarto lugar na prova.<\/p>\n\n\n\n<figure class=\"wp-block-image size-large\"><img decoding=\"async\" src=\"https:\/\/www.grandepremio.com\/br\/wp-content\/uploads\/2022\/05\/284257903_179610487747873_6450978306428791734_n-1024x683.jpg\" alt=\"\" class=\"wp-image-578302\"\/><figcaption>Enzo Fittipaldi subiu cinco posi\u00e7\u00f5es na temporada 2022 da F2 e est\u00e1 em s\u00e9timo (Foto: Charouz)<\/figcaption><\/figure>\n\n\n\n<p class=\"wp-block-paragraph\">O brasileiro Enzo Fittipaldi consolida de vez o excelente ano com a Charouz e saltou de 12\u00ba para s\u00e9timo na classifica\u00e7\u00e3o geral da F2, com os 15 pontos desta quinta rodada e chegou aos 42 pontos. Em oitavo lugar no campeonato, vem o neozeland\u00eas Liam Lawson, da Carlin (38).<\/p>\n\n\n\n<p class=\"wp-block-paragraph\"><strong>\u25b6\ufe0f&nbsp;Inscreva-se nos dois canais do GRANDE PR\u00caMIO no YouTube:&nbsp;<a href=\"https:\/\/www.youtube.com\/channel\/UC9OlHEgxoaY6QY6nWPoiqQg?sub_confirmation=1\" target=\"_blank\" rel=\"noreferrer noopener\">GP<\/a>&nbsp;|&nbsp;<a href=\"https:\/\/www.youtube.com\/channel\/UC9csiS6q_C3C0FYhyr1rnFA?sub_confirmation=1\" target=\"_blank\" rel=\"noreferrer noopener\">GP2<\/a><\/strong><\/p>\n\n\n\n<p class=\"wp-block-paragraph\">Fechando o top-10 da F\u00f3rmula 2, o norte-americano Logan Sargeant, da Carlin, tamb\u00e9m com 38 pontos e, empatados com 32, est\u00e3o Richard Verschoor, da Trident, e Ralph Boschung, da Campos, <a href=\"https:\/\/www.grandepremio.com\/br\/f2\/noticias\/ralph-boschung-volta-sentir-dores-pescoco-perde-tambem-etapa-monaco-f2\/\" class=\"ek-link\">que n\u00e3o participou da rodada dupla<\/a> em M\u00f4naco por conta de uma les\u00e3o no pesco\u00e7o.<\/p>\n\n\n\n<p class=\"wp-block-paragraph\">A F2 volta \u00e0s pistas nos dias 11 e 12 de junho para a rodada dupla no circuito de Baku, no Azerbaij\u00e3o.<\/p>\n\n\n\n<p class=\"wp-block-paragraph\"><strong>Confira classifica\u00e7\u00e3o completa da&nbsp;<a href=\"https:\/\/www.grandepremio.com\/br\/f2\/\" target=\"_blank\" rel=\"noreferrer noopener\">F2<\/a>&nbsp;ap\u00f3s 5 etapas:<\/strong><\/p>\n\n\n\n<figure class=\"wp-block-table\"><table><tbody><tr><td>&nbsp;<\/td><td>&nbsp;<\/td><td>&nbsp;<\/td><td>Poles<\/td><td>Vit\u00f3rias<\/td><td>Pontos<\/td><\/tr><tr><td>1<\/td><td>Felipe Drugovich<\/td><td>MP Motorsport<\/td><td>2<\/td><td>4<\/td><td>113<\/td><\/tr><tr><td>2<\/td><td>Th\u00e9o Pourchaire<\/td><td>ART Grand Prix<\/td><td>0<\/td><td>2<\/td><td>81<\/td><\/tr><tr><td>3<\/td><td>Jehan Daruvala<\/td><td>Prema<\/td><td>0<\/td><td>0<\/td><td>53<\/td><\/tr><tr><td>4<\/td><td>Marcus Armstrong<\/td><td>Hitech<\/td><td>0<\/td><td>1<\/td><td>50<\/td><\/tr><tr><td>5<\/td><td>J\u00fcri Vips<\/td><td>Hitech<\/td><td>1<\/td><td>0<\/td><td>49<\/td><\/tr><tr><td>6<\/td><td>Jack Doohan<\/td><td>Virtuosi<\/td><td>2<\/td><td>0<\/td><td>45<\/td><\/tr><tr><td>7<\/td><td>Enzo Fittipaldi<\/td><td>Charouz<\/td><td>0<\/td><td>0<\/td><td>42<\/td><\/tr><tr><td>8<\/td><td>Liam Lawson<\/td><td>Carlin<\/td><td>0<\/td><td>1<\/td><td>38<\/td><\/tr><tr><td>9<\/td><td>Logan Sargeant<\/td><td>Carlin<\/td><td>0<\/td><td>0<\/td><td>38<\/td><\/tr><tr><td>10<\/td><td>Richard Verschoor<\/td><td>Trident<\/td><td>0<\/td><td>1<\/td><td>32<\/td><\/tr><tr><td>11<\/td><td>Ralph Boschung<\/td><td>Campos<\/td><td>0<\/td><td>0<\/td><td>32<\/td><\/tr><tr><td>12<\/td><td>Dennis Hauger<\/td><td>Prema<\/td><td>0<\/td><td>0<\/td><td>30<\/td><\/tr><tr><td>13<\/td><td>Ayumu Iwasa<\/td><td>DAMS<\/td><td>0<\/td><td>0<\/td><td>28<\/td><\/tr><tr><td>14<\/td><td>Frederik Vesti<\/td><td>ART Grand Prix<\/td><td>0<\/td><td>0<\/td><td>25<\/td><\/tr><tr><td>15<\/td><td>Cl\u00e9ment Novalak<\/td><td>MP Motorsport<\/td><td>0<\/td><td>0<\/td><td>22<\/td><\/tr><tr><td>16<\/td><td>Roy Nissany<\/td><td>DAMS<\/td><td>0<\/td><td>0<\/td><td>14<\/td><\/tr><tr><td>17<\/td><td>Jake Hughes<\/td><td>Van Amersfoort<\/td><td>0<\/td><td>0<\/td><td>14<\/td><\/tr><tr><td>18<\/td><td>Calan Williams<\/td><td>Trident<\/td><td>0<\/td><td>0<\/td><td>5<\/td><\/tr><tr><td>19<\/td><td>David Beckmann<\/td><td>Charouz<\/td><td>0<\/td><td>0<\/td><td>4<\/td><\/tr><tr><td>20<\/td><td>Marino Sato<\/td><td>Virtuosi<\/td><td>0<\/td><td>0<\/td><td>2<\/td><\/tr><tr><td>21<\/td><td>Cem B\u00f6l\u00fckba\u015f\u0131<\/td><td>Campos<\/td><td>0<\/td><td>0<\/td><td>0<\/td><\/tr><tr><td>22<\/td><td>Olli Caldwell<\/td><td>Charouz<\/td><td>0<\/td><td>0<\/td><td>0<\/td><\/tr><tr><td>23<\/td><td>Amaury Cordeel<\/td><td>Van Amersfoort<\/td><td>0<\/td><td>0<\/td><td>0<\/td><\/tr><\/tbody><\/table><\/figure>\n","protected":false},"excerpt":{"rendered":"<p>Felipe Drugovich venceu a quarta corrida na temporada 2022 da F2 e aumentou vantagem na lideran\u00e7a. Fittipaldi subiu cinco posi\u00e7\u00f5es na tabela e est\u00e1 em s\u00e9timo<\/p>\n","protected":false},"author":0,"featured_media":1000578285,"comment_status":"closed","ping_status":"closed","sticky":false,"template":"","format":"standard","meta":{"42wp_featured_image_caption":"","42wp_featured_image_credits":"","42wp_featured_video":"","42wp_featured_image_hidden":false,"42wp_authors_list":[],"footnotes":""},"categories":[9],"tags":[409,29651,1024,29650,2971,25071,764,26113],"42wp_author":[47128],"class_list":["post-111837","post","type-post","status-publish","format-standard","has-post-thumbnail","hentry","category-f2","tag-enzo-fittipaldi","tag-f2-2022","tag-felipe-drugovich","tag-formula-2-2022","tag-jehan-daruvala","tag-monaco-2","tag-monte-carlo","tag-theo-pourchaire-2","42wp_author-guilherme-bloisi"],"_links":{"self":[{"href":"https:\/\/grandepremio.com\/br\/wp-json\/wp\/v2\/posts\/111837","targetHints":{"allow":["GET"]}}],"collection":[{"href":"https:\/\/grandepremio.com\/br\/wp-json\/wp\/v2\/posts"}],"about":[{"href":"https:\/\/grandepremio.com\/br\/wp-json\/wp\/v2\/types\/post"}],"replies":[{"embeddable":true,"href":"https:\/\/grandepremio.com\/br\/wp-json\/wp\/v2\/comments?post=111837"}],"version-history":[{"count":0,"href":"https:\/\/grandepremio.com\/br\/wp-json\/wp\/v2\/posts\/111837\/revisions"}],"wp:featuredmedia":[{"embeddable":true,"href":"https:\/\/grandepremio.com\/br\/wp-json\/wp\/v2\/media\/1000578285"}],"wp:attachment":[{"href":"https:\/\/grandepremio.com\/br\/wp-json\/wp\/v2\/media?parent=111837"}],"wp:term":[{"taxonomy":"category","embeddable":true,"href":"https:\/\/grandepremio.com\/br\/wp-json\/wp\/v2\/categories?post=111837"},{"taxonomy":"post_tag","embeddable":true,"href":"https:\/\/grandepremio.com\/br\/wp-json\/wp\/v2\/tags?post=111837"},{"taxonomy":"42wp_author","embeddable":true,"href":"https:\/\/grandepremio.com\/br\/wp-json\/wp\/v2\/42wp_author?post=111837"}],"curies":[{"name":"wp","href":"https:\/\/api.w.org\/{rel}","templated":true}]}}