{"id":111843,"date":"2022-05-29T16:46:50","date_gmt":"2022-05-29T19:46:50","guid":{"rendered":"https:\/\/grandepremio.com\/br\/noticias\/fia-rejeita-protesto-ferrari-confirma-podio-max-verstappen-monaco-formula-1\/"},"modified":"2022-05-29T17:46:20","modified_gmt":"2022-05-29T20:46:20","slug":"fia-rejeita-protesto-ferrari-confirma-podio-max-verstappen-monaco-formula-1","status":"publish","type":"post","link":"https:\/\/grandepremio.com\/br\/f1\/fia-rejeita-protesto-ferrari-confirma-podio-max-verstappen-monaco-formula-1\/","title":{"rendered":"FIA rejeita protesto da Ferrari e confirma p\u00f3dio de Verstappen no GP de M\u00f4naco"},"content":{"rendered":"\n<figure class=\"wp-block-embed is-type-video is-provider-youtube wp-block-embed-youtube wp-embed-aspect-16-9 wp-has-aspect-ratio\"><div class=\"wp-block-embed__wrapper\">\n<iframe loading=\"lazy\" title=\"F\u00d3RMULA 1 2022: P\u00c9REZ VENCE GP DE M\u00d4NACO DE F1. SAINZ E VERSTAPPEN NO P\u00d3DIO |  Briefing\" width=\"500\" height=\"281\" src=\"https:\/\/www.youtube.com\/embed\/FtMFqq3Y3yk?feature=oembed\" frameborder=\"0\" allow=\"accelerometer; autoplay; clipboard-write; encrypted-media; gyroscope; picture-in-picture; web-share\" referrerpolicy=\"strict-origin-when-cross-origin\" allowfullscreen><\/iframe>\n<\/div><figcaption>F\u00d3RMULA 1 2022: TUDO SOBRE O GP DE M\u00d4NACO | Briefing<\/figcaption><\/figure>\n\n\n\n<p class=\"wp-block-paragraph\">Nada vai mudar no resultado final do <a href=\"https:\/\/www.grandepremio.com\/br\/f1\/noticias\/sergio-perez-aproveita-confusao-ferrari-charles-leclerc-vence-monaco-formula-1\/\" class=\"ek-link\"><strong>GP de M\u00f4naco de F\u00f3rmula 1<\/strong><\/a>, disputado neste domingo (29), em Monte Carlo. Os comiss\u00e1rios da FIA escutaram o <strong><a href=\"https:\/\/www.grandepremio.com\/br\/f1\/noticias\/ferrari-protesta-contra-max-verstappen-pisada-linha-pit-lane-monaco\/\" class=\"ek-link\">protesto feito<\/a><\/strong> pela Ferrari ao resultado final de Max Verstappen, investigaram, mas conclu\u00edram que n\u00e3o procedia. Assim, negaram o protesto e mantiveram o terceiro lugar do atual l\u00edder do campeonato.<\/p>\n\n\n\n<p class=\"wp-block-paragraph\"><strong>\u25b6\ufe0f\u00a0Inscreva-se nos dois canais do GRANDE PR\u00caMIO no YouTube:\u00a0<a href=\"https:\/\/www.youtube.com\/channel\/UC9OlHEgxoaY6QY6nWPoiqQg?sub_confirmation=1\" target=\"_blank\" rel=\"noreferrer noopener\">GP<\/a>\u00a0|\u00a0<a href=\"https:\/\/www.youtube.com\/channel\/UC9csiS6q_C3C0FYhyr1rnFA?sub_confirmation=1\" target=\"_blank\" rel=\"noreferrer noopener\">GP2<\/a><\/strong><\/p>\n\n\n\n<p class=\"wp-block-paragraph\">A reclama\u00e7\u00e3o se dera por conta de uma pisada de Verstappen na linha branca de sa\u00edda do pit-lane. Aconteceu na 23\u00aa volta, quando Verstappen voltava do segundo pit-stop &#8211; a resposta da Red Bull uma volta ap\u00f3s a Ferrari colocar pneus slick em seus dois carros. Para se defender da chegada de Charles Leclerc, Verstappen se moveu para dentro da pista antes da hora e cruzou a linha branca.<\/p>\n\n\n\n<p class=\"wp-block-paragraph\">A transmiss\u00e3o de TV at\u00e9 mostrou o momento ao vivo e, depois, em replay, mas mesmo assim os comiss\u00e1rios sequer anunciaram que avaliariam a situa\u00e7\u00e3o. O momento simplesmente passou e, desta feita, Verstappen manteve o terceiro lugar e Leclerc ficou mesmo em quarto.<\/p>\n\n\n\n<figure class=\"wp-block-image size-large\"><img decoding=\"async\" src=\"https:\/\/www.grandepremio.com\/br\/wp-content\/uploads\/2022\/05\/redbull-maxverstappen-02-13-1024x683.jpg\" alt=\"\" class=\"wp-image-577868\"\/><figcaption>Max Verstappen teve o resultado sob protesto (Foto: Red Bull Content Pool)<\/figcaption><\/figure>\n\n\n\n<p class=\"wp-block-paragraph\">Depois da prova, a Ferrari resolveu reclamar, uma vez que, oficialmente, os pilotos s\u00f3 podem atravessar a linha branca do pit-lane por quest\u00f5es de seguran\u00e7a.<\/p>\n\n\n\n<p class=\"wp-block-paragraph\">De acordo com o chefe da Red Bull, Christian Horner, n\u00e3o houve qualquer conversa sobre o lance com os oficiais da FIA durante a corrida. Agora, ter\u00e3o de avaliar de perto.<\/p>\n\n\n\n<p class=\"wp-block-paragraph\">A FIA chamou tanto Verstappen e tamb\u00e9m Sergio P\u00e9rez, que n\u00e3o constava no protesto original &#8211; para conversar com rela\u00e7\u00e3o \u00e0 reclama\u00e7\u00e3o oficial de que os dois n\u00e3o ficaram \u00e0 direita da linha branca at\u00e9 quando deveriam. O chefe da Ferrari, Mattia Binotto, <strong><a href=\"https:\/\/www.grandepremio.com\/br\/f1\/noticias\/ferrari-precisa-entender-erros-custaram-vitoria-charles-leclerc-monaco\/\" class=\"ek-link\">falou sobre a situa\u00e7\u00e3o ap\u00f3s a corrida<\/a><\/strong>. <\/p>\n\n\n\n<p class=\"wp-block-paragraph\">A F\u00f3rmula 1 volta em duas semanas, entre os dias 10-12 de junho, em Baku, com o GP do Azerbaij\u00e3o.<\/p>\n\n\n\n<figure class=\"wp-block-embed is-type-rich is-provider-spotify wp-block-embed-spotify wp-embed-aspect-21-9 wp-has-aspect-ratio\"><div class=\"wp-block-embed__wrapper\">\n<iframe title=\"Spotify Embed: Paddockast #149: O esquenta das 500 Milhas de Indian\u00e1polis 2022\" style=\"border-radius: 12px\" width=\"100%\" height=\"152\" frameborder=\"0\" allowfullscreen allow=\"autoplay; clipboard-write; encrypted-media; fullscreen; picture-in-picture\" loading=\"lazy\" src=\"https:\/\/open.spotify.com\/embed\/episode\/6aMhz8Z332rDF3VVOpWx0M?utm_source=oembed\"><\/iframe>\n<\/div><figcaption>Paddockast #149: O esquenta das 500 Milhas de Indian\u00e1polis 2022<\/figcaption><\/figure>\n","protected":false},"excerpt":{"rendered":"<p>Os comiss\u00e1rios da FIA escutaram o protesto da Ferrari, investigaram e conclu\u00edram que n\u00e3o cabia. Assim, tudo fica como antes<\/p>\n","protected":false},"author":0,"featured_media":1000577935,"comment_status":"closed","ping_status":"closed","sticky":false,"template":"","format":"standard","meta":{"42wp_featured_image_caption":"","42wp_featured_image_credits":"","42wp_featured_video":"","42wp_featured_image_hidden":false,"42wp_authors_list":[],"footnotes":""},"categories":[2],"tags":[209,1357,207,31064,25072,24836,28285,203,204,30309],"42wp_author":[47120],"class_list":["post-111843","post","type-post","status-publish","format-standard","has-post-thumbnail","hentry","category-f1","tag-charles-leclerc","tag-f1-2022","tag-ferrari","tag-formula-1-2022-3","tag-gp-de-monaco-2","tag-grande-premio-2","tag-grandepremio","tag-max-verstappen","tag-red-bull","tag-sergio-perez-4","42wp_author-pedro-henrique-marum"],"_links":{"self":[{"href":"https:\/\/grandepremio.com\/br\/wp-json\/wp\/v2\/posts\/111843","targetHints":{"allow":["GET"]}}],"collection":[{"href":"https:\/\/grandepremio.com\/br\/wp-json\/wp\/v2\/posts"}],"about":[{"href":"https:\/\/grandepremio.com\/br\/wp-json\/wp\/v2\/types\/post"}],"replies":[{"embeddable":true,"href":"https:\/\/grandepremio.com\/br\/wp-json\/wp\/v2\/comments?post=111843"}],"version-history":[{"count":0,"href":"https:\/\/grandepremio.com\/br\/wp-json\/wp\/v2\/posts\/111843\/revisions"}],"wp:featuredmedia":[{"embeddable":true,"href":"https:\/\/grandepremio.com\/br\/wp-json\/wp\/v2\/media\/1000577935"}],"wp:attachment":[{"href":"https:\/\/grandepremio.com\/br\/wp-json\/wp\/v2\/media?parent=111843"}],"wp:term":[{"taxonomy":"category","embeddable":true,"href":"https:\/\/grandepremio.com\/br\/wp-json\/wp\/v2\/categories?post=111843"},{"taxonomy":"post_tag","embeddable":true,"href":"https:\/\/grandepremio.com\/br\/wp-json\/wp\/v2\/tags?post=111843"},{"taxonomy":"42wp_author","embeddable":true,"href":"https:\/\/grandepremio.com\/br\/wp-json\/wp\/v2\/42wp_author?post=111843"}],"curies":[{"name":"wp","href":"https:\/\/api.w.org\/{rel}","templated":true}]}}