{"id":111847,"date":"2022-05-29T16:26:27","date_gmt":"2022-05-29T19:26:27","guid":{"rendered":"https:\/\/grandepremio.com\/br\/noticias\/band-passa-duas-horas-vice-lideranca-audiencia-formula-1-monaco\/"},"modified":"2022-05-29T17:46:43","modified_gmt":"2022-05-29T20:46:43","slug":"band-passa-duas-horas-vice-lideranca-audiencia-formula-1-monaco","status":"publish","type":"post","link":"https:\/\/grandepremio.com\/br\/f1\/band-passa-duas-horas-vice-lideranca-audiencia-formula-1-monaco\/","title":{"rendered":"Band passa duas horas na vice-lideran\u00e7a por audi\u00eancia com GP de M\u00f4naco de F1"},"content":{"rendered":"\n<figure class=\"wp-block-embed is-type-video is-provider-youtube wp-block-embed-youtube wp-embed-aspect-16-9 wp-has-aspect-ratio\"><div class=\"wp-block-embed__wrapper\">\n<iframe loading=\"lazy\" title=\"F\u00d3RMULA 1 2022: P\u00c9REZ VENCE GP DE M\u00d4NACO DE F1. SAINZ E VERSTAPPEN NO P\u00d3DIO |  Briefing\" width=\"500\" height=\"281\" src=\"https:\/\/www.youtube.com\/embed\/FtMFqq3Y3yk?feature=oembed\" frameborder=\"0\" allow=\"accelerometer; autoplay; clipboard-write; encrypted-media; gyroscope; picture-in-picture; web-share\" referrerpolicy=\"strict-origin-when-cross-origin\" allowfullscreen><\/iframe>\n<\/div><figcaption>F\u00d3RMULA 1 2022: TUDO SOBRE O GP DE M\u00d4NACO | Briefing<\/figcaption><\/figure>\n\n\n\n<p class=\"wp-block-paragraph\">A transmiss\u00e3o do <strong><a href=\"https:\/\/www.grandepremio.com\/br\/f1\/noticias\/sergio-perez-aproveita-confusao-ferrari-charles-leclerc-vence-monaco-formula-1\/\" class=\"ek-link\">GP de M\u00f4naco deste domingo (29)<\/a><\/strong> na TV brasileira foi longa, mas de certo sucesso por parte da Band. Isso porque a emissora paulistana conseguiu passar quase duas horas na segunda coloca\u00e7\u00e3o da briga entre as emissoras de TV aberta &#8211; atr\u00e1s somente da Globo.<\/p>\n\n\n\n<p class=\"wp-block-paragraph\">As informa\u00e7\u00f5es s\u00e3o do site Teleguiado, especializado em TV e parceiro do <strong>GRANDE PR\u00caMIO<\/strong>. Na pesquisa preliminar da audi\u00eancia, a Band assumiu o segundo lugar antes mesmo da largada, \u00e0s 9h34 [hor\u00e1rio de Bras\u00edlia] e s\u00f3 foi perturbada por volta das 11h30, quando o SBT entrou no ar com o &#8216;Domingo Legal&#8217;.<\/p>\n\n\n\n<p class=\"wp-block-paragraph\"><strong>\u25b6\ufe0f\u00a0Inscreva-se nos dois canais do GRANDE PR\u00caMIO no YouTube:\u00a0<a href=\"https:\/\/www.youtube.com\/channel\/UC9OlHEgxoaY6QY6nWPoiqQg?sub_confirmation=1\" target=\"_blank\" rel=\"noreferrer noopener\">GP<\/a>\u00a0|\u00a0<a href=\"https:\/\/www.youtube.com\/channel\/UC9csiS6q_C3C0FYhyr1rnFA?sub_confirmation=1\" target=\"_blank\" rel=\"noreferrer noopener\">GP2<\/a><\/strong><\/p>\n\n\n\n<figure class=\"wp-block-image size-large\"><img decoding=\"async\" src=\"https:\/\/www.grandepremio.com\/br\/wp-content\/uploads\/2022\/05\/mercedes-georgerussell-02-10-1024x683.jpg\" alt=\"\" class=\"wp-image-577866\"\/><figcaption>M\u00f4naco rendeu para a Band (Foto: Mercedes)<\/figcaption><\/figure>\n\n\n\n<p class=\"wp-block-paragraph\">Ao longo das mais de tr\u00eas horas de transmiss\u00e3o, a Band contou com m\u00e9dia de 4 pontos e chegou at\u00e9 ao pico de 5, o que embolou a disputa pela vice-lideran\u00e7a geral entre a Band, SBT e Record. Os n\u00fameros do mercado de S\u00e3o Paulo s\u00e3o preliminares e ser\u00e3o oficializados na segunda-feira.<\/p>\n\n\n\n<p class=\"wp-block-paragraph\">J\u00e1 no Rio de Janeiro, a transmiss\u00e3o do GP de M\u00f4naco bateu recorde de audi\u00eancia, aponta o Teleguiado: atingiu m\u00e9dia de 3 pontos e foi vice por mais ou menos 13 minutos &#8211; ficou em quarto na m\u00e9dia geral.<\/p>\n\n\n\n<p class=\"wp-block-paragraph\">Na pista, Sergio P\u00e9rez venceu a prova ap\u00f3s a Ferrari se enrolar com a estrat\u00e9gia de Charles Leclerc.<\/p>\n\n\n\n<p class=\"wp-block-paragraph\">A F\u00f3rmula 1 volta em duas semanas, entre os dias 10-12 de junho, em Baku, com o GP do Azerbaij\u00e3o.<\/p>\n\n\n\n<figure class=\"wp-block-embed is-type-rich is-provider-spotify wp-block-embed-spotify wp-embed-aspect-21-9 wp-has-aspect-ratio\"><div class=\"wp-block-embed__wrapper\">\n<iframe title=\"Spotify Embed: Paddockast #149: O esquenta das 500 Milhas de Indian\u00e1polis 2022\" style=\"border-radius: 12px\" width=\"100%\" height=\"152\" frameborder=\"0\" allowfullscreen allow=\"autoplay; clipboard-write; encrypted-media; fullscreen; picture-in-picture\" loading=\"lazy\" src=\"https:\/\/open.spotify.com\/embed\/episode\/6aMhz8Z332rDF3VVOpWx0M?utm_source=oembed\"><\/iframe>\n<\/div><figcaption>Paddockast #149: O esquenta das 500 Milhas de Indian\u00e1polis 2022<\/figcaption><\/figure>\n","protected":false},"excerpt":{"rendered":"<p>A audi\u00eancia do GP de M\u00f4naco de F\u00f3rmula 1 colocou a Band atr\u00e1s apenas da Globo na briga da televis\u00e3o aberta do Brasil<\/p>\n","protected":false},"author":0,"featured_media":1000577894,"comment_status":"closed","ping_status":"closed","sticky":false,"template":"","format":"standard","meta":{"42wp_featured_image_caption":"","42wp_featured_image_credits":"","42wp_featured_video":"","42wp_featured_image_hidden":false,"42wp_authors_list":[],"footnotes":""},"categories":[2],"tags":[1280,1357,31064,25072,24836,28285],"42wp_author":[47120],"class_list":["post-111847","post","type-post","status-publish","format-standard","has-post-thumbnail","hentry","category-f1","tag-band","tag-f1-2022","tag-formula-1-2022-3","tag-gp-de-monaco-2","tag-grande-premio-2","tag-grandepremio","42wp_author-pedro-henrique-marum"],"_links":{"self":[{"href":"https:\/\/grandepremio.com\/br\/wp-json\/wp\/v2\/posts\/111847","targetHints":{"allow":["GET"]}}],"collection":[{"href":"https:\/\/grandepremio.com\/br\/wp-json\/wp\/v2\/posts"}],"about":[{"href":"https:\/\/grandepremio.com\/br\/wp-json\/wp\/v2\/types\/post"}],"replies":[{"embeddable":true,"href":"https:\/\/grandepremio.com\/br\/wp-json\/wp\/v2\/comments?post=111847"}],"version-history":[{"count":0,"href":"https:\/\/grandepremio.com\/br\/wp-json\/wp\/v2\/posts\/111847\/revisions"}],"wp:featuredmedia":[{"embeddable":true,"href":"https:\/\/grandepremio.com\/br\/wp-json\/wp\/v2\/media\/1000577894"}],"wp:attachment":[{"href":"https:\/\/grandepremio.com\/br\/wp-json\/wp\/v2\/media?parent=111847"}],"wp:term":[{"taxonomy":"category","embeddable":true,"href":"https:\/\/grandepremio.com\/br\/wp-json\/wp\/v2\/categories?post=111847"},{"taxonomy":"post_tag","embeddable":true,"href":"https:\/\/grandepremio.com\/br\/wp-json\/wp\/v2\/tags?post=111847"},{"taxonomy":"42wp_author","embeddable":true,"href":"https:\/\/grandepremio.com\/br\/wp-json\/wp\/v2\/42wp_author?post=111847"}],"curies":[{"name":"wp","href":"https:\/\/api.w.org\/{rel}","templated":true}]}}