{"id":111856,"date":"2022-05-29T14:40:00","date_gmt":"2022-05-29T17:40:00","guid":{"rendered":"https:\/\/grandepremio.com\/br\/noticias\/sergio-perez-embola-luta-lideranca-vitoria-monaco-confira-classificacao\/"},"modified":"2022-05-29T14:41:40","modified_gmt":"2022-05-29T17:41:40","slug":"sergio-perez-embola-luta-lideranca-vitoria-monaco-confira-classificacao","status":"publish","type":"post","link":"https:\/\/grandepremio.com\/br\/f1\/sergio-perez-embola-luta-lideranca-vitoria-monaco-confira-classificacao\/","title":{"rendered":"P\u00e9rez embola luta por lideran\u00e7a com vit\u00f3ria no GP de M\u00f4naco: confira classifica\u00e7\u00e3o"},"content":{"rendered":"\n<figure class=\"wp-block-embed is-type-video is-provider-youtube wp-block-embed-youtube wp-embed-aspect-16-9 wp-has-aspect-ratio\"><div class=\"wp-block-embed__wrapper\">\n<iframe loading=\"lazy\" title=\"F\u00d3RMULA 1 2022: P\u00c9REZ VENCE GP DE M\u00d4NACO DE F1. SAINZ E VERSTAPPEN NO P\u00d3DIO |  Briefing\" width=\"500\" height=\"281\" src=\"https:\/\/www.youtube.com\/embed\/FtMFqq3Y3yk?feature=oembed\" frameborder=\"0\" allow=\"accelerometer; autoplay; clipboard-write; encrypted-media; gyroscope; picture-in-picture; web-share\" referrerpolicy=\"strict-origin-when-cross-origin\" allowfullscreen><\/iframe>\n<\/div><figcaption>F\u00d3RMULA 1 2022: TUDO SOBRE O GP DE M\u00d4NACO | Briefing<\/figcaption><\/figure>\n\n\n\n<p class=\"wp-block-paragraph\">Senhoras e senhores, Sergio P\u00e9rez est\u00e1 na briga pelo t\u00edtulo mundial de F\u00f3rmula 1. \u00c9 uma conclus\u00e3o poss\u00edvel ap\u00f3s a s\u00e9tima etapa do Mundial de 2022, o <strong><a href=\"https:\/\/www.grandepremio.com\/br\/f1\/noticias\/sergio-perez-aproveita-confusao-ferrari-charles-leclerc-vence-monaco-formula-1\/\" class=\"ek-link\">GP de M\u00f4naco deste domingo (29)<\/a><\/strong>. P\u00e9rez teve atua\u00e7\u00e3o fort\u00edssima, como em todo o fim de semana, e partiu para uma vit\u00f3ria que impulsionou o piloto da Red Bull a 110 pontos.<\/p>\n\n\n\n<p class=\"wp-block-paragraph\">Na pr\u00e1tica, P\u00e9rez segue na mesma posi\u00e7\u00e3o que estava antes: o terceiro lugar. A quest\u00e3o \u00e9 que est\u00e1 somente 15 tentos atr\u00e1s do l\u00edder Max Verstappen e apenas seis defasado para Charles Leclerc. \u00c9 uma conquista daquelas ap\u00f3s uma sequ\u00eancia de duas corridas em que a Ferrari tinha vantagem e que P\u00e9rez foi, \u00e9 necess\u00e1rio dizer, o piloto que mais pontuou na F1.<\/p>\n\n\n\n<p class=\"wp-block-paragraph\"><strong>+ <a href=\"https:\/\/www.grandepremio.com\/br\/f1\/classificacao\/\" class=\"ek-link\">A CLASSIFICA\u00c7\u00c3O DOS MUNDIAIS DE PILOTOS E DE CONSTRUTORES AP\u00d3S O GP DE M\u00d4NACO<\/a><\/strong><\/p>\n\n\n\n<figure class=\"wp-block-image size-large\"><img decoding=\"async\" src=\"https:\/\/www.grandepremio.com\/br\/wp-content\/uploads\/2022\/05\/SI202205290413_hires_jpeg_24bit_rgb-1024x710.jpg\" alt=\"\" class=\"wp-image-577981\"\/><figcaption>Sergio P\u00e9rez est\u00e1 s\u00f3 15 pontos atr\u00e1s de Verstappen (Foto: Red Bull Content Pool)<\/figcaption><\/figure>\n\n\n\n<p class=\"wp-block-paragraph\">Mesmo com isso, Verstappen ampliou a lideran\u00e7a para nove pontos, j\u00e1 que foi o terceiro colocado e viu Leclerc terminar somente no quarto lugar. George Russell mant\u00e9m a escrita do ano como \u00fanico piloto a terminar no top-5 em todas as corridas, mesmo com uma capenga Mercedes: foi quinto e est\u00e1 na quarta posi\u00e7\u00e3o do campeonato, com 84 pontos. Carlos Sainz tem 83.<\/p>\n\n\n\n<p class=\"wp-block-paragraph\">O top-10 do Mundial de Pilotos tem ainda Lewis Hamilton (50), Lando Norris (48), Valtteri Bottas (40), Esteban Ocon (30) e Kevin Magnussen (15).<\/p>\n\n\n\n<p class=\"wp-block-paragraph\"><strong>\u25b6\ufe0f&nbsp;Inscreva-se nos dois canais do GRANDE PR\u00caMIO no YouTube:&nbsp;<a href=\"https:\/\/www.youtube.com\/channel\/UC9OlHEgxoaY6QY6nWPoiqQg?sub_confirmation=1\" target=\"_blank\" rel=\"noreferrer noopener\">GP<\/a>&nbsp;|&nbsp;<a href=\"https:\/\/www.youtube.com\/channel\/UC9csiS6q_C3C0FYhyr1rnFA?sub_confirmation=1\" target=\"_blank\" rel=\"noreferrer noopener\">GP2<\/a><\/strong><\/p>\n\n\n\n<p class=\"wp-block-paragraph\">J\u00e1 no Mundial de Construtores, a Red Bull vai a 235 tentos contra 199 da Ferrari. A Mercedes conta com 134, enquanto a McLaren (59), Alfa Romeo (41), Alpine (40), AlphaTauri (17), Haas (15), Aston Martin (7) e Williams (3) finalizam a lista.<\/p>\n\n\n\n<p class=\"wp-block-paragraph\">A F\u00f3rmula 1 volta em duas semanas, entre os dias 10-12 de junho, em Baku, com o GP do Azerbaij\u00e3o.<\/p>\n\n\n\n<figure class=\"wp-block-embed is-type-rich is-provider-spotify wp-block-embed-spotify wp-embed-aspect-21-9 wp-has-aspect-ratio\"><div class=\"wp-block-embed__wrapper\">\n<iframe title=\"Spotify Embed: Paddockast #149: O esquenta das 500 Milhas de Indian\u00e1polis 2022\" style=\"border-radius: 12px\" width=\"100%\" height=\"152\" frameborder=\"0\" allowfullscreen allow=\"autoplay; clipboard-write; encrypted-media; fullscreen; picture-in-picture\" loading=\"lazy\" src=\"https:\/\/open.spotify.com\/embed\/episode\/6aMhz8Z332rDF3VVOpWx0M?utm_source=oembed\"><\/iframe>\n<\/div><figcaption>Paddockast #149: O esquenta das 500 Milhas de Indian\u00e1polis 2022<\/figcaption><\/figure>\n","protected":false},"excerpt":{"rendered":"<p>Sergio P\u00e9rez foi dominante na briga interna da Red Bull em M\u00f4naco e se colocou como fator na luta pelo t\u00edtulo ao se aproximar tanto de Max Verstappen<\/p>\n","protected":false},"author":0,"featured_media":1000578000,"comment_status":"closed","ping_status":"closed","sticky":false,"template":"","format":"standard","meta":{"42wp_featured_image_caption":"","42wp_featured_image_credits":"","42wp_featured_video":"","42wp_featured_image_hidden":false,"42wp_authors_list":[],"footnotes":""},"categories":[2],"tags":[209,1357,31064,25072,24836,28285,203,204,30309],"42wp_author":[47120],"class_list":["post-111856","post","type-post","status-publish","format-standard","has-post-thumbnail","hentry","category-f1","tag-charles-leclerc","tag-f1-2022","tag-formula-1-2022-3","tag-gp-de-monaco-2","tag-grande-premio-2","tag-grandepremio","tag-max-verstappen","tag-red-bull","tag-sergio-perez-4","42wp_author-pedro-henrique-marum"],"_links":{"self":[{"href":"https:\/\/grandepremio.com\/br\/wp-json\/wp\/v2\/posts\/111856","targetHints":{"allow":["GET"]}}],"collection":[{"href":"https:\/\/grandepremio.com\/br\/wp-json\/wp\/v2\/posts"}],"about":[{"href":"https:\/\/grandepremio.com\/br\/wp-json\/wp\/v2\/types\/post"}],"replies":[{"embeddable":true,"href":"https:\/\/grandepremio.com\/br\/wp-json\/wp\/v2\/comments?post=111856"}],"version-history":[{"count":0,"href":"https:\/\/grandepremio.com\/br\/wp-json\/wp\/v2\/posts\/111856\/revisions"}],"wp:featuredmedia":[{"embeddable":true,"href":"https:\/\/grandepremio.com\/br\/wp-json\/wp\/v2\/media\/1000578000"}],"wp:attachment":[{"href":"https:\/\/grandepremio.com\/br\/wp-json\/wp\/v2\/media?parent=111856"}],"wp:term":[{"taxonomy":"category","embeddable":true,"href":"https:\/\/grandepremio.com\/br\/wp-json\/wp\/v2\/categories?post=111856"},{"taxonomy":"post_tag","embeddable":true,"href":"https:\/\/grandepremio.com\/br\/wp-json\/wp\/v2\/tags?post=111856"},{"taxonomy":"42wp_author","embeddable":true,"href":"https:\/\/grandepremio.com\/br\/wp-json\/wp\/v2\/42wp_author?post=111856"}],"curies":[{"name":"wp","href":"https:\/\/api.w.org\/{rel}","templated":true}]}}