{"id":111858,"date":"2022-05-29T14:37:49","date_gmt":"2022-05-29T17:37:49","guid":{"rendered":"https:\/\/grandepremio.com\/br\/noticias\/rinus-veekay-perde-controle-bate-forte-causa-primeira-amarela-indy-500-2022\/"},"modified":"2022-05-29T14:39:07","modified_gmt":"2022-05-29T17:39:07","slug":"rinus-veekay-perde-controle-bate-forte-causa-primeira-amarela-indy-500-2022","status":"publish","type":"post","link":"https:\/\/grandepremio.com\/br\/indy\/rinus-veekay-perde-controle-bate-forte-causa-primeira-amarela-indy-500-2022\/","title":{"rendered":"VeeKay perde controle, bate forte e causa primeira amarela da Indy 500 de 2022"},"content":{"rendered":"\n<figure class=\"wp-block-video\"><video class=\"video-js vjs-big-play-centered\" data-gp-vjs=\"1\" controls src=\"https:\/\/www.grandepremio.com\/br\/wp-content\/uploads\/2022\/05\/The-front-row-starter-@rinusveekay-is-out-of-the-Indy500-after-this-incident-in-turn-2.-.mp4\"><\/video><figcaption>Rinus VeeKay bateu sozinho na Indy 500 de 2022 (V\u00eddeo: IndyCar)<\/figcaption><\/figure>\n\n\n\n<p class=\"wp-block-paragraph\">Rinus VeeKay causou a primeira bandeira amarela das 500 Milhas de Indian\u00e1polis de 2022. Ap\u00f3s largar na terceira posi\u00e7\u00e3o, o holand\u00eas estava no segundo lugar na volta 39, quando perdeu o controle de sua Carpenter na sa\u00edda da curva 2 e bateu de traseira no muro. VeeKay saiu do carro sem precisar de ajuda dos m\u00e9dicos.<\/p>\n\n\n\n<p class=\"wp-block-paragraph\">O carro de Rinus chegou a cruzar a pista de volta, mas todos os pilotos que vinham atr\u00e1s conseguiram desviar da Carpenter que estava no meio do circuito.<\/p>\n\n\n\n<p class=\"wp-block-paragraph\"><strong>\u25b6\ufe0f\u00a0Inscreva-se nos dois canais do GRANDE PR\u00caMIO no YouTube:\u00a0<a href=\"https:\/\/www.youtube.com\/channel\/UC9OlHEgxoaY6QY6nWPoiqQg?sub_confirmation=1\" target=\"_blank\" rel=\"noreferrer noopener\">GP<\/a>\u00a0|\u00a0<a href=\"https:\/\/www.youtube.com\/channel\/UC9csiS6q_C3C0FYhyr1rnFA?sub_confirmation=1\" target=\"_blank\" rel=\"noreferrer noopener\">GP2<\/a><\/strong><\/p>\n\n\n\n<figure class=\"wp-block-image size-large\"><img decoding=\"async\" src=\"https:\/\/www.grandepremio.com\/br\/wp-content\/uploads\/2022\/05\/Rinus-VeeKay-Indianapolis-500-Practice-By_-Joe-Skibinski_Large-Image-Without-Watermark_m57494-1024x683.jpg\" alt=\"\" class=\"wp-image-574388\"\/><figcaption>Rinus VeeKay bateu forte nas 500 Milhas de Indian\u00e1polis (Foto: IndyCar)<\/figcaption><\/figure>\n\n\n\n<p class=\"wp-block-paragraph\">A bandeira amarela veio logo ap\u00f3s a primeira rodada de pit-stops, e apenas cinco pilotos aproveitaram para ir novamente para os boxes: Will Power, Kyle Kirkwood, Dalton Kellett, Christian Lundgaard e Stefan Wilson.<\/p>\n\n\n\n<p class=\"wp-block-paragraph\">A relargada foi dada sete voltas depois, na volta 46. Rinus VeeKay era o d\u00e9cimo colocado na tabela de pilotos da Indy antes da 106\u00aa edi\u00e7\u00e3o das 500 Milhas de Indian\u00e1polis, e tem como melhor resultado um terceiro lugar no GP do Alabama.<\/p>\n","protected":false},"excerpt":{"rendered":"<p>Rinus VeeKay estava na segunda coloca\u00e7\u00e3o quando perdeu o controle de sua Carpenter na sa\u00edda da curva 2 e bateu de traseira, causando a primeira bandeira amarela das 500 Milhas de Indian\u00e1polis de 2022<\/p>\n","protected":false},"author":0,"featured_media":1000578055,"comment_status":"closed","ping_status":"closed","sticky":false,"template":"","format":"standard","meta":{"42wp_featured_image_caption":"","42wp_featured_image_credits":"","42wp_featured_video":"","42wp_featured_image_hidden":false,"42wp_authors_list":[],"footnotes":""},"categories":[3],"tags":[31486,2980,487,1781,619,93,2209,232,29391,94,2188],"42wp_author":[47144],"class_list":["post-111858","post","type-post","status-publish","format-standard","has-post-thumbnail","hentry","category-indy","tag-106a-edicao-das-500-milhas-de-indianapolis","tag-500-milhas-de-indianapolis","tag-acidente","tag-carpenter","tag-formula-indy","tag-indy","tag-indy-2022","tag-indy-500","tag-indy-500-2022","tag-indycar","tag-rinus-veekay","42wp_author-andre-netto"],"_links":{"self":[{"href":"https:\/\/grandepremio.com\/br\/wp-json\/wp\/v2\/posts\/111858","targetHints":{"allow":["GET"]}}],"collection":[{"href":"https:\/\/grandepremio.com\/br\/wp-json\/wp\/v2\/posts"}],"about":[{"href":"https:\/\/grandepremio.com\/br\/wp-json\/wp\/v2\/types\/post"}],"replies":[{"embeddable":true,"href":"https:\/\/grandepremio.com\/br\/wp-json\/wp\/v2\/comments?post=111858"}],"version-history":[{"count":0,"href":"https:\/\/grandepremio.com\/br\/wp-json\/wp\/v2\/posts\/111858\/revisions"}],"wp:featuredmedia":[{"embeddable":true,"href":"https:\/\/grandepremio.com\/br\/wp-json\/wp\/v2\/media\/1000578055"}],"wp:attachment":[{"href":"https:\/\/grandepremio.com\/br\/wp-json\/wp\/v2\/media?parent=111858"}],"wp:term":[{"taxonomy":"category","embeddable":true,"href":"https:\/\/grandepremio.com\/br\/wp-json\/wp\/v2\/categories?post=111858"},{"taxonomy":"post_tag","embeddable":true,"href":"https:\/\/grandepremio.com\/br\/wp-json\/wp\/v2\/tags?post=111858"},{"taxonomy":"42wp_author","embeddable":true,"href":"https:\/\/grandepremio.com\/br\/wp-json\/wp\/v2\/42wp_author?post=111858"}],"curies":[{"name":"wp","href":"https:\/\/api.w.org\/{rel}","templated":true}]}}