{"id":11189,"date":"2026-03-11T12:25:23","date_gmt":"2026-03-11T15:25:23","guid":{"rendered":"https:\/\/grandepremio.com\/br\/noticias\/mclaren-admite-atraso-atualizacoes-mcl40-precisamos-algumas-semanas\/"},"modified":"2026-03-11T12:27:05","modified_gmt":"2026-03-11T15:27:05","slug":"mclaren-admite-atraso-atualizacoes-mcl40-precisamos-algumas-semanas","status":"publish","type":"post","link":"https:\/\/grandepremio.com\/br\/f1\/mclaren-admite-atraso-atualizacoes-mcl40-precisamos-algumas-semanas\/","title":{"rendered":"McLaren admite atraso em atualiza\u00e7\u00f5es para MCL40: &#8220;Precisamos de algumas semanas&#8221;"},"content":{"rendered":"\n<p class=\"wp-block-paragraph\">Diretor-t\u00e9cnico de engenharia, <strong>Neil Houldey<\/strong> admitiu que a <strong>McLaren<\/strong> n\u00e3o est\u00e1 em condi\u00e7\u00f5es de desenvolver grandes atualiza\u00e7\u00f5es para o <strong>MCL40<\/strong> neste momento, j\u00e1 que, de acordo com ele, a equipe ainda n\u00e3o entendeu completamente como o novo carro opera. Desta forma, o objetivo \u00e9 coletar mais informa\u00e7\u00f5es durante o fim de semana do <strong>GP da China<\/strong>, o primeiro com formato sprint em 2026.<\/p>\n\n\n\n<p class=\"wp-block-paragraph\">Enquanto <strong>Oscar Piastri<\/strong> <a href=\"https:\/\/www.grandepremio.com\/br\/f1\/noticias\/oscar-piastri-explica-motivo-para-batida-aquecimento-australia-decepcionante\/\">bateu na volta de sa\u00edda dos boxes<\/a> e foi incapaz de se posicionar no grid de largada do <strong>GP da Austr\u00e1lia<\/strong>, <strong>Lando Norris<\/strong> completou as 58 voltas sem maiores problemas para <a href=\"https:\/\/www.grandepremio.com\/br\/f1\/noticias\/lando-norris-sobe-tom-contra-f1-muito-artificial-gp-australia-acidentes-vao-acontecer\/\">cruzar a linha de chegada na quinta posi\u00e7\u00e3o<\/a>. O que chamou aten\u00e7\u00e3o, no entanto, foi o fato de o brit\u00e2nico <a href=\"https:\/\/www.grandepremio.com\/br\/f1\/noticias\/lando-norris-aponta-principal-problema-mclaren-cobra-reacao-formula-1-2026\/\">ter ficado 51s atr\u00e1s de <strong>George Russell<\/strong><\/a>, que colocou a <strong>Mercedes<\/strong> <a href=\"https:\/\/www.grandepremio.com\/br\/f1\/noticias\/george-russell-supera-ameaca-ferrari-vence-gp-da-australia-f1-2026-gabriel-bortoleto-9o\/\">no degrau mais alto do p\u00f3dio<\/a>.<\/p>\n\n\n\n<figure class=\"wp-block-embed is-type-video is-provider-youtube wp-block-embed-youtube wp-embed-aspect-16-9 wp-has-aspect-ratio\"><div class=\"wp-block-embed__wrapper\">\n<iframe loading=\"lazy\" title=\"AO VIVO F1 2026: FOI BOM? RUSSELL E MERCEDES V\u00c3O DOMINAR? REGULAMENTO VAI MUDAR? | Paddock GP #446\" width=\"500\" height=\"281\" src=\"https:\/\/www.youtube.com\/embed\/hzSrkwynQd8?feature=oembed\" frameborder=\"0\" allow=\"accelerometer; autoplay; clipboard-write; encrypted-media; gyroscope; picture-in-picture; web-share\" referrerpolicy=\"strict-origin-when-cross-origin\" allowfullscreen><\/iframe>\n<\/div><\/figure>\n\n\n\n<h3 class=\"wp-block-heading has-vivid-red-color has-text-color has-link-color wp-elements-1\" id=\"h-gp-experience-o-novo-produto-do-grande-premio-conecta-voce-aos-maiores-eventos-de-esporte-a-motor-do-mundo-va-para-indianapolis-com-a-gente-saiba-aqui-todos-os-detalhes\"><strong>+ GP EXPERIENCE: o novo produto do GRANDE PR\u00caMIO conecta voc\u00ea aos maiores eventos de esporte a motor do mundo. V\u00e1 para Indian\u00e1polis com a gente:\u00a0<a href=\"https:\/\/gpexperience.tur.br\/\" target=\"_blank\" rel=\"noreferrer noopener\">saiba aqui todos os detalhes<\/a>.<\/strong><\/h3>\n\n\n\n<p class=\"wp-block-paragraph\">Embora os papaias estejam fazendo todos os esfor\u00e7os para reduzir essa diferen\u00e7a o quanto antes, Houldey explicou que n\u00e3o \u00e9 t\u00e3o f\u00e1cil assim, pois a McLaren ainda n\u00e3o entendeu todas as nuances do modelo de 2026. Para que o objetivo seja alcan\u00e7ado, o importante ser\u00e1 seguir colhendo informa\u00e7\u00f5es valiosas na pista antes de fazer qualquer atualiza\u00e7\u00e3o dr\u00e1stica no MCL40.<\/p>\n\n\n\n<p class=\"wp-block-paragraph\">&#8220;Reunimos e analisamos muitos dados em diversas \u00e1reas desde que o MCL40 foi \u00e0 pista pela primeira vez no shakedown de janeiro [em <strong>Barcelona<\/strong>], e a primeira corrida da temporada no \u00faltimo fim de semana, na <strong>Austr\u00e1lia<\/strong>, forneceu \u00e0 equipe mais informa\u00e7\u00f5es valiosas \u00e0 medida que continuamos nossa jornada de desenvolvimento e aprendizado sob o novo regulamento&#8221;, come\u00e7ou.<\/p>\n\n\n\n<p class=\"wp-block-paragraph\">&#8220;Ver o carro em diferentes cen\u00e1rios em condi\u00e7\u00f5es de corrida pela primeira vez foi uma boa oportunidade para avan\u00e7armos em conhecimento, e entendemos que ainda h\u00e1 muito a fazer enquanto continuamos trabalhando duro para explorar ainda mais o desempenho da unidade de pot\u00eancia, ao mesmo tempo em que damos foco adicional a \u00e1reas como melhorar a ader\u00eancia nas curvas&#8221;, explicou o dirigente.<\/p>\n\n\n\n<figure class=\"wp-block-image size-full\"><img decoding=\"async\" src=\"https:\/\/www.grandepremio.com\/br\/wp-content\/uploads\/2026\/03\/corrida-f1-2026-mclaren-lando-norris-01-1.jpeg\" alt=\"\" class=\"wp-image-1065566\"\/><figcaption class=\"wp-element-caption\">Diretor da McLaren explicou os motivos de a equipe n\u00e3o ter atualiza\u00e7\u00f5es nas pr\u00f3ximas corridas (Foto: McLaren)<\/figcaption><\/figure>\n\n\n\n<p class=\"wp-block-paragraph\">\u201cAs pr\u00f3ximas corridas continuar\u00e3o com esse foco, enquanto buscamos extrair o m\u00e1ximo desempenho da nossa configura\u00e7\u00e3o atual. H\u00e1 muito esfor\u00e7o da equipe, tanto na pista quanto em Woking, para desenvolver o carro, mas sabemos que ser\u00e3o necess\u00e1rias mais algumas corridas at\u00e9 estarmos em posi\u00e7\u00e3o de levar grandes atualiza\u00e7\u00f5es para a pista&#8221;, reconheceu.<\/p>\n\n\n\n<p class=\"wp-block-paragraph\">&#8220;Portanto, para o GP da China deste fim de semana, reunimos coletivamente todos os aprendizados de <strong>Melbourne<\/strong> e nos reorganizamos como equipe, juntamente com nossos parceiros da <strong>HPP<\/strong> (<strong>Mercedes High Performance Powertrains<\/strong>), para garantir que entreguemos o m\u00e1ximo desempenho poss\u00edvel e coloquemos a equipe em uma posi\u00e7\u00e3o competitiva forte para aproveitar oportunidades tanto na sprint de s\u00e1bado quanto na corrida principal de domingo&#8221;, encerrou o diretor da McLaren.<\/p>\n\n\n\n<p class=\"wp-block-paragraph\">A F1 volta \u00e0 pista para a segunda etapa da temporada neste fim de semana, no&nbsp;<strong>GP da China<\/strong>, entre os dias&nbsp;<strong>13 e 15 de mar\u00e7o<\/strong>. O&nbsp;<strong>GRANDE PR\u00caMIO<\/strong>&nbsp;acompanha todas as atividades<a href=\"https:\/\/www.grandepremio.com\/br\/ao-vivo\/f1\/\">&nbsp;<strong>AO VIVO E EM&nbsp;<\/strong><\/a><strong><a href=\"https:\/\/www.grandepremio.com\/br\/ao-vivo\/\" target=\"_blank\" rel=\"noreferrer noopener\">TEMPO REAL<\/a><\/strong>,&nbsp;<a href=\"https:\/\/www.youtube.com\/@GrandePremio1\/streams\">al\u00e9m de classifica\u00e7\u00e3o e corrida em&nbsp;<strong>SEGUNDA TELA&nbsp;<\/strong>no YouTube<\/a>, em parceria com a&nbsp;<strong>Voz do Esporte<\/strong>. O&nbsp;<strong>Briefing&nbsp;<\/strong>chega para analisar ap\u00f3s o fim de cada dia de atividades nas redes sociais e na&nbsp;<strong>GPTV<\/strong>.<\/p>\n\n\n\n<p class=\"wp-block-paragraph\"><strong>GP da China de F1: veja os hor\u00e1rios em Brasil, Cabo Verde,&nbsp;<a href=\"https:\/\/grandepremio.pt\/\" target=\"_blank\" rel=\"noreferrer noopener\">Portugal<\/a>, Angola e Mo\u00e7ambique:<\/strong><\/p>\n\n\n\n<figure class=\"wp-block-table\"><table class=\"has-fixed-layout\"><tbody><tr><td><strong>Sess\u00e3o<\/strong><\/td><td><strong>BRA*<\/strong><\/td><td><strong>CBV<\/strong><\/td><td><strong>POR<\/strong><br><strong>ANG<\/strong><\/td><td><strong>MOZ<\/strong><\/td><\/tr><tr><td>Treino livre 1<\/td><td>00:30<\/td><td>02:30<\/td><td>04:30<\/td><td>05:30<\/td><\/tr><tr><td>Classifica\u00e7\u00e3o Sprint<\/td><td>04:30<\/td><td>06:30<\/td><td>08:30<\/td><td>09:30<\/td><\/tr><tr><td>Corrida Sprint<\/td><td>00:00<\/td><td>02:00<\/td><td>04:00<\/td><td>05:00<\/td><\/tr><tr><td>Classifica\u00e7\u00e3o<\/td><td>04:00<\/td><td>06:00<\/td><td>08:00<\/td><td>09:00<\/td><\/tr><tr><td>Corrida<\/td><td>04:00<\/td><td>06:00<\/td><td>08:00<\/td><td>09:00<\/td><\/tr><\/tbody><\/table><\/figure>\n\n\n\n<p class=\"wp-block-paragraph\"><em>*Hor\u00e1rio de Bras\u00edlia<\/em><\/p>\n\n\n\n<p class=\"wp-block-paragraph\">\u25b6\ufe0f\u00a0<strong>Inscreva-se nos dois canais do GRANDE PR\u00caMIO no YouTube:\u00a0<a href=\"https:\/\/www.youtube.com\/channel\/UC9OlHEgxoaY6QY6nWPoiqQg?sub_confirmation=1\">GP<\/a>\u00a0|\u00a0<a href=\"https:\/\/www.youtube.com\/channel\/UC9csiS6q_C3C0FYhyr1rnFA?sub_confirmation=1\">GPTV<\/a><\/strong><\/p>\n\n\n\n<h2 class=\"wp-block-heading\" id=\"h-f1-hoje-saiba-aqui-as-noticias-mais-importantes-do-dia-da-formula-1\"><strong>F1 hoje: saiba aqui as not\u00edcias mais importantes do dia da F\u00f3rmula 1<\/strong><\/h2>\n\n\n\n<p class=\"wp-block-paragraph\">\u25b6\ufe0f\u00a0<a href=\"https:\/\/www.grandepremio.com\/br\/f1\/noticias\/cofundador-formula-e-ve-aproximacao-conceitual-formula-1-crava-um-erro\/\"><strong>Cofundador da F\u00f3rmula E v\u00ea aproxima\u00e7\u00e3o conceitual da F1 e crava: \u201c\u00c9 um erro\u201d<\/strong><\/a><br>\u25b6\ufe0f\u00a0<a href=\"https:\/\/www.grandepremio.com\/br\/f1\/noticias\/george-russell-desaprova-criticas-regras-formula-1-reclamavam-corridas-eram-ruins\/\"><strong>Russell desaprova cr\u00edticas sobre regras da F1: \u201cReclamavam que as corridas eram ruins\u201d<\/strong><\/a><br>\u25b6\ufe0f\u00a0<a href=\"https:\/\/www.grandepremio.com\/br\/f1\/noticias\/ferrari-pede-calma-lewis-hamilton-mais-confortavel-carro-f1-2026\/\"><strong>Ferrari pede calma, mas v\u00ea Hamilton \u201cmais confort\u00e1vel\u201d com carro da F1 2026<\/strong><\/a><br>\u25b6\ufe0f\u00a0<a href=\"https:\/\/www.grandepremio.com\/br\/f1\/noticias\/max-verstappen-admite-problema-red-bull-australia-pode-repetir-china\/\"><strong>Verstappen admite que problema da Red Bull na Austr\u00e1lia \u201cpode se repetir na China\u201d<\/strong><\/a><br>\u25b6\ufe0f\u00a0<a href=\"https:\/\/www.grandepremio.com\/br\/grandepremium\/10\/f1\/materias\/as-notas-gp-australia-f1-2026\/\"><strong>As notas do GP da Austr\u00e1lia da F1 2026<\/strong><\/a><\/p>\n","protected":false},"excerpt":{"rendered":"<p>Neil Houldey, diretor-t\u00e9cnico de engenharia da McLaren, afirmou que a equipe ainda precisa de mais corridas para entender completamente o novo carro e, desta forma, definir um caminho de atualiza\u00e7\u00f5es<\/p>\n","protected":false},"author":0,"featured_media":1001065562,"comment_status":"closed","ping_status":"closed","sticky":false,"template":"","format":"standard","meta":{"42wp_featured_image_caption":"","42wp_featured_image_credits":"","42wp_featured_video":"","42wp_featured_image_hidden":false,"42wp_authors_list":[],"footnotes":""},"categories":[2],"tags":[26271,441,5273,147,29516,29148,180,31425,28995,222,39114,1491,28285,30840,90,35129,31470,223,46178,39121],"42wp_author":[47160],"class_list":["post-11189","post","type-post","status-publish","format-standard","has-post-thumbnail","hentry","category-f1","tag-calendario-f1","tag-china","tag-classificacao-f1","tag-f1","tag-f1-2026","tag-f1-hoje","tag-formula-1","tag-formula-1-2026","tag-formula-1-hoje","tag-gp-da-china","tag-gp-da-china-f1","tag-grande-premio","tag-grandepremio","tag-horarios-f1","tag-mclaren","tag-onde-assistir-f1","tag-temporada-2026-f1","tag-xangai","tag-xangai-2026","tag-xangai-f1","42wp_author-vicente-soella"],"_links":{"self":[{"href":"https:\/\/grandepremio.com\/br\/wp-json\/wp\/v2\/posts\/11189","targetHints":{"allow":["GET"]}}],"collection":[{"href":"https:\/\/grandepremio.com\/br\/wp-json\/wp\/v2\/posts"}],"about":[{"href":"https:\/\/grandepremio.com\/br\/wp-json\/wp\/v2\/types\/post"}],"replies":[{"embeddable":true,"href":"https:\/\/grandepremio.com\/br\/wp-json\/wp\/v2\/comments?post=11189"}],"version-history":[{"count":0,"href":"https:\/\/grandepremio.com\/br\/wp-json\/wp\/v2\/posts\/11189\/revisions"}],"wp:featuredmedia":[{"embeddable":true,"href":"https:\/\/grandepremio.com\/br\/wp-json\/wp\/v2\/media\/1001065562"}],"wp:attachment":[{"href":"https:\/\/grandepremio.com\/br\/wp-json\/wp\/v2\/media?parent=11189"}],"wp:term":[{"taxonomy":"category","embeddable":true,"href":"https:\/\/grandepremio.com\/br\/wp-json\/wp\/v2\/categories?post=11189"},{"taxonomy":"post_tag","embeddable":true,"href":"https:\/\/grandepremio.com\/br\/wp-json\/wp\/v2\/tags?post=11189"},{"taxonomy":"42wp_author","embeddable":true,"href":"https:\/\/grandepremio.com\/br\/wp-json\/wp\/v2\/42wp_author?post=11189"}],"curies":[{"name":"wp","href":"https:\/\/api.w.org\/{rel}","templated":true}]}}