{"id":111894,"date":"2022-05-28T14:34:29","date_gmt":"2022-05-28T17:34:29","guid":{"rendered":"https:\/\/grandepremio.com\/br\/noticias\/mercedes-torce-chegada-chuva-admite-dificuldades-historicas-monaco\/"},"modified":"2022-05-28T14:35:58","modified_gmt":"2022-05-28T17:35:58","slug":"mercedes-torce-chegada-chuva-admite-dificuldades-historicas-monaco","status":"publish","type":"post","link":"https:\/\/grandepremio.com\/br\/f1\/mercedes-torce-chegada-chuva-admite-dificuldades-historicas-monaco\/","title":{"rendered":"Mercedes torce pela chegada da chuva e admite dificuldades &#8220;hist\u00f3ricas&#8221; em M\u00f4naco"},"content":{"rendered":"\n<figure class=\"wp-block-embed is-type-video is-provider-youtube wp-block-embed-youtube wp-embed-aspect-16-9 wp-has-aspect-ratio\"><div class=\"wp-block-embed__wrapper\">\n<iframe loading=\"lazy\" title=\"F\u00d3RMULA 1 2022 AO VIVO: LECLERC \u00c9 POLE EM 1-2 DA FERRARI NO GP DE M\u00d4NACO. VERSTAPPEN \u00c9 4\u00ba | Briefing\" width=\"500\" height=\"281\" src=\"https:\/\/www.youtube.com\/embed\/_a1gOZy2uLI?feature=oembed\" frameborder=\"0\" allow=\"accelerometer; autoplay; clipboard-write; encrypted-media; gyroscope; picture-in-picture; web-share\" referrerpolicy=\"strict-origin-when-cross-origin\" allowfullscreen><\/iframe>\n<\/div><\/figure>\n\n\n\n<p class=\"wp-block-paragraph\">A Mercedes teve vida dura <a href=\"https:\/\/www.grandepremio.com\/br\/f1\/noticias\/charles-leclerc-recupera-trono-conquista-pole-position-monaco-formula-1-q3-big-one\/\" class=\"ek-link\">na classifica\u00e7\u00e3o para o GP de M\u00f4naco<\/a> deste s\u00e1bado (28). O <a href=\"https:\/\/www.grandepremio.com\/br\/f1\/noticias\/george-russell-6-lugar-monaco-motivo-vibrar-torce-venha-chuva\/\" class=\"ek-link\">sexto lugar<\/a> de George Russell e <a href=\"https:\/\/www.grandepremio.com\/br\/f1\/noticias\/lewis-hamilton-mercedes-ferrari-volta-perfeita-monaco\/\" class=\"ek-link\">a oitava coloca\u00e7\u00e3o<\/a> de Lewis Hamilton mostraram que, se n\u00e3o vier de fato a chuva que a previs\u00e3o aponta em Monte Carlo, n\u00e3o haver\u00e1 muito o que ser feito.<\/p>\n\n\n\n<p class=\"wp-block-paragraph\">Toto Wolff tentou se justificar com o resultado mediano conquistado pela equipe octacampe\u00e3 mundial de F\u00f3rmula 1. Em sua vis\u00e3o, pouca coisa mudou de acordo com o hist\u00f3rico do time na pista.<\/p>\n\n\n\n<p class=\"wp-block-paragraph\">&#8220;Foi uma sess\u00e3o de treinos tipicamente ca\u00f3tica por aqui. M\u00f4naco nunca foi um lugar dos mais f\u00e1ceis para n\u00f3s e isso se mostrou verdadeiro novamente este ano. \u00c9 dif\u00edcil obter um resultado do jeito que sabemos fazer&#8221;, disse Toto.<\/p>\n\n\n\n<figure class=\"wp-block-image size-large\"><img decoding=\"async\" src=\"https:\/\/www.grandepremio.com\/br\/wp-content\/uploads\/2022\/05\/mercedes-georgerussell-01-15-1024x683.jpg\" alt=\"\" class=\"wp-image-577175\"\/><figcaption>George Russell ficou em sexto na classifica\u00e7\u00e3o em M\u00f4naco (Foto: Mercedes)<\/figcaption><\/figure>\n\n\n\n<p class=\"wp-block-paragraph\">O chef\u00e3o da Mercedes fez um balan\u00e7o do desempenho de seus pilotos em Monte Carlo. &#8220;O resultado obtido por Russell mostra o nosso ritmo para este fim de semana. J\u00e1 Lewis [Hamilton] foi prejudicado pelas bandeiras vermelhas e isso custou uma posi\u00e7\u00e3o no grid para amanh\u00e3&#8221;.<\/p>\n\n\n\n<p class=\"wp-block-paragraph\"><strong>\u25b6\ufe0f&nbsp;Inscreva-se nos dois canais do GRANDE PR\u00caMIO no YouTube:&nbsp;<a href=\"https:\/\/www.youtube.com\/channel\/UC9OlHEgxoaY6QY6nWPoiqQg?sub_confirmation=1\" target=\"_blank\" rel=\"noreferrer noopener\">GP<\/a>&nbsp;|&nbsp;<a href=\"https:\/\/www.youtube.com\/channel\/UC9csiS6q_C3C0FYhyr1rnFA?sub_confirmation=1\" target=\"_blank\" rel=\"noreferrer noopener\">GP2<\/a><\/strong><\/p>\n\n\n\n<p class=\"wp-block-paragraph\">Assim como boa parte do paddock, Wolff aposta na chuva para bagun\u00e7ar a corrida e, quem sabe, ir al\u00e9m para obter bons pontos para o Mundial de Construtores. &#8220;Parece que o clima vai misturar as coisas e, quem sabe, podemos aproveitar ao m\u00e1ximo as oportunidades que podem surgir em nosso caminho&#8221;, completou.<\/p>\n\n\n\n<p class=\"wp-block-paragraph\">A&nbsp;<a href=\"https:\/\/www.grandepremio.com\/formula-1\/\" target=\"_blank\" rel=\"noreferrer noopener\">F\u00f3rmula 1<\/a>&nbsp;continua com o GP de M\u00f4naco do domingo, marcado para as 10h [de Bras\u00edlia, GMT-3]. O&nbsp;<strong>GRANDE PR\u00caMIO<\/strong>&nbsp;acompanha tudo&nbsp;<strong><a href=\"https:\/\/www.grandepremio.com\/br\/f1\/ao-vivo\">AO VIVO e EM&nbsp;<\/a><a href=\"https:\/\/www.grandepremio.com\/br\/ao-vivo\/\" target=\"_blank\" rel=\"noreferrer noopener\">TEMPO REAL<\/a><\/strong>.<\/p>\n","protected":false},"excerpt":{"rendered":"<p>Toto Wolff justificou o desempenho mediano da Mercedes em M\u00f4naco e quer pista molhada para aproveitar a oportunidade de pontuar ao m\u00e1ximo na corrida deste domingo<\/p>\n","protected":false},"author":0,"featured_media":1000577092,"comment_status":"closed","ping_status":"closed","sticky":false,"template":"","format":"standard","meta":{"42wp_featured_image_caption":"","42wp_featured_image_credits":"","42wp_featured_video":"","42wp_featured_image_hidden":false,"42wp_authors_list":[],"footnotes":""},"categories":[2],"tags":[1357,800,31600,87,82,25071,764,150],"42wp_author":[47128],"class_list":["post-111894","post","type-post","status-publish","format-standard","has-post-thumbnail","hentry","category-f1","tag-f1-2022","tag-george-russell","tag-gp-de-monaco-de-f1","tag-lewis-hamilton","tag-mercedes","tag-monaco-2","tag-monte-carlo","tag-toto-wolff","42wp_author-guilherme-bloisi"],"_links":{"self":[{"href":"https:\/\/grandepremio.com\/br\/wp-json\/wp\/v2\/posts\/111894","targetHints":{"allow":["GET"]}}],"collection":[{"href":"https:\/\/grandepremio.com\/br\/wp-json\/wp\/v2\/posts"}],"about":[{"href":"https:\/\/grandepremio.com\/br\/wp-json\/wp\/v2\/types\/post"}],"replies":[{"embeddable":true,"href":"https:\/\/grandepremio.com\/br\/wp-json\/wp\/v2\/comments?post=111894"}],"version-history":[{"count":0,"href":"https:\/\/grandepremio.com\/br\/wp-json\/wp\/v2\/posts\/111894\/revisions"}],"wp:featuredmedia":[{"embeddable":true,"href":"https:\/\/grandepremio.com\/br\/wp-json\/wp\/v2\/media\/1000577092"}],"wp:attachment":[{"href":"https:\/\/grandepremio.com\/br\/wp-json\/wp\/v2\/media?parent=111894"}],"wp:term":[{"taxonomy":"category","embeddable":true,"href":"https:\/\/grandepremio.com\/br\/wp-json\/wp\/v2\/categories?post=111894"},{"taxonomy":"post_tag","embeddable":true,"href":"https:\/\/grandepremio.com\/br\/wp-json\/wp\/v2\/tags?post=111894"},{"taxonomy":"42wp_author","embeddable":true,"href":"https:\/\/grandepremio.com\/br\/wp-json\/wp\/v2\/42wp_author?post=111894"}],"curies":[{"name":"wp","href":"https:\/\/api.w.org\/{rel}","templated":true}]}}