{"id":111952,"date":"2022-05-27T12:10:04","date_gmt":"2022-05-27T15:10:04","guid":{"rendered":"https:\/\/grandepremio.com\/br\/noticias\/max-biaggi-incluido-rol-lendas-motogp-cerimonia-mugello\/"},"modified":"2022-05-27T13:08:28","modified_gmt":"2022-05-27T16:08:28","slug":"max-biaggi-incluido-rol-lendas-motogp-cerimonia-mugello","status":"publish","type":"post","link":"https:\/\/grandepremio.com\/br\/motogp\/max-biaggi-incluido-rol-lendas-motogp-cerimonia-mugello\/","title":{"rendered":"Biaggi \u00e9 inclu\u00eddo no rol das Lendas da MotoGP em cerim\u00f4nia em Mugello"},"content":{"rendered":"\n<figure class=\"wp-block-embed is-type-video is-provider-youtube wp-block-embed-youtube wp-embed-aspect-16-9 wp-has-aspect-ratio\"><div class=\"wp-block-embed__wrapper\">\n<iframe loading=\"lazy\" title=\"HOMENAGEM JUSTA OU DESNECESS\u00c1RIA? MOTOGP APOSENTA #46 DE ROSSI EM MUGELLO\" width=\"500\" height=\"281\" src=\"https:\/\/www.youtube.com\/embed\/mbqiIesKq4g?feature=oembed\" frameborder=\"0\" allow=\"accelerometer; autoplay; clipboard-write; encrypted-media; gyroscope; picture-in-picture; web-share\" referrerpolicy=\"strict-origin-when-cross-origin\" allowfullscreen><\/iframe>\n<\/div><figcaption>HOMENAGEM JUSTA OU DESNECESS\u00c1RIA? MOTOGP APOSENTA #46 DE ROSSI EM MUGELLO<br><\/figcaption><\/figure>\n\n\n\n<p class=\"wp-block-paragraph\">O rol das lendas da MotoGP ganhou mais um nome nesta sexta-feira (27). Trata-se de Max Biaggi, tetracampe\u00e3o da classe 250cc, que dominou a categoria de 1994 a 1997. A cerim\u00f4nia foi feita no circuito de Mugello, palco da oitava etapa do campeonato da MotoGP, e Biaggi foi presenteado com uma &#8216;medalha das lendas&#8217; por Carmelo Ezpeleta, CEO da Dorna. <\/p>\n\n\n\n<p class=\"wp-block-paragraph\">Hoje chefe de equipe na Moto3, Biaggi chegou ao Mundial em 1991, nas 250cc. No ano seguinte, o italiano de Roma conquistou sua primeira vit\u00f3ria. O t\u00edtulo na classe intermedi\u00e1ria chegou em 1994, com a Aprilia. Max repetiu o feito nos dois anos seguintes e, em 1997, agora de Honda, conquistou a quarta coroa nas 250cc.<\/p>\n\n\n\n<p class=\"wp-block-paragraph\"><strong>\u25b6\ufe0f&nbsp;Inscreva-se nos dois canais do GRANDE PR\u00caMIO no YouTube:&nbsp;<a href=\"https:\/\/www.youtube.com\/channel\/UC9OlHEgxoaY6QY6nWPoiqQg?sub_confirmation=1\" target=\"_blank\" rel=\"noreferrer noopener\">GP<\/a>&nbsp;|&nbsp;<a href=\"https:\/\/www.youtube.com\/channel\/UC9csiS6q_C3C0FYhyr1rnFA?sub_confirmation=1\" target=\"_blank\" rel=\"noreferrer noopener\">GP2<\/a><\/strong><\/p>\n\n\n\n<figure class=\"wp-block-image size-large\"><img decoding=\"async\" src=\"https:\/\/www.grandepremio.com\/br\/wp-content\/uploads\/2022\/05\/5a315f89-71f4-5d96-4549-75528216147b-1024x683.jpg\" alt=\"\" class=\"wp-image-576298\"\/><figcaption>Biaggi \u00e9 o 34\u00ba nome a ser inclu\u00eddo na lista (Foto: MotoGP)<\/figcaption><\/figure>\n\n\n\n<p class=\"wp-block-paragraph\"><strong>LEIA TAMB\u00c9M<\/strong><br><strong><a href=\"https:\/\/www.grandepremio.com\/br\/motogp\/noticias\/motogp-cita-tensao-geopolitica-cancela-gp-finlandia-2022\/\"><\/a><a href=\"https:\/\/grandepremio.com\/motovelocidade\/\" target=\"_blank\" rel=\"noreferrer noopener\"><\/a><a href=\"https:\/\/grandepremio.com\/motovelocidade\/\" target=\"_blank\" rel=\"noreferrer noopener\"><\/a><a href=\"https:\/\/grandepremio.com\/motovelocidade\/\" target=\"_blank\" rel=\"noreferrer noopener\"><\/a><a href=\"https:\/\/grandepremio.com\/motovelocidade\/\" target=\"_blank\" rel=\"noreferrer noopener\"><\/a><a href=\"https:\/\/grandepremio.com\/motovelocidade\/\" target=\"_blank\" rel=\"noreferrer noopener\"><\/a><a href=\"https:\/\/grandepremio.com\/motovelocidade\/\" target=\"_blank\" rel=\"noreferrer noopener\">MotoGP<\/a><a href=\"https:\/\/www.grandepremio.com\/br\/motogp\/noticias\/motogp-cita-tensao-geopolitica-cancela-gp-finlandia-2022\/\">&nbsp;cita tens\u00e3o geopol\u00edtica e cancela GP da Finl\u00e2ndia na temporada 2022<\/a><\/strong><\/p>\n\n\n\n<p class=\"wp-block-paragraph\">No ano seguinte, Max saltou para a classe rainha e, logo no primeiro ano, conquistou o topo do p\u00f3dio, fechando a temporada com o vice-campeonato. Biaggi ficou na classe rainha at\u00e9 2005 e conquistou um total de 13 vit\u00f3rias, 58 p\u00f3dios e 23 poles. Al\u00e9m disso, o \u2018Imperador Romano\u2019 foi vice-campe\u00e3o em 2001 e 2002.<\/p>\n\n\n\n<p class=\"wp-block-paragraph\">&#8220;Quero agradecer simplesmente a todos que fizeram isso acontecer, todo o trabalho dos fabricantes no passado, come\u00e7ando pela Aprilia, Honda, Yamaha, e todas as pessoas que est\u00e3o aqui s\u00e3o basicamente as que me apoiaram o tempo todo, em diferentes equipes e situa\u00e7\u00f5es diferentes, nos dias bons e nos dias ruins&#8221;, declarou ele. <\/p>\n\n\n\n<p class=\"wp-block-paragraph\">&#8220;Estou orgulhoso tamb\u00e9m que minha fam\u00edlia realmente me incentivou nos dias ruins a fazer isso e nunca desistir, eles me apoiaram o tempo todo. Hoje, eles est\u00e3o aqui, meu filho e minha filha est\u00e3o aqui, ent\u00e3o isso \u00e9 um momento muito emocionante porque eles podem dizer agora: &#8216;Ei, meu pai \u00e9 uma lenda&#8217;, ent\u00e3o isso \u00e9 algo legal! Vinte anos atr\u00e1s, eu nem pensava nisso, ent\u00e3o, como homem, isso tamb\u00e9m \u00e9 importante&#8221;, acrescentou.<\/p>\n\n\n\n<p class=\"wp-block-paragraph\">Biaggi \u00e9 o 34\u00ba nome a fazer parte da lista, ao lado de Jorge Lorenzo, Valentino Rossi, Stefan D\u00f6rflinger, Giacomo Agostini, Mick Doohan, Geoff Duke, Wayne Gardner, Mike Hailwood, Daijiro Kato, Eddie Lawson, Anton Mang, Angel Nieto, Wayne Rainey, Phil Read, Jim Redman, Kenny Roberts, Jarno Saarinen, Kevin Schwantz, Barry Sheene, Marco Simoncelli, Freddie Spencer, Casey Stoner, John Surtees, Carlo Ubbiali, Alex Crivill\u00e9, Franco Uncini, Marco Lucchinelli, Randy Mamola, Kork Ballington, Dani Pedrosa e Nicky Hayden.<\/p>\n\n\n\n<figure class=\"wp-block-embed is-type-video is-provider-youtube wp-block-embed-youtube wp-embed-aspect-16-9 wp-has-aspect-ratio\"><div class=\"wp-block-embed__wrapper\">\n<iframe loading=\"lazy\" title=\"BASTIANINI, MART\u00cdN OU MILLER: QUEM FICA COM A VAGA NA DUCATI NA MOTOGP EM 2023?\" width=\"500\" height=\"281\" src=\"https:\/\/www.youtube.com\/embed\/DTO8yM7y8T8?feature=oembed\" frameborder=\"0\" allow=\"accelerometer; autoplay; clipboard-write; encrypted-media; gyroscope; picture-in-picture; web-share\" referrerpolicy=\"strict-origin-when-cross-origin\" allowfullscreen><\/iframe>\n<\/div><figcaption>BASTIANINI, MART\u00cdN OU MILLER: QUEM FICA COM A VAGA NA DUCATI NA MOTOGP EM 2023?<br><\/figcaption><\/figure>\n","protected":false},"excerpt":{"rendered":"<p>Tetracampe\u00e3o da classe 250cc, Max Biaggi entrou oficialmente nesta sexta-feira (27) no rol das Lendas da MotoGP. \u00c9 o 34\u00ba nome a fazer parte da lista <\/p>\n","protected":false},"author":0,"featured_media":1000576306,"comment_status":"closed","ping_status":"closed","sticky":false,"template":"","format":"standard","meta":{"42wp_featured_image_caption":"","42wp_featured_image_credits":"","42wp_featured_video":"","42wp_featured_image_hidden":false,"42wp_authors_list":[],"footnotes":""},"categories":[8],"tags":[131,25070,79,78,2997,30733,30728,30734,25819,28345,28766,3211,26690],"42wp_author":[47139],"class_list":["post-111952","post","type-post","status-publish","format-standard","has-post-thumbnail","hentry","category-motogp","tag-ducati","tag-italia-2","tag-moto-gp","tag-motogp","tag-motogp-2022","tag-motogp-2022-calendario","tag-motogp-calendario-2022","tag-motogp-classificacao-2022","tag-motogp-hoje","tag-motogp-horarios","tag-motogp-standings","tag-mugello","tag-pilotos-motogp","42wp_author-ana-cerveira"],"_links":{"self":[{"href":"https:\/\/grandepremio.com\/br\/wp-json\/wp\/v2\/posts\/111952","targetHints":{"allow":["GET"]}}],"collection":[{"href":"https:\/\/grandepremio.com\/br\/wp-json\/wp\/v2\/posts"}],"about":[{"href":"https:\/\/grandepremio.com\/br\/wp-json\/wp\/v2\/types\/post"}],"replies":[{"embeddable":true,"href":"https:\/\/grandepremio.com\/br\/wp-json\/wp\/v2\/comments?post=111952"}],"version-history":[{"count":0,"href":"https:\/\/grandepremio.com\/br\/wp-json\/wp\/v2\/posts\/111952\/revisions"}],"wp:featuredmedia":[{"embeddable":true,"href":"https:\/\/grandepremio.com\/br\/wp-json\/wp\/v2\/media\/1000576306"}],"wp:attachment":[{"href":"https:\/\/grandepremio.com\/br\/wp-json\/wp\/v2\/media?parent=111952"}],"wp:term":[{"taxonomy":"category","embeddable":true,"href":"https:\/\/grandepremio.com\/br\/wp-json\/wp\/v2\/categories?post=111952"},{"taxonomy":"post_tag","embeddable":true,"href":"https:\/\/grandepremio.com\/br\/wp-json\/wp\/v2\/tags?post=111952"},{"taxonomy":"42wp_author","embeddable":true,"href":"https:\/\/grandepremio.com\/br\/wp-json\/wp\/v2\/42wp_author?post=111952"}],"curies":[{"name":"wp","href":"https:\/\/api.w.org\/{rel}","templated":true}]}}