{"id":111962,"date":"2022-05-27T09:28:38","date_gmt":"2022-05-27T12:28:38","guid":{"rendered":"https:\/\/grandepremio.com\/br\/noticias\/liam-lawson-theo-pourchaire-pole-f2-monaco-felipe-drugovich-bate\/"},"modified":"2022-05-27T11:08:50","modified_gmt":"2022-05-27T14:08:50","slug":"liam-lawson-theo-pourchaire-pole-f2-monaco-felipe-drugovich-bate","status":"publish","type":"post","link":"https:\/\/grandepremio.com\/br\/f2\/liam-lawson-theo-pourchaire-pole-f2-monaco-felipe-drugovich-bate\/","title":{"rendered":"Lawson supera Pourchaire e conquista pole da F2 em M\u00f4naco. Drugovich bate, mas \u00e9 5\u00ba"},"content":{"rendered":"\n<figure class=\"wp-block-embed is-type-video is-provider-youtube wp-block-embed-youtube wp-embed-aspect-16-9 wp-has-aspect-ratio\"><div class=\"wp-block-embed__wrapper\">\n<iframe loading=\"lazy\" title=\"HAMILTON E RUSSELL PODEM PENSAR EM T\u00cdTULO DA F1 COM MERCEDES VIVA DA SILVA? | TT GP #54\" width=\"500\" height=\"281\" src=\"https:\/\/www.youtube.com\/embed\/ojCuxUSIpxg?start=1485&amp;feature=oembed\" frameborder=\"0\" allow=\"accelerometer; autoplay; clipboard-write; encrypted-media; gyroscope; picture-in-picture; web-share\" referrerpolicy=\"strict-origin-when-cross-origin\" allowfullscreen><\/iframe>\n<\/div><figcaption>HAMILTON E RUSSELL PODEM PENSAR EM T\u00cdTULO DA F1 COM MERCEDES VIVA DA SILVA? | TT GP #54<\/figcaption><\/figure>\n\n\n\n<p class=\"wp-block-paragraph\">Em uma classifica\u00e7\u00e3o diferente realizada pela F\u00f3rmula 2 nesta sexta-feira (27), em que os 22 pilotos do grid foram divididos em dois grupos de 11, Liam Lawson garantiu a pole-position do GP de M\u00f4naco ao marcar 1min21s229 para colocar a Carlin na pole na corrida 2, a ser disputada no pr\u00f3ximo domingo. Como os dez primeiros do grid se invertem para a primeira corrida, Jake Hughes sai na frente no s\u00e1bado com a Van Amersfoort.<\/p>\n\n\n\n<p class=\"wp-block-paragraph\">O treino classificat\u00f3rio para o GP de M\u00f4naco foi bom para os brasileiros da F2, que v\u00e3o compor a terceira fila do grid. Felipe Drugovich marcou 1min21s348 e sai na quinta posi\u00e7\u00e3o, enquanto Enzo Fittipaldi fez 1min21s719 e larga logo atr\u00e1s. O piloto da MP chegou a liderar a classifica\u00e7\u00e3o, mas atingiu o guard-rail na parte final da sess\u00e3o e n\u00e3o conseguiu melhorar seu tempo.<\/p>\n\n\n\n<p class=\"wp-block-paragraph\">A batida do brasileiro ainda gerou certa pol\u00eamica, pois logo depois que Drugovich acertou o muro, Lawson anotou sua volta mais r\u00e1pida \u2014 em regime de bandeira amarela, quando os pilotos precisam diminuir a velocidade.<\/p>\n\n\n\n<p class=\"wp-block-paragraph\"><strong>\u25b6\ufe0f&nbsp;<a href=\"https:\/\/www.twitch.tv\/grandepremio\" target=\"_blank\" rel=\"noreferrer noopener\">Conhe\u00e7a o canal do GRANDE PR\u00caMIO na Twitch clicando aqui!<\/a><\/strong><\/p>\n\n\n\n<figure class=\"wp-block-image size-full\"><img decoding=\"async\" src=\"https:\/\/www.grandepremio.com\/br\/wp-content\/uploads\/2022\/05\/Pourchaire.jpg\" alt=\"\" class=\"wp-image-576138\"\/><figcaption>Th\u00e9o Pourchaire liderou o Grupo 2 e sai em segundo no GP de M\u00f4naco (Foto: F2)<\/figcaption><\/figure>\n\n\n\n<p class=\"wp-block-paragraph\"><strong>\u25b6\ufe0f&nbsp;Inscreva-se nos dois canais do GRANDE PR\u00caMIO no YouTube:&nbsp;<a href=\"https:\/\/www.youtube.com\/channel\/UC9OlHEgxoaY6QY6nWPoiqQg?sub_confirmation=1\" target=\"_blank\" rel=\"noreferrer noopener\">GP<\/a>&nbsp;|&nbsp;<a href=\"https:\/\/www.youtube.com\/channel\/UC9csiS6q_C3C0FYhyr1rnFA?sub_confirmation=1\" target=\"_blank\" rel=\"noreferrer noopener\">GP2<\/a><\/strong><\/p>\n\n\n\n<p class=\"wp-block-paragraph\"><strong>LEIA MAIS<br>\u2014 Drugovich <a href=\"https:\/\/www.grandepremio.com\/br\/f2\/noticias\/felipe-drugovich-quebra-tabu-primeiro-varrer-fim-de-semana-f2-desde-2016\/\" target=\"_blank\" aria-label=\"quebra tabu e vira primeiro a varrer fim de semana na (opens in a new tab)\" rel=\"noreferrer noopener\" class=\"ek-link\">quebra tabu e vira primeiro a varrer fim de semana na<\/a> F2 desde 2016<\/strong><\/p>\n\n\n\n<p class=\"wp-block-paragraph\">Como Lawson garantiu a pole, o grupo do neozeland\u00eas passou a determinar as posi\u00e7\u00f5es \u00edmpares do grid, enquanto a outra chave se coloca nas coloca\u00e7\u00f5es pares. Desta forma, Th\u00e9o Pourchaire assegurou a segunda posi\u00e7\u00e3o, seguido por Ayumu Iwasa, J\u00fcri Vips e Drugovich fechando o top-5.<\/p>\n\n\n\n<p class=\"wp-block-paragraph\">Fittipaldi foi o sexto, Jack Doohan sai em s\u00e9timo, Jehan Daruvala \u00e9 o oitavo, Marcus Armstrong fechou com o nono tempo e Jake Hughes completou o top-10. Essa ordem se inverte para a primeira corrida, no s\u00e1bado, com Hughes em primeiro, Armstrong em segundo, Daruvala em terceiro, assim por diante.<\/p>\n\n\n\n<p class=\"wp-block-paragraph\">Hughes, inclusive, foi o respons\u00e1vel pelo encerramento da classifica\u00e7\u00e3o. O piloto da Van Amersfoort bateu forte no S da Piscina e causou a interrup\u00e7\u00e3o do treino, que n\u00e3o foi mais retomado. A corrida 1 da F2 em M\u00f4naco acontece neste s\u00e1bado, a partir de 12h40 (hor\u00e1rio de Bras\u00edlia).<\/p>\n\n\n\n<h2 class=\"wp-block-heading\" id=\"h-formula-2-2022-gp-de-monaco-classificacao\">F\u00f3rmula 2 2022, GP de M\u00f4naco, Classifica\u00e7\u00e3o:<\/h2>\n\n\n\n<figure class=\"wp-block-table\"><table><tbody><tr><td>1<\/td><td>L LAWSON<\/td><td>Carlin<\/td><td>1:21.229<\/td><\/tr><tr><td>2<\/td><td>T POURCHAIRE<\/td><td>ART<\/td><td>1:21.535<\/td><\/tr><tr><td>3<\/td><td>A IWASA<\/td><td>DAMS<\/td><td>1:21.288<\/td><\/tr><tr><td>4<\/td><td>J VIPS<\/td><td>Hitech<\/td><td>1:21.618<\/td><\/tr><tr><td>5<\/td><td>F DRUGOVICH<\/td><td>MP<\/td><td>1:21.348<\/td><\/tr><tr><td>6<\/td><td>E FITTIPALDI<\/td><td>Charouz<\/td><td>1:21.719<\/td><\/tr><tr><td>7<\/td><td>J DOOHAN<\/td><td>Virtuosi Racing<\/td><td>1:21.432<\/td><\/tr><tr><td>8<\/td><td>J DARUVALA<\/td><td>Prema<\/td><td>1:21.928<\/td><\/tr><tr><td>9<\/td><td>M ARMSTRONG<\/td><td>Hitech<\/td><td>1:21.734<\/td><\/tr><tr><td>10<\/td><td>J HUGHES<\/td><td>Van Amersfoort<\/td><td>1:22.011<\/td><\/tr><tr><td>11<\/td><td>D HAUGER<\/td><td>Prema<\/td><td>1:21.817<\/td><\/tr><tr><td>12<\/td><td>R NISSANY<\/td><td>DAMS<\/td><td>1:22.017<\/td><\/tr><tr><td>13<\/td><td>R BOSCHUNG<\/td><td>Campos<\/td><td>1:21.859<\/td><\/tr><tr><td>14<\/td><td>L SARGEANT<\/td><td>Carlin<\/td><td>1:22.072<\/td><\/tr><tr><td>15<\/td><td>C WILLIAMS<\/td><td>Trident<\/td><td>1:21.985<\/td><\/tr><tr><td>16<\/td><td>C NOVALAK<\/td><td>MP<\/td><td>1:23.180<\/td><\/tr><tr><td>17<\/td><td>F VESTI<\/td><td>ART<\/td><td>1:22.703<\/td><\/tr><tr><td>18<\/td><td>M SATO<\/td><td>Virtuosi Racing<\/td><td>1:23.241<\/td><\/tr><tr><td>19<\/td><td>A CORDEEL<\/td><td>Van Amersfoort<\/td><td>1:22.762<\/td><\/tr><tr><td>20<\/td><td>O CALDWELL<\/td><td>Campos<\/td><td>1:23.498<\/td><\/tr><tr><td>21<\/td><td>C B\u00d6L\u00dcKBASI<\/td><td>Charouz<\/td><td>1:24.150<\/td><\/tr><tr><td>22<\/td><td>R VERSCHOOR<\/td><td>Trident<\/td><td>1:29.993<\/td><\/tr><\/tbody><\/table><\/figure>\n","protected":false},"excerpt":{"rendered":"<p>Liam Lawson completou classifica\u00e7\u00e3o da F\u00f3rmula 2 com a primeira posi\u00e7\u00e3o para o GP de M\u00f4naco, em dia que brasileiros Felipe Drugovich e Enzo Fittipaldi se garantiram no top-10<\/p>\n","protected":false},"author":0,"featured_media":1000576137,"comment_status":"closed","ping_status":"closed","sticky":false,"template":"","format":"standard","meta":{"42wp_featured_image_caption":"","42wp_featured_image_credits":"","42wp_featured_video":"","42wp_featured_image_hidden":false,"42wp_authors_list":[],"footnotes":""},"categories":[9],"tags":[6086,1158,290,409,147,29651,1024,25933,25072,24836,28285,595,764,4606,26113],"42wp_author":[47142],"class_list":["post-111962","post","type-post","status-publish","format-standard","has-post-thumbnail","hentry","category-f2","tag-art","tag-carlin","tag-charouz","tag-enzo-fittipaldi","tag-f1","tag-f2-2022","tag-felipe-drugovich","tag-formula-2-3","tag-gp-de-monaco-2","tag-grande-premio-2","tag-grandepremio","tag-liam-lawson","tag-monte-carlo","tag-mp","tag-theo-pourchaire-2","42wp_author-jp-nascimento"],"_links":{"self":[{"href":"https:\/\/grandepremio.com\/br\/wp-json\/wp\/v2\/posts\/111962","targetHints":{"allow":["GET"]}}],"collection":[{"href":"https:\/\/grandepremio.com\/br\/wp-json\/wp\/v2\/posts"}],"about":[{"href":"https:\/\/grandepremio.com\/br\/wp-json\/wp\/v2\/types\/post"}],"replies":[{"embeddable":true,"href":"https:\/\/grandepremio.com\/br\/wp-json\/wp\/v2\/comments?post=111962"}],"version-history":[{"count":0,"href":"https:\/\/grandepremio.com\/br\/wp-json\/wp\/v2\/posts\/111962\/revisions"}],"wp:featuredmedia":[{"embeddable":true,"href":"https:\/\/grandepremio.com\/br\/wp-json\/wp\/v2\/media\/1000576137"}],"wp:attachment":[{"href":"https:\/\/grandepremio.com\/br\/wp-json\/wp\/v2\/media?parent=111962"}],"wp:term":[{"taxonomy":"category","embeddable":true,"href":"https:\/\/grandepremio.com\/br\/wp-json\/wp\/v2\/categories?post=111962"},{"taxonomy":"post_tag","embeddable":true,"href":"https:\/\/grandepremio.com\/br\/wp-json\/wp\/v2\/tags?post=111962"},{"taxonomy":"42wp_author","embeddable":true,"href":"https:\/\/grandepremio.com\/br\/wp-json\/wp\/v2\/42wp_author?post=111962"}],"curies":[{"name":"wp","href":"https:\/\/api.w.org\/{rel}","templated":true}]}}